{"id":25795,"date":"2024-07-13T22:41:22","date_gmt":"2024-07-14T01:41:22","guid":{"rendered":"https:\/\/revistaepocadigital.com.ar\/?p=25795"},"modified":"2024-07-13T22:42:13","modified_gmt":"2024-07-14T01:42:13","slug":"el-atentado-contra-donald-trump-que-sacude-a-estados-unidos-y-al-mundo","status":"publish","type":"post","link":"https:\/\/revistaepocadigital.com.ar\/?p=25795","title":{"rendered":"El atentado contra Donald Trump que sacude a Estados Unidos y al mundo"},"content":{"rendered":"<p><strong>Donald Trump, candidato a presidente de Estados Unidos, v\u00edctima de un intento de asesinato mientras estaba en un acto de campa\u00f1a en Pennsylvania.<\/strong><!--more--><\/p>\n<p>En plena campa\u00f1a presidencial. Momentos de suma tensi\u00f3n se viven en los Estados Unidos En\u00a0 Pennsylvania, el candidato a presidente por el partido republicano, Donald Trump, fue v\u00edctima de un atentado contra su vida mientras estaba dando un discurso de campa\u00f1a. Fue herido en una de sus orejas, pero se encontraba \u201cbien\u201d y en un centro m\u00e9dico.<\/p>\n<p>Trump se encontraba en un acto electoral en Butler, estado de Pennsylvania. Mientras estaba en un escenario improvisado, rodeado de sus seguidores, se pudo escuchar una serie de tiros, lo que llev\u00f3 a que el candidato republicano se tire directamente al suelo.<\/p>\n<p>Segundos despu\u00e9s de este hecho, de acuerdo a im\u00e1genes de varios medios como la CNN, pudo levantarse y fue rodeado de inmediato por miembros del Servicio Secreto de los Estados Unidos. Mientras tanto, se pudo notar que Trump ten\u00eda sangre proveniente de una aparente herida en su oreja.<\/p>\n<p>Una vez que trat\u00f3 de movilizarse para salir del escenario, el ex presidente estadounidense levant\u00f3 su brazo para tranquilizar, pero tambi\u00e9n para animar a sus seguidores en el acto demostrando que se encontraba bien, pese a la herida. M\u00e1s tarde se inform\u00f3 que el autor de los disparos fue abatido por personal de seguridad, en el tremendo hecho tambi\u00e9n muri\u00f3 una persona que asist\u00eda al meeting pol\u00edtico.<\/p>\n<p>&nbsp;<\/p>\n<p>https:\/\/x.com\/i\/status\/1812268437629997515<\/p>\n<p>&nbsp;<\/p>\n","protected":false},"excerpt":{"rendered":"<p>Donald Trump, candidato a presidente de Estados Unidos, v\u00edctima de un intento de asesinato mientras estaba en un acto de campa\u00f1a en Pennsylvania.<\/p>\n","protected":false},"author":3,"featured_media":25799,"comment_status":"open","ping_status":"open","sticky":false,"template":"","format":"standard","meta":{"footnotes":"","jetpack_publicize_message":"","jetpack_publicize_feature_enabled":true,"jetpack_social_post_already_shared":true,"jetpack_social_options":{"image_generator_settings":{"template":"highway","default_image_id":0,"font":"","enabled":false},"version":2}},"categories":[17],"tags":[2006,2799],"class_list":["post-25795","post","type-post","status-publish","format-standard","has-post-thumbnail","hentry","category-politica","tag-atentado","tag-trump"],"jetpack_publicize_connections":[],"jetpack_featured_media_url":"https:\/\/revistaepocadigital.com.ar\/wp-content\/uploads\/2024\/07\/GSZrOzQX0AA4cPB.png","jetpack_likes_enabled":true,"_links":{"self":[{"href":"https:\/\/revistaepocadigital.com.ar\/index.php?rest_route=\/wp\/v2\/posts\/25795","targetHints":{"allow":["GET"]}}],"collection":[{"href":"https:\/\/revistaepocadigital.com.ar\/index.php?rest_route=\/wp\/v2\/posts"}],"about":[{"href":"https:\/\/revistaepocadigital.com.ar\/index.php?rest_route=\/wp\/v2\/types\/post"}],"author":[{"embeddable":true,"href":"https:\/\/revistaepocadigital.com.ar\/index.php?rest_route=\/wp\/v2\/users\/3"}],"replies":[{"embeddable":true,"href":"https:\/\/revistaepocadigital.com.ar\/index.php?rest_route=%2Fwp%2Fv2%2Fcomments&post=25795"}],"version-history":[{"count":0,"href":"https:\/\/revistaepocadigital.com.ar\/index.php?rest_route=\/wp\/v2\/posts\/25795\/revisions"}],"wp:featuredmedia":[{"embeddable":true,"href":"https:\/\/revistaepocadigital.com.ar\/index.php?rest_route=\/wp\/v2\/media\/25799"}],"wp:attachment":[{"href":"https:\/\/revistaepocadigital.com.ar\/index.php?rest_route=%2Fwp%2Fv2%2Fmedia&parent=25795"}],"wp:term":[{"taxonomy":"category","embeddable":true,"href":"https:\/\/revistaepocadigital.com.ar\/index.php?rest_route=%2Fwp%2Fv2%2Fcategories&post=25795"},{"taxonomy":"post_tag","embeddable":true,"href":"https:\/\/revistaepocadigital.com.ar\/index.php?rest_route=%2Fwp%2Fv2%2Ftags&post=25795"}],"curies":[{"name":"wp","href":"https:\/\/api.w.org\/{rel}","templated":true}]}}