{"id":25807,"date":"2024-07-15T02:40:29","date_gmt":"2024-07-15T05:40:29","guid":{"rendered":"https:\/\/revistaepocadigital.com.ar\/?p=25807"},"modified":"2024-07-15T02:40:29","modified_gmt":"2024-07-15T05:40:29","slug":"como-festejo-la-politica-la-consagracion-de-la-argentina","status":"publish","type":"post","link":"https:\/\/revistaepocadigital.com.ar\/?p=25807","title":{"rendered":"COMO FESTEJ\u00d3 LA POL\u00cdTICA LA CONSAGRACI\u00d3N DE LA ARGENTINA"},"content":{"rendered":"<header class=\"article-header-wrapper\">\n<div class=\"article-header\">\n<h5 class=\"article-subheadline left\"><strong>El presidente Javier Milei, funcionarios del gobierno Nacional, la ex mandataria Cristina Kirchner y otros dirigentes de todos los partidos celebraron la victoria del equipo conducido por Lionel Scaloni.<\/strong><\/h5>\n<\/div>\n<\/header>\n<p><!--more--><\/p>\n<article class=\"article\">\n<div class=\"sharebar-container\">\n<div class=\"sharebar-buttons-container\"><\/div>\n<\/div>\n<div class=\"body-article\">\n<p class=\"paragraph\" data-mrf-recirculation=\"Links inline\">Dirigentes oficialistas, opositores, todo el arco pol\u00edtico se expres\u00f3 luego de la hist\u00f3rica consagraci\u00f3n de la\u00a0<b>Selecci\u00f3n Argentina\u00a0<\/b>frente a Colombia en Miami.<\/p>\n<div class=\"news-module\" data-mrf-recirculation=\"IL_2_GB_9O-QPaEgG0T7rEvhQ\" data-testid=\"text-html\" data-mrf-experience=\"IL_2_GB_9O-QPaEgG0T7rEvhQ\">\n<div class=\"recommended-card__image-container\"><\/div>\n<\/div>\n<p class=\"paragraph\" data-mrf-recirculation=\"Links inline\"><b>\u201cVamos Argentina, carajo. Somos campeones otra vez\u201d<\/b>, public\u00f3 en su cuenta de X, el presidente\u00a0<b>Javier Milei<\/b>, junto con una imagen de\u00a0<b>Lautaro \u201cel toro\u201d Mart\u00ednez<\/b>, autor del 1 a 0 con el que la albiceleste gan\u00f3 el partido de esta noche.<\/p>\n<div class=\"visual__image\"><img loading=\"lazy\" decoding=\"async\" class=\"\" src=\"https:\/\/www.infobae.com\/new-resizer\/Eyl8mKa44OJJbHlfDg0h9UdET0M=\/420x420\/filters:format(webp):quality(85)\/cloudfront-us-east-1.images.arcpublishing.com\/infobae\/OZ5XTW6M7FEJXBO44DIABJYPKU.png%20420w\" sizes=\"auto, (min-width: 1560px) 856px, (min-width: 1000px) calc(74.63vw - 293px), (min-width: 780px) calc(100vw - 376px), (min-width: 580px) calc(100vw - 32px), 100vw\" srcset=\"https:\/\/www.infobae.com\/new-resizer\/Eyl8mKa44OJJbHlfDg0h9UdET0M=\/420x420\/filters:format(webp):quality(85)\/cloudfront-us-east-1.images.arcpublishing.com\/infobae\/OZ5XTW6M7FEJXBO44DIABJYPKU.png 420w,https:\/\/www.infobae.com\/new-resizer\/xlMVWTyLHu09rPCdWI0r2OEB1QU=\/768x768\/filters:format(webp):quality(85)\/cloudfront-us-east-1.images.arcpublishing.com\/infobae\/OZ5XTW6M7FEJXBO44DIABJYPKU.png 768w,https:\/\/www.infobae.com\/new-resizer\/ZOjuVJija-874Nxuo_lFlncEVTQ=\/992x992\/filters:format(webp):quality(85)\/cloudfront-us-east-1.images.arcpublishing.com\/infobae\/OZ5XTW6M7FEJXBO44DIABJYPKU.png 992w,https:\/\/www.infobae.com\/new-resizer\/Er8DIvRUEdEsdbNlHmLTdU7J78A=\/1200x1200\/filters:format(webp):quality(85)\/cloudfront-us-east-1.images.arcpublishing.com\/infobae\/OZ5XTW6M7FEJXBO44DIABJYPKU.png 1200w,https:\/\/www.infobae.com\/new-resizer\/ghWHwPdQTmUJzHUuhs50i0cxjGA=\/1440x1440\/filters:format(webp):quality(85)\/cloudfront-us-east-1.images.arcpublishing.com\/infobae\/OZ5XTW6M7FEJXBO44DIABJYPKU.png 1440w\" alt=\"infobae\" width=\"620\" height=\"548\" data-src=\"https:\/\/www.infobae.com\/new-resizer\/Eyl8mKa44OJJbHlfDg0h9UdET0M=\/420x420\/filters:format(webp):quality(85)\/cloudfront-us-east-1.images.arcpublishing.com\/infobae\/OZ5XTW6M7FEJXBO44DIABJYPKU.png 420w\" \/><\/div>\n<div class=\"inline ad-wrapper\">\n<div class=\"dfpAd ad-inline\">\n<div id=\"infobae\/politica\/nota\/inline\" class=\"infobae\/politica\/nota\/inline arcad\" data-google-query-id=\"CPHTi_OnqIcDFaUeuQYdy5gLMQ\">\n<div id=\"google_ads_iframe_\/1058609\/infobae\/politica\/nota\/inline_0__container__\"><\/div>\n<\/div>\n<\/div>\n<\/div>\n<p class=\"paragraph\" data-mrf-recirculation=\"Links inline\">\u201c\u00a1\u00a1Argentina Bicampe\u00f3n de Am\u00e9rica y Campe\u00f3n del Mundo!! \u00a1\u00a1Con esfuerzo, en equipo, con l\u00e1grimas pero CAMPEONES!! \u00a1No hay otro pa\u00eds donde habr\u00eda querido nacer, gracias Selecci\u00f3n Argentina por darnos esta alegr\u00eda a todos los argentinos!\u201d, expres\u00f3 por su parte la vicepresidenta,\u00a0<b>Victoria Villarruel<\/b>, junto con una imagen de ella festejando con una bandera celeste y blanca mientras de fondo se ve la imagen de Lionel Messi en la televisi\u00f3n festejando al t\u00e9rmino del encuentro.<\/p>\n<div class=\"news-module\" data-mrf-recirculation=\"IL_wv5lqF4aQ7G5etrMMyn62Q\" data-testid=\"text-html\" data-mrf-experience=\"IL_wv5lqF4aQ7G5etrMMyn62Q\">\n<div class=\"recommended-card__info\">\n<div class=\"recommended-card__info-button recommended-card__info-button--deportes\"><\/div>\n<\/div>\n<\/div>\n<p class=\"paragraph\" data-mrf-recirculation=\"Links inline\">En sus redes sociales tambi\u00e9n se manifest\u00f3 la ex mandataria,<b> Cristina Kirchner.<\/b>\u00a0<b>\u201cPor fin una buena noticia: Argentina otra vez campe\u00f3n de Am\u00e9rica. \u00a1Vamos todav\u00eda!\u201d<\/b>, dijo la referente de la oposici\u00f3n. Junto al comentario public\u00f3 fotos del plantel argentino, de Messi, de Lautaro y del \u201cfideo\u201d \u00c1ngel Di Mar\u00eda.<\/p>\n<div class=\"visual__image\"><img loading=\"lazy\" decoding=\"async\" class=\"\" src=\"https:\/\/www.infobae.com\/new-resizer\/97F-D4gm4ZnsKXSzB_voxGuBXTs=\/420x315\/filters:format(webp):quality(85)\/cloudfront-us-east-1.images.arcpublishing.com\/infobae\/UH4SXRNKHJGUDCDOAIGJSGA6N4.png%20420w\" sizes=\"auto, (min-width: 1560px) 856px, (min-width: 1000px) calc(74.63vw - 293px), (min-width: 780px) calc(100vw - 376px), (min-width: 580px) calc(100vw - 32px), 100vw\" srcset=\"https:\/\/www.infobae.com\/new-resizer\/97F-D4gm4ZnsKXSzB_voxGuBXTs=\/420x315\/filters:format(webp):quality(85)\/cloudfront-us-east-1.images.arcpublishing.com\/infobae\/UH4SXRNKHJGUDCDOAIGJSGA6N4.png 420w,https:\/\/www.infobae.com\/new-resizer\/kr2D6bpkMboEqhNnD7_aSlarfFA=\/768x576\/filters:format(webp):quality(85)\/cloudfront-us-east-1.images.arcpublishing.com\/infobae\/UH4SXRNKHJGUDCDOAIGJSGA6N4.png 768w,https:\/\/www.infobae.com\/new-resizer\/C-GTb8v3jrPhYW_OuapGd9SwVqc=\/992x744\/filters:format(webp):quality(85)\/cloudfront-us-east-1.images.arcpublishing.com\/infobae\/UH4SXRNKHJGUDCDOAIGJSGA6N4.png 992w,https:\/\/www.infobae.com\/new-resizer\/oAcnD_9ckmNQGrwMKZy9DFYrF9c=\/1200x900\/filters:format(webp):quality(85)\/cloudfront-us-east-1.images.arcpublishing.com\/infobae\/UH4SXRNKHJGUDCDOAIGJSGA6N4.png 1200w,https:\/\/www.infobae.com\/new-resizer\/sAIk8Wc3azicAwRTR2NXtxKCnxk=\/1440x1080\/filters:format(webp):quality(85)\/cloudfront-us-east-1.images.arcpublishing.com\/infobae\/UH4SXRNKHJGUDCDOAIGJSGA6N4.png 1440w\" alt=\"infobae\" width=\"653\" height=\"510\" data-src=\"https:\/\/www.infobae.com\/new-resizer\/97F-D4gm4ZnsKXSzB_voxGuBXTs=\/420x315\/filters:format(webp):quality(85)\/cloudfront-us-east-1.images.arcpublishing.com\/infobae\/UH4SXRNKHJGUDCDOAIGJSGA6N4.png 420w\" \/><\/div>\n<div class=\"inline_2_DSK ad-wrapper ad-desktop\">\n<div class=\"dfpAd ad-inline\">\n<div id=\"infobae\/politica\/nota\/inline_2_DSK\" class=\"infobae\/politica\/nota\/inline_2_DSK arcad\" data-google-query-id=\"COmP8PKnqIcDFVgCuQYdKXkIeQ\">\n<div id=\"google_ads_iframe_\/1058609\/infobae\/politica\/nota\/inline_2_DSK_0__container__\"><\/div>\n<\/div>\n<\/div>\n<\/div>\n<p class=\"paragraph\" data-mrf-recirculation=\"Links inline\">El ministro de Econom\u00eda,\u00a0<b>Luis Caputo<\/b>, se limit\u00f3 a subir un tuit con emojis de la bandera argentina y de una carita contenta.<\/p>\n<div class=\"news-module\" data-mrf-recirculation=\"IL_JkB3GTBFTj2urpbOlzOORQ\" data-testid=\"text-html\" data-mrf-experience=\"IL_JkB3GTBFTj2urpbOlzOORQ\">\n<div class=\"recommended-card__info\">El expresidente, <b>Alberto Fern\u00e1ndez<\/b>, celebr\u00f3 el triunfo e hizo una menci\u00f3n especial a Di Mar\u00eda, quien esta noche se despidi\u00f3 del seleccionado nacional de f\u00fatbol: \u201c\u00a1Vamos Argentina! Eterno, \u00c1ngel\u201d.<\/div>\n<div><\/div>\n<\/div>\n<p class=\"paragraph\" data-mrf-recirculation=\"Links inline\">Por su parte, el gobernador de la provincia de Buenos Aires,\u00a0<b>Axel Kicillof<\/b>, comparti\u00f3 una publicaci\u00f3n de la cuenta oficial de la Selecci\u00f3n Argentina y agreg\u00f3: \u201c\u00a1Enorme Argentina, bicampe\u00f3n de Am\u00e9rica!\u201d<\/p>\n<div class=\"visual__image\"><\/div>\n<p class=\"paragraph\" data-mrf-recirculation=\"Links inline\">En su cuenta de\u00a0<i>X<\/i>,\u00a0<b>Daniel Scioli<\/b>, secretario de Turismo, Ambiente, Deportes, expres\u00f3 su alegr\u00eda por el triunfo y felicit\u00f3 al plantel bicampe\u00f3n de la Copa Am\u00e9rica: \u201cARGENTINA CAMPE\u00d3N DE AM\u00c9RICA Una alegr\u00eda inmensa ver consagrarse a la Selecci\u00f3n Argentina de F\u00fatbol nuevamente campeona de Am\u00e9rica\u201d.<\/p>\n<p class=\"paragraph\" data-mrf-recirculation=\"Links inline\">\u201cFelicitaciones a nuestros jugadores, al cuerpo t\u00e9cnico y a todos los que integran la Selecci\u00f3n, quienes demostraron en cada partido que con esfuerzo, disciplina y sacrificio, encarnan el verdadero esp\u00edritu del deporte argentino, llevando nuestra bandera a lo m\u00e1s alto. \u00a1VAMOS ARGENTINA!\u201d, agreg\u00f3 el funcionario del Gobierno Nacional.<\/p>\n<div class=\"visual__image\"><img loading=\"lazy\" decoding=\"async\" class=\"\" src=\"https:\/\/www.infobae.com\/new-resizer\/xecNaSewUHP6_TTRy2SylhFpN7g=\/420x280\/filters:format(webp):quality(85)\/cloudfront-us-east-1.images.arcpublishing.com\/infobae\/6QB2PO3RHRAC7CDUXZMLDYHJBM.png%20420w\" sizes=\"auto, (min-width: 1560px) 856px, (min-width: 1000px) calc(74.63vw - 293px), (min-width: 780px) calc(100vw - 376px), (min-width: 580px) calc(100vw - 32px), 100vw\" srcset=\"https:\/\/www.infobae.com\/new-resizer\/xecNaSewUHP6_TTRy2SylhFpN7g=\/420x280\/filters:format(webp):quality(85)\/cloudfront-us-east-1.images.arcpublishing.com\/infobae\/6QB2PO3RHRAC7CDUXZMLDYHJBM.png 420w,https:\/\/www.infobae.com\/new-resizer\/HombBaY-8hRtNm08fSzHewB53PQ=\/768x512\/filters:format(webp):quality(85)\/cloudfront-us-east-1.images.arcpublishing.com\/infobae\/6QB2PO3RHRAC7CDUXZMLDYHJBM.png 768w,https:\/\/www.infobae.com\/new-resizer\/cf6-ALDrskuaPKGEklusjPOGClQ=\/992x661\/filters:format(webp):quality(85)\/cloudfront-us-east-1.images.arcpublishing.com\/infobae\/6QB2PO3RHRAC7CDUXZMLDYHJBM.png 992w,https:\/\/www.infobae.com\/new-resizer\/AMRGW0RJqMPBTtGOkGNaeaWr6N8=\/1200x800\/filters:format(webp):quality(85)\/cloudfront-us-east-1.images.arcpublishing.com\/infobae\/6QB2PO3RHRAC7CDUXZMLDYHJBM.png 1200w,https:\/\/www.infobae.com\/new-resizer\/G9gfQ_huOuCw-6i8_3XbH_WqxYc=\/1440x960\/filters:format(webp):quality(85)\/cloudfront-us-east-1.images.arcpublishing.com\/infobae\/6QB2PO3RHRAC7CDUXZMLDYHJBM.png 1440w\" alt=\"infobae\" width=\"654\" height=\"457\" data-src=\"https:\/\/www.infobae.com\/new-resizer\/xecNaSewUHP6_TTRy2SylhFpN7g=\/420x280\/filters:format(webp):quality(85)\/cloudfront-us-east-1.images.arcpublishing.com\/infobae\/6QB2PO3RHRAC7CDUXZMLDYHJBM.png 420w\" \/><\/div>\n<p class=\"paragraph\" data-mrf-recirculation=\"Links inline\">\u201cQue orgullo esta selecci\u00f3n, hist\u00f3rico. Viva Argentina, carajo\u201d, manifest\u00f3 el ex ministro de Econom\u00eda y candidato a la presidencia,\u00a0<b>Sergio Massa<\/b>. \u201cGracias Lio, Fideo y todo el equipo por defender los colores y darnos otra alegr\u00eda m\u00e1s\u201d, a\u00f1adi\u00f3 el l\u00edder del Frente Renovador.<\/p>\n<div class=\"visual__image\"><img loading=\"lazy\" decoding=\"async\" class=\"\" src=\"https:\/\/www.infobae.com\/new-resizer\/Kr3cK0NDV5wNNWwE8mC720STRHk=\/420x236\/filters:format(webp):quality(85)\/cloudfront-us-east-1.images.arcpublishing.com\/infobae\/3IYIISU6LNCE5BZ6GBVYX74E4I.png%20420w\" sizes=\"auto, (min-width: 1560px) 856px, (min-width: 1000px) calc(74.63vw - 293px), (min-width: 780px) calc(100vw - 376px), (min-width: 580px) calc(100vw - 32px), 100vw\" srcset=\"https:\/\/www.infobae.com\/new-resizer\/Kr3cK0NDV5wNNWwE8mC720STRHk=\/420x236\/filters:format(webp):quality(85)\/cloudfront-us-east-1.images.arcpublishing.com\/infobae\/3IYIISU6LNCE5BZ6GBVYX74E4I.png 420w,https:\/\/www.infobae.com\/new-resizer\/nZtDmTtu7tRVcqJkPmor8msifUU=\/768x432\/filters:format(webp):quality(85)\/cloudfront-us-east-1.images.arcpublishing.com\/infobae\/3IYIISU6LNCE5BZ6GBVYX74E4I.png 768w,https:\/\/www.infobae.com\/new-resizer\/w_erQkdRRottZxjOd5c508rrCek=\/992x558\/filters:format(webp):quality(85)\/cloudfront-us-east-1.images.arcpublishing.com\/infobae\/3IYIISU6LNCE5BZ6GBVYX74E4I.png 992w,https:\/\/www.infobae.com\/new-resizer\/6P2NJaLFUvv5DZuUmIyJJTbI3bs=\/1200x675\/filters:format(webp):quality(85)\/cloudfront-us-east-1.images.arcpublishing.com\/infobae\/3IYIISU6LNCE5BZ6GBVYX74E4I.png 1200w,https:\/\/www.infobae.com\/new-resizer\/OX5nsQiIVZtJKb847yqMYsyKeoE=\/1440x810\/filters:format(webp):quality(85)\/cloudfront-us-east-1.images.arcpublishing.com\/infobae\/3IYIISU6LNCE5BZ6GBVYX74E4I.png 1440w\" alt=\"infobae\" width=\"622\" height=\"318\" data-src=\"https:\/\/www.infobae.com\/new-resizer\/Kr3cK0NDV5wNNWwE8mC720STRHk=\/420x236\/filters:format(webp):quality(85)\/cloudfront-us-east-1.images.arcpublishing.com\/infobae\/3IYIISU6LNCE5BZ6GBVYX74E4I.png 420w\" \/><\/div>\n<p class=\"paragraph\" data-mrf-recirculation=\"Links inline\">Del oficialismo tambi\u00e9n se pronunci\u00f3 la ministra de Seguridad de la Naci\u00f3n,\u00a0<b>Patricia Bullrich<\/b>. Al igual que el presidente, subi\u00f3 una foto de Lautaro Mart\u00ednez, junto a Messi, y la leyenda: \u201cVamos Argentina, carajo. Siempre adelante\u201d.<\/p>\n<div class=\"visual__image\"><img loading=\"lazy\" decoding=\"async\" class=\"\" src=\"https:\/\/www.infobae.com\/new-resizer\/AiAEm_fe6utTS1hVRf99NJ6EEUw=\/arc-anglerfish-arc2-prod-infobae\/public\/BT7J25RBBNCGBGKUISELAALQWE.png\" alt=\"infobae\" width=\"622\" height=\"203\" data-src=\"https:\/\/www.infobae.com\/new-resizer\/AiAEm_fe6utTS1hVRf99NJ6EEUw=\/arc-anglerfish-arc2-prod-infobae\/public\/BT7J25RBBNCGBGKUISELAALQWE.png\" \/><\/div>\n<\/div>\n<p>Nota publicada en Infobae.com<br \/>\nFoto portada gentileza Reuters<\/p>\n<\/article>\n","protected":false},"excerpt":{"rendered":"<p>El presidente Javier Milei, funcionarios del gobierno Nacional, la ex mandataria Cristina Kirchner y otros dirigentes de todos los partidos celebraron la victoria del equipo conducido por Lionel Scaloni.<\/p>\n","protected":false},"author":3,"featured_media":25811,"comment_status":"open","ping_status":"open","sticky":false,"template":"","format":"standard","meta":{"footnotes":"","jetpack_publicize_message":"","jetpack_publicize_feature_enabled":true,"jetpack_social_post_already_shared":true,"jetpack_social_options":{"image_generator_settings":{"template":"highway","default_image_id":0,"font":"","enabled":false},"version":2}},"categories":[17],"tags":[451,2795,2800],"class_list":["post-25807","post","type-post","status-publish","format-standard","has-post-thumbnail","hentry","category-politica","tag-campeones","tag-copa-america","tag-politicos"],"jetpack_publicize_connections":[],"jetpack_featured_media_url":"https:\/\/revistaepocadigital.com.ar\/wp-content\/uploads\/2024\/07\/messi-dima-copa.avif","jetpack_likes_enabled":true,"_links":{"self":[{"href":"https:\/\/revistaepocadigital.com.ar\/index.php?rest_route=\/wp\/v2\/posts\/25807","targetHints":{"allow":["GET"]}}],"collection":[{"href":"https:\/\/revistaepocadigital.com.ar\/index.php?rest_route=\/wp\/v2\/posts"}],"about":[{"href":"https:\/\/revistaepocadigital.com.ar\/index.php?rest_route=\/wp\/v2\/types\/post"}],"author":[{"embeddable":true,"href":"https:\/\/revistaepocadigital.com.ar\/index.php?rest_route=\/wp\/v2\/users\/3"}],"replies":[{"embeddable":true,"href":"https:\/\/revistaepocadigital.com.ar\/index.php?rest_route=%2Fwp%2Fv2%2Fcomments&post=25807"}],"version-history":[{"count":0,"href":"https:\/\/revistaepocadigital.com.ar\/index.php?rest_route=\/wp\/v2\/posts\/25807\/revisions"}],"wp:featuredmedia":[{"embeddable":true,"href":"https:\/\/revistaepocadigital.com.ar\/index.php?rest_route=\/wp\/v2\/media\/25811"}],"wp:attachment":[{"href":"https:\/\/revistaepocadigital.com.ar\/index.php?rest_route=%2Fwp%2Fv2%2Fmedia&parent=25807"}],"wp:term":[{"taxonomy":"category","embeddable":true,"href":"https:\/\/revistaepocadigital.com.ar\/index.php?rest_route=%2Fwp%2Fv2%2Fcategories&post=25807"},{"taxonomy":"post_tag","embeddable":true,"href":"https:\/\/revistaepocadigital.com.ar\/index.php?rest_route=%2Fwp%2Fv2%2Ftags&post=25807"}],"curies":[{"name":"wp","href":"https:\/\/api.w.org\/{rel}","templated":true}]}}