{"id":2583,"date":"2019-06-06T21:33:07","date_gmt":"2019-06-07T00:33:07","guid":{"rendered":"https:\/\/revistaepocadigital.com.ar\/?p=2583"},"modified":"2019-06-06T21:33:07","modified_gmt":"2019-06-07T00:33:07","slug":"volver-a-nuestro-origen","status":"publish","type":"post","link":"https:\/\/revistaepocadigital.com.ar\/?p=2583","title":{"rendered":"VOLVER A NUESTRO ORIGEN"},"content":{"rendered":"<p><strong>&#8220;ORIGEN PULPER\u00cdA&#8221; COMENZ\u00d3 COMO TODO PROYECTO, COMO UN SUE\u00d1O. PARA DISFRUTAR EN PLENO CAMPO.<\/strong><!--more--><\/p>\n<figure id=\"attachment_2589\" aria-describedby=\"caption-attachment-2589\" style=\"width: 696px\" class=\"wp-caption aligncenter\"><img loading=\"lazy\" decoding=\"async\" class=\"size-large wp-image-2589\" src=\"https:\/\/revistaepocadigital.com.ar\/wp-content\/uploads\/2019\/06\/3-1024x683.jpg\" alt=\"\" width=\"696\" height=\"464\" srcset=\"https:\/\/revistaepocadigital.com.ar\/wp-content\/uploads\/2019\/06\/3-1024x683.jpg 1024w, https:\/\/revistaepocadigital.com.ar\/wp-content\/uploads\/2019\/06\/3-300x200.jpg 300w, https:\/\/revistaepocadigital.com.ar\/wp-content\/uploads\/2019\/06\/3-768x512.jpg 768w, https:\/\/revistaepocadigital.com.ar\/wp-content\/uploads\/2019\/06\/3-696x464.jpg 696w, https:\/\/revistaepocadigital.com.ar\/wp-content\/uploads\/2019\/06\/3-1068x712.jpg 1068w, https:\/\/revistaepocadigital.com.ar\/wp-content\/uploads\/2019\/06\/3-630x420.jpg 630w, https:\/\/revistaepocadigital.com.ar\/wp-content\/uploads\/2019\/06\/3-1260x840.jpg 1260w, https:\/\/revistaepocadigital.com.ar\/wp-content\/uploads\/2019\/06\/3-1920x1280.jpg 1920w\" sizes=\"auto, (max-width: 696px) 100vw, 696px\" \/><figcaption id=\"caption-attachment-2589\" class=\"wp-caption-text\">Mucho verde, arboleda, campo, aire puro, en Chenaut, Origen Pulper\u00eda.<\/figcaption><\/figure>\n<p>Un sue\u00f1o que se fue gestando poco a poco en la mente de <strong>Gustavo Grimaldi,<\/strong> un emprendedor de <strong>Capilla del Se\u00f1or<\/strong>, pintoresco pueblo cabecera del partido de <strong>Exaltaci\u00f3n de la Cruz,<\/strong> en la provincia de Buenos Aires a unos 90 kms de la ciudad de Buenos Aires.<\/p>\n<p>Y <strong>Gustavo<\/strong> ni ni bien encontr\u00f3 \u201cel lugar\u201d indicado para realizarlo, no dudo y puso manos a la obra.<\/p>\n<figure id=\"attachment_2590\" aria-describedby=\"caption-attachment-2590\" style=\"width: 683px\" class=\"wp-caption aligncenter\"><img loading=\"lazy\" decoding=\"async\" class=\"size-large wp-image-2590\" src=\"https:\/\/revistaepocadigital.com.ar\/wp-content\/uploads\/2019\/06\/2-683x1024.jpg\" alt=\"\" width=\"683\" height=\"1024\" srcset=\"https:\/\/revistaepocadigital.com.ar\/wp-content\/uploads\/2019\/06\/2-683x1024.jpg 683w, https:\/\/revistaepocadigital.com.ar\/wp-content\/uploads\/2019\/06\/2-200x300.jpg 200w, https:\/\/revistaepocadigital.com.ar\/wp-content\/uploads\/2019\/06\/2-768x1152.jpg 768w, https:\/\/revistaepocadigital.com.ar\/wp-content\/uploads\/2019\/06\/2-696x1044.jpg 696w, https:\/\/revistaepocadigital.com.ar\/wp-content\/uploads\/2019\/06\/2-1068x1602.jpg 1068w, https:\/\/revistaepocadigital.com.ar\/wp-content\/uploads\/2019\/06\/2-280x420.jpg 280w, https:\/\/revistaepocadigital.com.ar\/wp-content\/uploads\/2019\/06\/2-560x840.jpg 560w, https:\/\/revistaepocadigital.com.ar\/wp-content\/uploads\/2019\/06\/2-1920x2880.jpg 1920w\" sizes=\"auto, (max-width: 683px) 100vw, 683px\" \/><figcaption id=\"caption-attachment-2590\" class=\"wp-caption-text\">Una vista del interior de la pulper\u00eda.<\/figcaption><\/figure>\n<p>Llev\u00f3 muchas horas de trabajo y esfuerzo para poner el lugar en condiciones, con todos los contratiempos y dificultades que conlleva poner en valor un edificio antiguo, hermoso pero cerrado hac\u00eda mucho tiempo.<\/p>\n<p>Hoy ya <strong>es una realidad<\/strong> que, gracias al apoyo y acompa\u00f1amiento de la familia y amigos, se afianza.<\/p>\n<figure id=\"attachment_2591\" aria-describedby=\"caption-attachment-2591\" style=\"width: 696px\" class=\"wp-caption aligncenter\"><img loading=\"lazy\" decoding=\"async\" class=\"size-large wp-image-2591\" src=\"https:\/\/revistaepocadigital.com.ar\/wp-content\/uploads\/2019\/06\/4-1024x683.jpg\" alt=\"\" width=\"696\" height=\"464\" srcset=\"https:\/\/revistaepocadigital.com.ar\/wp-content\/uploads\/2019\/06\/4-1024x683.jpg 1024w, https:\/\/revistaepocadigital.com.ar\/wp-content\/uploads\/2019\/06\/4-300x200.jpg 300w, https:\/\/revistaepocadigital.com.ar\/wp-content\/uploads\/2019\/06\/4-768x512.jpg 768w, https:\/\/revistaepocadigital.com.ar\/wp-content\/uploads\/2019\/06\/4-696x464.jpg 696w, https:\/\/revistaepocadigital.com.ar\/wp-content\/uploads\/2019\/06\/4-1068x712.jpg 1068w, https:\/\/revistaepocadigital.com.ar\/wp-content\/uploads\/2019\/06\/4-630x420.jpg 630w, https:\/\/revistaepocadigital.com.ar\/wp-content\/uploads\/2019\/06\/4-1260x840.jpg 1260w, https:\/\/revistaepocadigital.com.ar\/wp-content\/uploads\/2019\/06\/4-1920x1280.jpg 1920w\" sizes=\"auto, (max-width: 696px) 100vw, 696px\" \/><figcaption id=\"caption-attachment-2591\" class=\"wp-caption-text\">Una pulperia de las de antes, para disfrutar ahora.<\/figcaption><\/figure>\n<p><strong>\u00bfDonde se encuentra Origen Pulper\u00eda?<\/strong>, en el paraje de <strong>Puerto Chenau<\/strong>t en el mismo partido de Exaltaci\u00f3n de la Cruz, en plena zona agr\u00edcola y ganadera, en el campo donde los<strong> aman la naturaleza y el aire puro, est\u00e1n m\u00e1s que de parabiene<\/strong>s.<\/p>\n<p>Con <strong>Origen<\/strong>, se ha dado el puntapi\u00e9 inicial de lo que ser\u00e1 un importante polo gastron\u00f3mico en la zona.<\/p>\n<p>Apoyando el crecimiento de <strong>Puerto Chenaut, la Sociedad Rural de la Provincia de Buenos Aires<\/strong> tiene su predio ferial a pocos metros de <strong>Origen Pulper\u00eda,<\/strong> sum\u00e1ndose a la propuesta de fomentar el turismo rural y rescatar el valor del campo en las econom\u00edas regionales.<\/p>\n<p>Aguardan a quienes llevan adelante tan singular emprendimiento, muchos desaf\u00edos y concretar a\u00fan m\u00e1s sue\u00f1os, <em>&#8220;pero estamos seguros que elegimos el camino correcto. Todo lo que hacemos est\u00e1 hecho con el coraz\u00f3n y mucho esfuerzo&#8221;,<\/em> dice la gente de Origen a EPOCA.<\/p>\n<p><em>&#8220;En Origen<\/em> -apunta Maky- c<em>ontamos con un almac\u00e9n de campo en donde se pueden adquirir, entre otras cosas, bebidas, fiambres caseros, carnes y verduras&#8221;. La propuesta incluye parrilla, pastas, picadas de campo, empanadas y platos t\u00edpicos seg\u00fan la estaci\u00f3n&#8221;.<\/em><\/p>\n<p>Origen Pulper\u00eda abre su lugar de <strong>martes a domingo desde las 10 hasta las 22 horas,<\/strong> <em>&#8220;nuestras tranqueras siempre abiertas para recibirlos&#8221;<\/em>, recuerdan.<\/p>\n<p><strong>Origen es ra\u00edces<\/strong>, es un alto en el camino para encontrarse con amigos, es la excusa ideal para pasar un d\u00eda en el campo sin preocupaciones. <em>&#8220;Origen sos vos, somos todos los que elegimos un estilo de vida&#8221;<\/em> asegura <strong>Maky<\/strong>, la encargada de prensa del emprendimiento.<\/p>\n<figure id=\"attachment_2592\" aria-describedby=\"caption-attachment-2592\" style=\"width: 696px\" class=\"wp-caption aligncenter\"><img loading=\"lazy\" decoding=\"async\" class=\"size-large wp-image-2592\" src=\"https:\/\/revistaepocadigital.com.ar\/wp-content\/uploads\/2019\/06\/5-1024x683.jpg\" alt=\"\" width=\"696\" height=\"464\" srcset=\"https:\/\/revistaepocadigital.com.ar\/wp-content\/uploads\/2019\/06\/5-1024x683.jpg 1024w, https:\/\/revistaepocadigital.com.ar\/wp-content\/uploads\/2019\/06\/5-300x200.jpg 300w, https:\/\/revistaepocadigital.com.ar\/wp-content\/uploads\/2019\/06\/5-768x512.jpg 768w, https:\/\/revistaepocadigital.com.ar\/wp-content\/uploads\/2019\/06\/5-696x464.jpg 696w, https:\/\/revistaepocadigital.com.ar\/wp-content\/uploads\/2019\/06\/5-1068x712.jpg 1068w, https:\/\/revistaepocadigital.com.ar\/wp-content\/uploads\/2019\/06\/5-630x420.jpg 630w, https:\/\/revistaepocadigital.com.ar\/wp-content\/uploads\/2019\/06\/5-1260x840.jpg 1260w, https:\/\/revistaepocadigital.com.ar\/wp-content\/uploads\/2019\/06\/5-1920x1280.jpg 1920w\" sizes=\"auto, (max-width: 696px) 100vw, 696px\" \/><figcaption id=\"caption-attachment-2592\" class=\"wp-caption-text\">Y si quer\u00e9s, pod\u00e9s comprar productos t\u00ecpicos y caseros.<\/figcaption><\/figure>\n<p>Ac\u00e1 <strong>m\u00e1s info sobre Origen Pulper\u00eda<\/strong>:<\/p>\n<p><strong>Donde se encuentra<\/strong>: Ruta Nacional 193 km.22. Paraje Puerto Chenaut, Exaltaci\u00f3n de la Cruz, provincia de Buenos Aires<\/p>\n<p>D<strong>onde pod\u00e9s encontras m\u00e1s data:<\/strong> Facebook: https:\/\/www.facebook.com\/origenpulperia\/<\/p>\n<p><strong>Contactos<\/strong>: 11 7025-9881 (Gustavo). 11 3180-7556 (Carolina). 11 6712-3764 (Maky)<\/p>\n<p><strong>Donde pod\u00e9s hacer tu reserva<\/strong>: a trav\u00e9s de la fan page en Facebook.<\/p>\n<p><strong>El s\u00e1bado 8 de junio la inauguraci\u00f3n del m\u00e1stil:<\/strong> Entre los eventos que se ir\u00e1n produciendo en el establecimiento, el que representa un paso muy importante para la zona. &#8220;En Origen Pulper\u00eda, realizamos un peque\u00f1o acto, inaugurando nuestro m\u00e1stil, que quedar\u00e1 plasmado en una placa indicando que un 30 de marzo pas\u00f3 por primera vez el tren por Chenaut. Fecha que fuera declarada de inter\u00e9s municipal por el intendente Adri\u00e1n S\u00e1nchez, y establecida para festejar de ahora en m\u00e1s, ese importante suceso para la vida de los pobladores de Puerto Chenaut y alrededores.<br \/>\nEra al mediod\u00eda y se invita a vecinos y amigos a compartir el momento.<\/p>\n<p>&nbsp;<\/p>\n<p>Fotos: prensa Origen Pulper\u00eda.<\/p>\n","protected":false},"excerpt":{"rendered":"<p>&#8220;ORIGEN PULPER\u00cdA&#8221; COMENZ\u00d3 COMO TODO PROYECTO, COMO UN SUE\u00d1O. PARA DISFRUTAR EN PLENO CAMPO.<\/p>\n","protected":false},"author":4,"featured_media":2586,"comment_status":"open","ping_status":"open","sticky":false,"template":"","format":"standard","meta":{"footnotes":"","jetpack_publicize_message":"","jetpack_publicize_feature_enabled":true,"jetpack_social_post_already_shared":false,"jetpack_social_options":{"image_generator_settings":{"template":"highway","default_image_id":0,"font":"","enabled":false},"version":2}},"categories":[13],"tags":[37,368,367],"class_list":["post-2583","post","type-post","status-publish","format-standard","has-post-thumbnail","hentry","category-interes-general","tag-destacada","tag-grimaldi","tag-origen-pulperia"],"jetpack_publicize_connections":[],"jetpack_featured_media_url":"https:\/\/revistaepocadigital.com.ar\/wp-content\/uploads\/2019\/06\/1.jpg","jetpack_likes_enabled":true,"_links":{"self":[{"href":"https:\/\/revistaepocadigital.com.ar\/index.php?rest_route=\/wp\/v2\/posts\/2583","targetHints":{"allow":["GET"]}}],"collection":[{"href":"https:\/\/revistaepocadigital.com.ar\/index.php?rest_route=\/wp\/v2\/posts"}],"about":[{"href":"https:\/\/revistaepocadigital.com.ar\/index.php?rest_route=\/wp\/v2\/types\/post"}],"author":[{"embeddable":true,"href":"https:\/\/revistaepocadigital.com.ar\/index.php?rest_route=\/wp\/v2\/users\/4"}],"replies":[{"embeddable":true,"href":"https:\/\/revistaepocadigital.com.ar\/index.php?rest_route=%2Fwp%2Fv2%2Fcomments&post=2583"}],"version-history":[{"count":0,"href":"https:\/\/revistaepocadigital.com.ar\/index.php?rest_route=\/wp\/v2\/posts\/2583\/revisions"}],"wp:featuredmedia":[{"embeddable":true,"href":"https:\/\/revistaepocadigital.com.ar\/index.php?rest_route=\/wp\/v2\/media\/2586"}],"wp:attachment":[{"href":"https:\/\/revistaepocadigital.com.ar\/index.php?rest_route=%2Fwp%2Fv2%2Fmedia&parent=2583"}],"wp:term":[{"taxonomy":"category","embeddable":true,"href":"https:\/\/revistaepocadigital.com.ar\/index.php?rest_route=%2Fwp%2Fv2%2Fcategories&post=2583"},{"taxonomy":"post_tag","embeddable":true,"href":"https:\/\/revistaepocadigital.com.ar\/index.php?rest_route=%2Fwp%2Fv2%2Ftags&post=2583"}],"curies":[{"name":"wp","href":"https:\/\/api.w.org\/{rel}","templated":true}]}}