{"id":25841,"date":"2024-07-24T16:19:39","date_gmt":"2024-07-24T19:19:39","guid":{"rendered":"https:\/\/revistaepocadigital.com.ar\/?p=25841"},"modified":"2024-07-25T16:30:27","modified_gmt":"2024-07-25T19:30:27","slug":"las-vacaciones-de-invierno-en-el-distrito","status":"publish","type":"post","link":"https:\/\/revistaepocadigital.com.ar\/?p=25841","title":{"rendered":"Las vacaciones de invierno en el distrito. A aprovechar los \u00faltimos d\u00edas!"},"content":{"rendered":"<p><strong>EL MOMENTO DEL A\u00d1O EN QUE MUCHOS DISFRUTAN EN FAMILIA Y CON LOS CHICOS.<\/strong><br \/>\n<!--more--><\/p>\n<p><img loading=\"lazy\" decoding=\"async\" class=\"aligncenter size-full wp-image-26028\" src=\"https:\/\/revistaepocadigital.com.ar\/wp-content\/uploads\/2024\/07\/451483158_849586327218258_5052713746437730348_n-1.jpg\" alt=\"\" width=\"672\" height=\"672\" srcset=\"https:\/\/revistaepocadigital.com.ar\/wp-content\/uploads\/2024\/07\/451483158_849586327218258_5052713746437730348_n-1.jpg 672w, https:\/\/revistaepocadigital.com.ar\/wp-content\/uploads\/2024\/07\/451483158_849586327218258_5052713746437730348_n-1-300x300.jpg 300w, https:\/\/revistaepocadigital.com.ar\/wp-content\/uploads\/2024\/07\/451483158_849586327218258_5052713746437730348_n-1-150x150.jpg 150w, https:\/\/revistaepocadigital.com.ar\/wp-content\/uploads\/2024\/07\/451483158_849586327218258_5052713746437730348_n-1-420x420.jpg 420w\" sizes=\"auto, (max-width: 672px) 100vw, 672px\" \/><\/p>\n<p><img loading=\"lazy\" decoding=\"async\" class=\"aligncenter size-full wp-image-25842\" src=\"https:\/\/revistaepocadigital.com.ar\/wp-content\/uploads\/2024\/07\/vvvvvv.jpg\" alt=\"\" width=\"600\" height=\"600\" srcset=\"https:\/\/revistaepocadigital.com.ar\/wp-content\/uploads\/2024\/07\/vvvvvv.jpg 600w, https:\/\/revistaepocadigital.com.ar\/wp-content\/uploads\/2024\/07\/vvvvvv-300x300.jpg 300w, https:\/\/revistaepocadigital.com.ar\/wp-content\/uploads\/2024\/07\/vvvvvv-150x150.jpg 150w, https:\/\/revistaepocadigital.com.ar\/wp-content\/uploads\/2024\/07\/vvvvvv-420x420.jpg 420w\" sizes=\"auto, (max-width: 600px) 100vw, 600px\" \/><\/p>\n<p><img loading=\"lazy\" decoding=\"async\" class=\"aligncenter size-full wp-image-25846\" src=\"https:\/\/revistaepocadigital.com.ar\/wp-content\/uploads\/2024\/07\/MM-1.jpg\" alt=\"\" width=\"528\" height=\"396\" srcset=\"https:\/\/revistaepocadigital.com.ar\/wp-content\/uploads\/2024\/07\/MM-1.jpg 528w, https:\/\/revistaepocadigital.com.ar\/wp-content\/uploads\/2024\/07\/MM-1-300x225.jpg 300w, https:\/\/revistaepocadigital.com.ar\/wp-content\/uploads\/2024\/07\/MM-1-80x60.jpg 80w, https:\/\/revistaepocadigital.com.ar\/wp-content\/uploads\/2024\/07\/MM-1-160x120.jpg 160w, https:\/\/revistaepocadigital.com.ar\/wp-content\/uploads\/2024\/07\/MM-1-265x198.jpg 265w\" sizes=\"auto, (max-width: 528px) 100vw, 528px\" \/><\/p>\n<p>Actividades deportivas y recreativas en diversas localidades del distrito como Carlos Leme\u00e9, Barrio Mar\u00edn y en el Centro Cultural Cosmopolita. Tambi\u00e9n en la Casa del Joven con cine y en la Cosmopolita en el Taller de arte y cuentos..<\/p>\n","protected":false},"excerpt":{"rendered":"<p>EL MOMENTO DEL A\u00d1O EN QUE MUCHOS DISFRUTAN EN FAMILIA Y CON LOS CHICOS.<\/p>\n","protected":false},"author":3,"featured_media":25845,"comment_status":"open","ping_status":"open","sticky":false,"template":"","format":"standard","meta":{"footnotes":"","jetpack_publicize_message":"","jetpack_publicize_feature_enabled":true,"jetpack_social_post_already_shared":true,"jetpack_social_options":{"image_generator_settings":{"template":"highway","default_image_id":0,"font":"","enabled":false},"version":2}},"categories":[13],"tags":[2802],"class_list":["post-25841","post","type-post","status-publish","format-standard","has-post-thumbnail","hentry","category-interes-general","tag-vacacciones-invierno"],"jetpack_publicize_connections":[],"jetpack_featured_media_url":"https:\/\/revistaepocadigital.com.ar\/wp-content\/uploads\/2024\/07\/LL.jpg","jetpack_likes_enabled":true,"_links":{"self":[{"href":"https:\/\/revistaepocadigital.com.ar\/index.php?rest_route=\/wp\/v2\/posts\/25841","targetHints":{"allow":["GET"]}}],"collection":[{"href":"https:\/\/revistaepocadigital.com.ar\/index.php?rest_route=\/wp\/v2\/posts"}],"about":[{"href":"https:\/\/revistaepocadigital.com.ar\/index.php?rest_route=\/wp\/v2\/types\/post"}],"author":[{"embeddable":true,"href":"https:\/\/revistaepocadigital.com.ar\/index.php?rest_route=\/wp\/v2\/users\/3"}],"replies":[{"embeddable":true,"href":"https:\/\/revistaepocadigital.com.ar\/index.php?rest_route=%2Fwp%2Fv2%2Fcomments&post=25841"}],"version-history":[{"count":0,"href":"https:\/\/revistaepocadigital.com.ar\/index.php?rest_route=\/wp\/v2\/posts\/25841\/revisions"}],"wp:featuredmedia":[{"embeddable":true,"href":"https:\/\/revistaepocadigital.com.ar\/index.php?rest_route=\/wp\/v2\/media\/25845"}],"wp:attachment":[{"href":"https:\/\/revistaepocadigital.com.ar\/index.php?rest_route=%2Fwp%2Fv2%2Fmedia&parent=25841"}],"wp:term":[{"taxonomy":"category","embeddable":true,"href":"https:\/\/revistaepocadigital.com.ar\/index.php?rest_route=%2Fwp%2Fv2%2Fcategories&post=25841"},{"taxonomy":"post_tag","embeddable":true,"href":"https:\/\/revistaepocadigital.com.ar\/index.php?rest_route=%2Fwp%2Fv2%2Ftags&post=25841"}],"curies":[{"name":"wp","href":"https:\/\/api.w.org\/{rel}","templated":true}]}}