{"id":25871,"date":"2024-07-17T20:46:40","date_gmt":"2024-07-17T23:46:40","guid":{"rendered":"https:\/\/revistaepocadigital.com.ar\/?p=25871"},"modified":"2024-07-17T20:47:48","modified_gmt":"2024-07-17T23:47:48","slug":"fundacion-beethoven-y-la-asociacion-de-profesores-de-la-orquesta-estable-del-teatro-colon-presentan-la-magia-de-ser-uno-mismo","status":"publish","type":"post","link":"https:\/\/revistaepocadigital.com.ar\/?p=25871","title":{"rendered":"Fundaci\u00f3n Beethoven y la Asociaci\u00f3n de profesores de la Orquesta Estable del Teatro Colon presentan \u201cLa magia de ser uno mismo\u201d"},"content":{"rendered":"<p class=\"yiv2005199262MsoNormal\" align=\"center\"><strong><i>Se trata de una formidable \u00d3pera de Mozart en espa\u00f1ol para disfrutar en familia.<\/i><\/strong><!--more--><\/p>\n<p class=\"yiv2005199262MsoNormal\">En las vacaciones de invierno, el auditorio de la Fundaci\u00f3n Beethoven ser\u00e1 sede de una destacada \u00d3pera de C\u00e1mara llamada\u00a0<i>\u201cLa magia de ser uno mismo\u201c<\/i>. El espect\u00e1culo se desarrollar\u00e1 los d\u00edas 18, 20, 23, 25 y 27 de Julio, a las 11:30 horas, en la sede del auditorio ubicado en Avenida Santa F\u00e9 1452.<\/p>\n<p class=\"yiv2005199262MsoNormal\">De esta manera se trata de llevar la \u00d3pera a los ni\u00f1os para que disfruten y aprovechen a crecer en el arte y la m\u00fasica.<\/p>\n<p class=\"yiv2005199262MsoNormal\">La obra est\u00e1 basada en la \u00f3pera Basti\u00e1n y Bastiana de Wolfgang Amadeus Mozart. Esta divertida comedia invita a reflexionar sobre la importancia de ser aut\u00e9nticos, mostrarnos como somos realmente y poder expresar nuestros sentimientos, en un mundo que a veces nos empuja a ser uno m\u00e1s del mont\u00f3n y es para todas las edades.<\/p>\n<p class=\"yiv2005199262MsoNormal\">Con la orquesta formada por m\u00fasicos del Teatro Col\u00f3n interpretando la m\u00fasica m\u00e1s encantadora de unos de los compositores m\u00e1s importante de toda la historia y personajes entra\u00f1ables, esta producci\u00f3n cautiva a todas las edades y nos recuerda el valor de ser \u00fanicos.<\/p>\n<p class=\"yiv2005199262MsoNormal\">Aquellas familias que deseen comprar su entrada para asistir a este maravillo evento podr\u00e1n hacerlo ingresando al sitio\u00a0<a href=\"https:\/\/www.passline.com\/eventos\/la-magia-de-ser-uno-mismo\" target=\"_blank\" rel=\"nofollow noopener noreferrer\">https:\/\/www.passline.com\/eventos\/la-magia-de-ser-uno-mismo<\/a>\u00a0o bien en\u00a0<a href=\"http:\/\/www.alternativateatral.com.ar\/obra84722-la-magia-de-ser-uno-mismo-bastian-y-bastiana-mozart\" target=\"_blank\" rel=\"nofollow noopener noreferrer\">http:\/\/www.alternativateatral.com.ar\/obra84722-la-magia-de-ser-uno-mismo-bastian-y-bastiana-mozart<\/a><\/p>\n<p class=\"yiv2005199262MsoNormal\"><b>Acerca de la Fundaci\u00f3n Beethoven de Argentina:<\/b>\u00a0Fiel a sus objetivos de difusi\u00f3n de la m\u00fasica cl\u00e1sica y el arte en general, la Fundaci\u00f3n Beethoven se propone como una alternativa diferente. A trav\u00e9s de diversos espect\u00e1culos, talleres, muestras y festivales. Brindamos un espacio a los artistas y al p\u00fablico donde el arte siempre es el protagonista.<\/p>\n","protected":false},"excerpt":{"rendered":"<p>Se trata de una formidable \u00d3pera de Mozart en espa\u00f1ol para disfrutar en familia.<\/p>\n","protected":false},"author":3,"featured_media":25883,"comment_status":"open","ping_status":"open","sticky":false,"template":"","format":"standard","meta":{"footnotes":"","jetpack_publicize_message":"","jetpack_publicize_feature_enabled":true,"jetpack_social_post_already_shared":true,"jetpack_social_options":{"image_generator_settings":{"template":"highway","default_image_id":0,"font":"","enabled":false},"version":2}},"categories":[12],"tags":[2806],"class_list":["post-25871","post","type-post","status-publish","format-standard","has-post-thumbnail","hentry","category-espectaculos","tag-fundacion-beethoven"],"jetpack_publicize_connections":[],"jetpack_featured_media_url":"https:\/\/revistaepocadigital.com.ar\/wp-content\/uploads\/2024\/07\/beet-1.jpg","jetpack_likes_enabled":true,"_links":{"self":[{"href":"https:\/\/revistaepocadigital.com.ar\/index.php?rest_route=\/wp\/v2\/posts\/25871","targetHints":{"allow":["GET"]}}],"collection":[{"href":"https:\/\/revistaepocadigital.com.ar\/index.php?rest_route=\/wp\/v2\/posts"}],"about":[{"href":"https:\/\/revistaepocadigital.com.ar\/index.php?rest_route=\/wp\/v2\/types\/post"}],"author":[{"embeddable":true,"href":"https:\/\/revistaepocadigital.com.ar\/index.php?rest_route=\/wp\/v2\/users\/3"}],"replies":[{"embeddable":true,"href":"https:\/\/revistaepocadigital.com.ar\/index.php?rest_route=%2Fwp%2Fv2%2Fcomments&post=25871"}],"version-history":[{"count":0,"href":"https:\/\/revistaepocadigital.com.ar\/index.php?rest_route=\/wp\/v2\/posts\/25871\/revisions"}],"wp:featuredmedia":[{"embeddable":true,"href":"https:\/\/revistaepocadigital.com.ar\/index.php?rest_route=\/wp\/v2\/media\/25883"}],"wp:attachment":[{"href":"https:\/\/revistaepocadigital.com.ar\/index.php?rest_route=%2Fwp%2Fv2%2Fmedia&parent=25871"}],"wp:term":[{"taxonomy":"category","embeddable":true,"href":"https:\/\/revistaepocadigital.com.ar\/index.php?rest_route=%2Fwp%2Fv2%2Fcategories&post=25871"},{"taxonomy":"post_tag","embeddable":true,"href":"https:\/\/revistaepocadigital.com.ar\/index.php?rest_route=%2Fwp%2Fv2%2Ftags&post=25871"}],"curies":[{"name":"wp","href":"https:\/\/api.w.org\/{rel}","templated":true}]}}