{"id":25874,"date":"2024-08-01T00:40:47","date_gmt":"2024-08-01T03:40:47","guid":{"rendered":"https:\/\/revistaepocadigital.com.ar\/?p=25874"},"modified":"2024-08-01T19:57:39","modified_gmt":"2024-08-01T22:57:39","slug":"en-bolivia-600-profesionales-de-sudamerica-en-el-congreso-mas-importante-sobre-cadera-y-rodilla","status":"publish","type":"post","link":"https:\/\/revistaepocadigital.com.ar\/?p=25874","title":{"rendered":"EN BOLIVIA. 600 PROFESIONALES DE SUDAM\u00c9RICA EN EL CONGRESO M\u00c1S IMPORTANTE SOBRE CADERA Y RODILLA"},"content":{"rendered":"<div>\n<header class=\"r_BN D_F W_6D6F p_R P_Zjgzuf ir_0\" aria-label=\"Mensaje\">\n<div class=\"D_F en_0 M_3gJOe A_6Eb4 c1AVi73_6EWk C_Z1VRqsb\" data-test-id=\"message-date\"><strong>ENTRE LOS REPRESENTANTES DE LA ARGENTINA, EL DR. ALBERTO CID CASTEULANI QUIEN FUE DISTINGUIDO.<\/strong><\/div>\n<\/header>\n<div data-test-id=\"message-date\"><\/div>\n<\/div>\n<p><!--more--><\/p>\n<div data-test-id=\"message-body-container\">\n<div class=\"I_ZkbNhI D_FY W_6D6F\" data-test-id=\"message-view-body\">\n<div class=\"X_6MGW\">El IV Congreso Internacional de Cirujanos de Cadera y Rodilla, el m\u00e1s importante de Latinoam\u00e9rica sobre cadera y rodilla, tuvo lugar en la ciudad de Santa Cruz de la Sierra, Bolivi. La tan importante asistencia de cirujanos especialistas de distintos pa\u00edses, marc\u00f3 la envergadura del evento.<\/div>\n<div><\/div>\n<div>\n<figure id=\"attachment_25877\" aria-describedby=\"caption-attachment-25877\" style=\"width: 640px\" class=\"wp-caption aligncenter\"><img loading=\"lazy\" decoding=\"async\" class=\"size-full wp-image-25877\" src=\"https:\/\/revistaepocadigital.com.ar\/wp-content\/uploads\/2024\/07\/ci1.jpeg\" alt=\"\" width=\"640\" height=\"480\" srcset=\"https:\/\/revistaepocadigital.com.ar\/wp-content\/uploads\/2024\/07\/ci1.jpeg 640w, https:\/\/revistaepocadigital.com.ar\/wp-content\/uploads\/2024\/07\/ci1-300x225.jpeg 300w, https:\/\/revistaepocadigital.com.ar\/wp-content\/uploads\/2024\/07\/ci1-80x60.jpeg 80w, https:\/\/revistaepocadigital.com.ar\/wp-content\/uploads\/2024\/07\/ci1-160x120.jpeg 160w, https:\/\/revistaepocadigital.com.ar\/wp-content\/uploads\/2024\/07\/ci1-265x198.jpeg 265w, https:\/\/revistaepocadigital.com.ar\/wp-content\/uploads\/2024\/07\/ci1-560x420.jpeg 560w\" sizes=\"auto, (max-width: 640px) 100vw, 640px\" \/><figcaption id=\"caption-attachment-25877\" class=\"wp-caption-text\">Notable concurrencia al congreso en Bolivia.<\/figcaption><\/figure>\n<\/div>\n<\/div>\n<div>\n<figure id=\"attachment_25879\" aria-describedby=\"caption-attachment-25879\" style=\"width: 230px\" class=\"wp-caption alignright\"><img loading=\"lazy\" decoding=\"async\" class=\"size-full wp-image-25879\" src=\"https:\/\/revistaepocadigital.com.ar\/wp-content\/uploads\/2024\/07\/ci4.jpg\" alt=\"\" width=\"230\" height=\"176\" srcset=\"https:\/\/revistaepocadigital.com.ar\/wp-content\/uploads\/2024\/07\/ci4.jpg 230w, https:\/\/revistaepocadigital.com.ar\/wp-content\/uploads\/2024\/07\/ci4-80x60.jpg 80w\" sizes=\"auto, (max-width: 230px) 100vw, 230px\" \/><figcaption id=\"caption-attachment-25879\" class=\"wp-caption-text\">El IV congreso internacional<\/figcaption><\/figure>\n<\/div>\n<div class=\"I_ZkbNhI D_FY W_6D6F\" data-test-id=\"message-view-body\">\n<div>\n<figure id=\"attachment_25880\" aria-describedby=\"caption-attachment-25880\" style=\"width: 300px\" class=\"wp-caption alignleft\"><img loading=\"lazy\" decoding=\"async\" class=\"size-full wp-image-25880\" src=\"https:\/\/revistaepocadigital.com.ar\/wp-content\/uploads\/2024\/07\/ci3.jpg\" alt=\"\" width=\"300\" height=\"268\" \/><figcaption id=\"caption-attachment-25880\" class=\"wp-caption-text\">La distinci\u00f3n otorgada al Dr. Cid Casteulani, por la gran trayectoria en cirug\u00eda articular de cadera y rodilla.<\/figcaption><\/figure>\n<\/div>\n<div class=\"X_6MGW\">El Dr Alberto Cid Casteulani, reconocido especialista en traumatolog\u00eda, desarrolla su labor profesional en importantes hospitales y cl\u00ednicas, asiste a congresos para perfeccionamientos y nuevos adelantos en la especialidad, que tienen lugar en distintos pa\u00edses del mundo.<\/div>\n<div class=\"X_6MGW\">En <strong>Capilla del Se\u00f1or<\/strong>, el Dr. Cid Casteulani tambi\u00e9n desempe\u00f1a su tarea m\u00e9dica con una una extensa trayectoria en el<strong> Centro de Diagn\u00f3stico y Tratamiento Capilla,<\/strong> ubicado en el centro capillense, Moreno 346, en tanto en el Hospital San Jos\u00e9 encabeza intervenciones quir\u00fargicas relacionadas a su especialidad.<\/div>\n<\/div>\n<\/div>\n<div><\/div>\n<div style=\"text-align: center;\"><\/div>\n<div style=\"text-align: center;\"><span style=\"color: #ff6600;\"><strong>EN EL HOSPITAL ALEM\u00c1N DE BUENOS AIRES,<\/strong><\/span><\/div>\n<div style=\"text-align: center;\"><span style=\"color: #ff6600;\"><strong> JORNADA DE TRAUMA ORTOP\u00c9DICO EN MIEMBRO INFERIOR<\/strong><\/span><\/div>\n<div><\/div>\n<div>Se desarroll\u00f3 en el nuevo auditorio del <strong>Hospital Alem\u00e1n<\/strong> de la ciudad de Buenos Aires, uno de los establecimientos asistenciales m\u00e1s importantes, el <strong>Dr. Alberto Cid Casteulani<\/strong> y su equipo de profesionales m\u00e9dicos, fueron invitados a disertar en especial, para los m\u00e9dicos residentes.<\/div>\n<div><\/div>\n<div><img loading=\"lazy\" decoding=\"async\" class=\"alignright size-full wp-image-25889\" src=\"https:\/\/revistaepocadigital.com.ar\/wp-content\/uploads\/2024\/07\/CID-D.jpg\" alt=\"\" width=\"350\" height=\"287\" srcset=\"https:\/\/revistaepocadigital.com.ar\/wp-content\/uploads\/2024\/07\/CID-D.jpg 350w, https:\/\/revistaepocadigital.com.ar\/wp-content\/uploads\/2024\/07\/CID-D-300x246.jpg 300w\" sizes=\"auto, (max-width: 350px) 100vw, 350px\" \/><\/div>\n<div><\/div>\n<div><\/div>\n<div><\/div>\n<div><\/div>\n<div>\n<p><img loading=\"lazy\" decoding=\"async\" class=\"size-medium wp-image-25890\" style=\"text-align: center;\" src=\"https:\/\/revistaepocadigital.com.ar\/wp-content\/uploads\/2024\/07\/ci-a-300x298.jpg\" alt=\"\" width=\"300\" height=\"298\" srcset=\"https:\/\/revistaepocadigital.com.ar\/wp-content\/uploads\/2024\/07\/ci-a-300x298.jpg 300w, https:\/\/revistaepocadigital.com.ar\/wp-content\/uploads\/2024\/07\/ci-a-150x150.jpg 150w, https:\/\/revistaepocadigital.com.ar\/wp-content\/uploads\/2024\/07\/ci-a-424x420.jpg 424w, https:\/\/revistaepocadigital.com.ar\/wp-content\/uploads\/2024\/07\/ci-a.jpg 600w\" sizes=\"auto, (max-width: 300px) 100vw, 300px\" \/><\/p>\n<pre><em>Cid Casteulani habla en el Hospital Alem\u00e1n\u00a0<\/em><\/pre>\n<p>Con los residentes, mantiene un <strong>programa<\/strong> de rotaci\u00f3n el equipo de Cid Casteulani. Dicho programa est\u00e1\u00a0a la <strong>especializaci\u00f3n en trauma complejo.<\/strong><\/p>\n<figure id=\"attachment_25893\" aria-describedby=\"caption-attachment-25893\" style=\"width: 300px\" class=\"wp-caption alignleft\"><img loading=\"lazy\" decoding=\"async\" class=\"size-full wp-image-25893\" src=\"https:\/\/revistaepocadigital.com.ar\/wp-content\/uploads\/2024\/07\/thumbnail-3.jpg\" alt=\"\" width=\"300\" height=\"225\" srcset=\"https:\/\/revistaepocadigital.com.ar\/wp-content\/uploads\/2024\/07\/thumbnail-3.jpg 300w, https:\/\/revistaepocadigital.com.ar\/wp-content\/uploads\/2024\/07\/thumbnail-3-80x60.jpg 80w, https:\/\/revistaepocadigital.com.ar\/wp-content\/uploads\/2024\/07\/thumbnail-3-160x120.jpg 160w, https:\/\/revistaepocadigital.com.ar\/wp-content\/uploads\/2024\/07\/thumbnail-3-265x198.jpg 265w\" sizes=\"auto, (max-width: 300px) 100vw, 300px\" \/><figcaption id=\"caption-attachment-25893\" class=\"wp-caption-text\">La reciente jornada en el nuevo auditorio del Hospital Alem\u00e1n<\/figcaption><\/figure>\n<p><em>Dicho programa est\u00e1 avalado por la Universidad de Buenos Aires, la Asociaci\u00f3n Argentina de BA, Asociaci\u00f3n Argentina de Ortopedia y Traumatolog\u00eda y la Asociaci\u00f3n de Trauma Ortop\u00e9dico.\u00a0\u00a0<\/em><\/p>\n<\/div>\n<div><\/div>\n","protected":false},"excerpt":{"rendered":"<p>ENTRE LOS REPRESENTANTES DE LA ARGENTINA, EL DR. ALBERTO CID CASTEULANI QUIEN FUE DISTINGUIDO.<\/p>\n","protected":false},"author":4,"featured_media":25876,"comment_status":"open","ping_status":"open","sticky":false,"template":"","format":"standard","meta":{"footnotes":"","jetpack_publicize_message":"","jetpack_publicize_feature_enabled":true,"jetpack_social_post_already_shared":true,"jetpack_social_options":{"image_generator_settings":{"template":"highway","default_image_id":0,"font":"","enabled":false},"version":2}},"categories":[14],"tags":[2804,2805,2807],"class_list":["post-25874","post","type-post","status-publish","format-standard","has-post-thumbnail","hentry","category-la-gente","tag-cid-casteulani","tag-congreso","tag-hospital-aleman"],"jetpack_publicize_connections":[],"jetpack_featured_media_url":"https:\/\/revistaepocadigital.com.ar\/wp-content\/uploads\/2024\/07\/ci2.jpg","jetpack_likes_enabled":true,"_links":{"self":[{"href":"https:\/\/revistaepocadigital.com.ar\/index.php?rest_route=\/wp\/v2\/posts\/25874","targetHints":{"allow":["GET"]}}],"collection":[{"href":"https:\/\/revistaepocadigital.com.ar\/index.php?rest_route=\/wp\/v2\/posts"}],"about":[{"href":"https:\/\/revistaepocadigital.com.ar\/index.php?rest_route=\/wp\/v2\/types\/post"}],"author":[{"embeddable":true,"href":"https:\/\/revistaepocadigital.com.ar\/index.php?rest_route=\/wp\/v2\/users\/4"}],"replies":[{"embeddable":true,"href":"https:\/\/revistaepocadigital.com.ar\/index.php?rest_route=%2Fwp%2Fv2%2Fcomments&post=25874"}],"version-history":[{"count":0,"href":"https:\/\/revistaepocadigital.com.ar\/index.php?rest_route=\/wp\/v2\/posts\/25874\/revisions"}],"wp:featuredmedia":[{"embeddable":true,"href":"https:\/\/revistaepocadigital.com.ar\/index.php?rest_route=\/wp\/v2\/media\/25876"}],"wp:attachment":[{"href":"https:\/\/revistaepocadigital.com.ar\/index.php?rest_route=%2Fwp%2Fv2%2Fmedia&parent=25874"}],"wp:term":[{"taxonomy":"category","embeddable":true,"href":"https:\/\/revistaepocadigital.com.ar\/index.php?rest_route=%2Fwp%2Fv2%2Fcategories&post=25874"},{"taxonomy":"post_tag","embeddable":true,"href":"https:\/\/revistaepocadigital.com.ar\/index.php?rest_route=%2Fwp%2Fv2%2Ftags&post=25874"}],"curies":[{"name":"wp","href":"https:\/\/api.w.org\/{rel}","templated":true}]}}