{"id":25906,"date":"2024-07-18T00:23:10","date_gmt":"2024-07-18T03:23:10","guid":{"rendered":"https:\/\/revistaepocadigital.com.ar\/?p=25906"},"modified":"2024-07-18T00:25:00","modified_gmt":"2024-07-18T03:25:00","slug":"la-union-industrial-de-exaltacion-de-la-cruz-se-reunio-con-la-rural","status":"publish","type":"post","link":"https:\/\/revistaepocadigital.com.ar\/?p=25906","title":{"rendered":"LA UNION INDUSTRIAL DE EXALTACI\u00d3N DE LA CRUZ SE REUNI\u00d3 CON LA RURAL"},"content":{"rendered":"<p><strong>REPRESENTANTES DE AMBAS IMPORTANTES ENTIDADES.<\/strong><!--more--><\/p>\n<p>Con dirigentes ruralistas como anfitriones, en la sede de Capilla del Se\u00f1or de la Sociedad Rural de Exaltaci\u00f3n de la Cruz, Campana y Z\u00e1rate, tuvo lugar una reuni\u00f3n entre representantes de las dos entidades.<\/p>\n<p>Estuvieron presentes por la Uni\u00f3n Industrial, Hugo Garc\u00e9s del Grupo Tres Arroyos, Alberto Garc\u00eda quien encabeza el ambicioso emprendimiento que ya se encuentra en funcionamiento como es el Parque Industrial Ecol\u00f3gico Ruta y a su vez tambi\u00e9n la firma Conil; Hern\u00e1n Castro de Pl\u00e1sticos Castro y Gustavo Minnig como representante del Parque Industrial Ruta 6 tambi\u00e9n en actividad.<\/p>\n<p><img loading=\"lazy\" decoding=\"async\" class=\"aligncenter size-full wp-image-25909\" src=\"https:\/\/revistaepocadigital.com.ar\/wp-content\/uploads\/2024\/07\/union-in-rural-2.jpg\" alt=\"\" width=\"500\" height=\"500\" srcset=\"https:\/\/revistaepocadigital.com.ar\/wp-content\/uploads\/2024\/07\/union-in-rural-2.jpg 500w, https:\/\/revistaepocadigital.com.ar\/wp-content\/uploads\/2024\/07\/union-in-rural-2-300x300.jpg 300w, https:\/\/revistaepocadigital.com.ar\/wp-content\/uploads\/2024\/07\/union-in-rural-2-150x150.jpg 150w, https:\/\/revistaepocadigital.com.ar\/wp-content\/uploads\/2024\/07\/union-in-rural-2-420x420.jpg 420w\" sizes=\"auto, (max-width: 500px) 100vw, 500px\" \/><\/p>\n<p>Conversaron con el presidente de la Rural, Oscar Diez; el vicepresidente Fernando Boracchia; Felipe Carlevaro, prosecretario y el coordinador de seguridad, Pedro Querencio, entre otros miembros de la instituci\u00f3n.\u00a0Asimismo , tambi\u00e9n comparti\u00f3 el encuentro, el licenciado Benjam\u00edn Vittori, director de producci\u00f3n del Municipio, quien articul\u00f3 la realizaci\u00f3n de la reuni\u00f3n.<\/p>\n<p>La Rural present\u00f3 una agenda de trabajo en conjunto con diversas iniciativas, tales como los bonos verdes, la Agencia de Desarrollo local, la realizaci\u00f3n de una Exposici\u00f3n anual conjunta como se llevaron a cabo hace m\u00e1s de 50 a\u00f1os en Capilla del Se\u00f1or. Tambi\u00e9n plantearon temas educativos, laborales, zonificaciones, energ\u00eda, temas de suma relevancia en particular los dos \u00faltimos. Por otro lado, abordaron cuestiones de inter\u00e9s mutuo destinados a favorecer el desarrollo en el distrito y la tan necesaria generaci\u00f3n de empleos.<\/p>\n<p>Los industriales invitaron a los ruralistas a participar en el evento a realizarse en Exaltaci\u00f3n de la Cruz con motivo del D\u00eda de la Industria. Una vez conclu\u00edda la reuni\u00f3n, voceros de la Uni\u00f3n Industrial y de la Rural, coincidieron que <em>&#8220;habernos encontrado para tratar temas de importancia fue excelente&#8221;,<\/em> y despu\u00e9s consideraron que se hab\u00eda generado &#8220;<em>un importante punto de partida&#8221;.<\/em><\/p>\n","protected":false},"excerpt":{"rendered":"<p>REPRESENTANTES DE AMBAS IMPORTANTES ENTIDADES.<\/p>\n","protected":false},"author":4,"featured_media":25908,"comment_status":"open","ping_status":"open","sticky":false,"template":"","format":"standard","meta":{"footnotes":"","jetpack_publicize_message":"","jetpack_publicize_feature_enabled":true,"jetpack_social_post_already_shared":true,"jetpack_social_options":{"image_generator_settings":{"template":"highway","default_image_id":0,"font":"","enabled":false},"version":2}},"categories":[17],"tags":[418,899],"class_list":["post-25906","post","type-post","status-publish","format-standard","has-post-thumbnail","hentry","category-politica","tag-la-rural","tag-union-industrial"],"jetpack_publicize_connections":[],"jetpack_featured_media_url":"https:\/\/revistaepocadigital.com.ar\/wp-content\/uploads\/2024\/07\/union-ind-y-rural24.jpg","jetpack_likes_enabled":true,"_links":{"self":[{"href":"https:\/\/revistaepocadigital.com.ar\/index.php?rest_route=\/wp\/v2\/posts\/25906","targetHints":{"allow":["GET"]}}],"collection":[{"href":"https:\/\/revistaepocadigital.com.ar\/index.php?rest_route=\/wp\/v2\/posts"}],"about":[{"href":"https:\/\/revistaepocadigital.com.ar\/index.php?rest_route=\/wp\/v2\/types\/post"}],"author":[{"embeddable":true,"href":"https:\/\/revistaepocadigital.com.ar\/index.php?rest_route=\/wp\/v2\/users\/4"}],"replies":[{"embeddable":true,"href":"https:\/\/revistaepocadigital.com.ar\/index.php?rest_route=%2Fwp%2Fv2%2Fcomments&post=25906"}],"version-history":[{"count":0,"href":"https:\/\/revistaepocadigital.com.ar\/index.php?rest_route=\/wp\/v2\/posts\/25906\/revisions"}],"wp:featuredmedia":[{"embeddable":true,"href":"https:\/\/revistaepocadigital.com.ar\/index.php?rest_route=\/wp\/v2\/media\/25908"}],"wp:attachment":[{"href":"https:\/\/revistaepocadigital.com.ar\/index.php?rest_route=%2Fwp%2Fv2%2Fmedia&parent=25906"}],"wp:term":[{"taxonomy":"category","embeddable":true,"href":"https:\/\/revistaepocadigital.com.ar\/index.php?rest_route=%2Fwp%2Fv2%2Fcategories&post=25906"},{"taxonomy":"post_tag","embeddable":true,"href":"https:\/\/revistaepocadigital.com.ar\/index.php?rest_route=%2Fwp%2Fv2%2Ftags&post=25906"}],"curies":[{"name":"wp","href":"https:\/\/api.w.org\/{rel}","templated":true}]}}