{"id":25932,"date":"2024-07-25T01:47:39","date_gmt":"2024-07-25T04:47:39","guid":{"rendered":"https:\/\/revistaepocadigital.com.ar\/?p=25932"},"modified":"2024-07-25T01:53:38","modified_gmt":"2024-07-25T04:53:38","slug":"en-la-exposicion-rural-en-palermo-exaltacion-de-la-cruz-con-excelentes-representantes","status":"publish","type":"post","link":"https:\/\/revistaepocadigital.com.ar\/?p=25932","title":{"rendered":"EN LA EXPOSICI\u00d3N RURAL EN PALERMO, EXALTACI\u00d3N DE LA CRUZ CON EXCELENTES REPRESENTANTES"},"content":{"rendered":"<p><strong>PRESENCIA EXALTACRUCE\u00d1A. COMPITIERON AL MEJOR NIVEL<\/strong><!--more--><\/p>\n<div class=\"I_ZkbNhI D_FY W_6D6F\" data-test-id=\"message-view-body\">\n<div class=\"msg-body P_wpofO mq_AS\" data-test-id=\"message-view-body-content\">\n<div class=\"jb_0 X_6MGW N_6Fd5\">\n<div id=\"yiv3060784736\">\n<div class=\"yiv3060784736yahoo-signature\">\n<div>La Exposici\u00f3n Rural como todos los a\u00f1os, concita no s\u00f3lo el inter\u00e9s del sector del campo, esencial en la vida de los argentinos y del pa\u00eds. Tambi\u00e9n de otros sectores y de miles de mujeres, hombres, chicos y familias de distintos puntos del pa\u00eds, que asisten a una muestra de gran jerarqu\u00eda y tan tradicional.<\/div>\n<div><\/div>\n<div>\n<figure id=\"attachment_26003\" aria-describedby=\"caption-attachment-26003\" style=\"width: 400px\" class=\"wp-caption aligncenter\"><img loading=\"lazy\" decoding=\"async\" class=\"size-full wp-image-26003\" src=\"https:\/\/revistaepocadigital.com.ar\/wp-content\/uploads\/2024\/07\/amazo.jpg\" alt=\"\" width=\"400\" height=\"533\" srcset=\"https:\/\/revistaepocadigital.com.ar\/wp-content\/uploads\/2024\/07\/amazo.jpg 400w, https:\/\/revistaepocadigital.com.ar\/wp-content\/uploads\/2024\/07\/amazo-225x300.jpg 225w, https:\/\/revistaepocadigital.com.ar\/wp-content\/uploads\/2024\/07\/amazo-315x420.jpg 315w\" sizes=\"auto, (max-width: 400px) 100vw, 400px\" \/><figcaption id=\"caption-attachment-26003\" class=\"wp-caption-text\">Una de las amazonas de nuestro distrito premiadas<\/figcaption><\/figure>\n<p>Este a\u00f1o no ha sido la excepci\u00f3n, como tampoco ha faltado la presencia de representantes de Exaltaci\u00f3n de la Cruz como expositores y tambi\u00e9n participantes en otras disciplinas. En tal sentido, result\u00f3 magn\u00edfica la presentaci\u00f3n de los integrantes de la Escuadra Ecuestre @montandodelladobueno integrado por Mar\u00eda Constanza Traubenik \u00a0y la directora Ver\u00f3nica Allois. Ambas participaron en el Concurso de Aperos de uso tradicional y Mar\u00eda Constanza\u00a0 gan\u00f3 el primer premio en la categor\u00eda Amazona del 1900 y el premio &#8220;Reservado Gran Campe\u00f3n&#8221;, teniendo en cuenta a las dos categor\u00edas de suela, 1800 y 1900.<\/p>\n<\/div>\n<div>\n<p>Ver\u00f3nica en tanto, logr\u00f3 el premio &#8220;Reservado Gran Campe\u00f3n&#8221; en la categor\u00eda Conjunto Tradicionalistas junto a la Amazona Micaela Di Ciano. Debieron competir con otros con talentosos jinetes y amazonas. La Expo en Palermo no es solo un evento, es una traves\u00eda que empieza meses antes con rigurosas clasificaciones en diversas estancias. Pero en realidad, la preparaci\u00f3n comienza mucho antes dado el nivel exigido.<\/p>\n<figure id=\"attachment_26004\" aria-describedby=\"caption-attachment-26004\" style=\"width: 366px\" class=\"wp-caption alignright\"><img loading=\"lazy\" decoding=\"async\" class=\"size-full wp-image-26004\" src=\"https:\/\/revistaepocadigital.com.ar\/wp-content\/uploads\/2024\/07\/dda1.jpg\" alt=\"\" width=\"366\" height=\"594\" srcset=\"https:\/\/revistaepocadigital.com.ar\/wp-content\/uploads\/2024\/07\/dda1.jpg 366w, https:\/\/revistaepocadigital.com.ar\/wp-content\/uploads\/2024\/07\/dda1-185x300.jpg 185w, https:\/\/revistaepocadigital.com.ar\/wp-content\/uploads\/2024\/07\/dda1-259x420.jpg 259w\" sizes=\"auto, (max-width: 366px) 100vw, 366px\" \/><figcaption id=\"caption-attachment-26004\" class=\"wp-caption-text\">La otra representante local tambi\u00e9n premiada (foto gentileza La Gaceta de Exaltaci\u00f3n)<\/figcaption><\/figure>\n<\/div>\n<\/div>\n<\/div>\n<div><\/div>\n<div id=\"yiv3060784736\">\n<div class=\"yiv3060784736yahoo-signature\">\n<div>\n<div class=\"xdj266r x11i5rnm xat24cr x1mh8g0r x1vvkbs x126k92a\"><\/div>\n<div class=\"x11i5rnm xat24cr x1mh8g0r x1vvkbs xtlvy1s x126k92a\">\n<div dir=\"auto\">Los merecidos \u00e9xitos alcanzados por las excelentes representantes del distrito, fue recibido con emoci\u00f3n y alegr\u00eda y llev\u00f3 al intendente Diego Nanni a manifestar su felicitaci\u00f3n a trav\u00e9s de redes sociales, &#8220;\u00a1felicitaciones por seguir sumando \u00e9xitos con su Escuadra Ecuestre Montando del Lado Bueno, y por representar a nuestro distrito en el pa\u00eds y el mundo!<\/div>\n<\/div>\n<\/div>\n<p>Felicitaciones!&#8221;, se\u00f1al\u00f3 Nanni.<\/p>\n<p>&nbsp;<\/p>\n<p>&nbsp;<\/p>\n<p>&nbsp;<\/p>\n<p>&nbsp;<\/p>\n<p>&nbsp;<\/p>\n<p>&nbsp;<\/p>\n<p>En cuanto a expositores, la lista a continuaci\u00f3n menciona a algunos de los que estuvieron compitiendo en la Exposici\u00f3n Rural:<\/p>\n<\/div>\n<\/div>\n<\/div>\n<\/div>\n<\/div>\n<div class=\"H_7jIs D_F ab_C Q_69H5 E_36RhU\" data-test-id=\"toolbar-hover-area\">\n<div class=\"D_F W_6D6F r_BN gl_C\" data-test-id=\"card-toolbar\"><\/div>\n<\/div>\n<figure id=\"attachment_25933\" aria-describedby=\"caption-attachment-25933\" style=\"width: 927px\" class=\"wp-caption aligncenter\"><img loading=\"lazy\" decoding=\"async\" class=\"size-full wp-image-25933\" src=\"https:\/\/revistaepocadigital.com.ar\/wp-content\/uploads\/2024\/07\/af7cb145-7bdc-4a98-bce5-3b267e2300e7.jpeg\" alt=\"\" width=\"927\" height=\"121\" srcset=\"https:\/\/revistaepocadigital.com.ar\/wp-content\/uploads\/2024\/07\/af7cb145-7bdc-4a98-bce5-3b267e2300e7.jpeg 927w, https:\/\/revistaepocadigital.com.ar\/wp-content\/uploads\/2024\/07\/af7cb145-7bdc-4a98-bce5-3b267e2300e7-300x39.jpeg 300w, https:\/\/revistaepocadigital.com.ar\/wp-content\/uploads\/2024\/07\/af7cb145-7bdc-4a98-bce5-3b267e2300e7-768x100.jpeg 768w, https:\/\/revistaepocadigital.com.ar\/wp-content\/uploads\/2024\/07\/af7cb145-7bdc-4a98-bce5-3b267e2300e7-696x91.jpeg 696w\" sizes=\"auto, (max-width: 927px) 100vw, 927px\" \/><figcaption id=\"caption-attachment-25933\" class=\"wp-caption-text\">Algunos de los expositores de Exaltaci\u00f3n de la Cruz, que compiten en la tradicional Exposici\u00f3n Rural en Palermo.<\/figcaption><\/figure>\n<p>La imagen de la TV mostr\u00f3 el ingreso a la Exposici\u00f3n Rural del primer animal y, justamente, fue un ejemplar doble campe\u00f3n del mundo, presentado por una caba\u00f1a capillense.<\/p>\n<p>&nbsp;<\/p>\n<p><img loading=\"lazy\" decoding=\"async\" class=\"aligncenter size-full wp-image-25995\" src=\"https:\/\/revistaepocadigital.com.ar\/wp-content\/uploads\/2024\/07\/toro-1.jpg\" alt=\"\" width=\"720\" height=\"540\" srcset=\"https:\/\/revistaepocadigital.com.ar\/wp-content\/uploads\/2024\/07\/toro-1.jpg 720w, https:\/\/revistaepocadigital.com.ar\/wp-content\/uploads\/2024\/07\/toro-1-300x225.jpg 300w, https:\/\/revistaepocadigital.com.ar\/wp-content\/uploads\/2024\/07\/toro-1-80x60.jpg 80w, https:\/\/revistaepocadigital.com.ar\/wp-content\/uploads\/2024\/07\/toro-1-160x120.jpg 160w, https:\/\/revistaepocadigital.com.ar\/wp-content\/uploads\/2024\/07\/toro-1-265x198.jpg 265w, https:\/\/revistaepocadigital.com.ar\/wp-content\/uploads\/2024\/07\/toro-1-696x522.jpg 696w, https:\/\/revistaepocadigital.com.ar\/wp-content\/uploads\/2024\/07\/toro-1-560x420.jpg 560w\" sizes=\"auto, (max-width: 720px) 100vw, 720px\" \/><\/p>\n<p>\u00b4<\/p>\n<h4 style=\"text-align: center;\"><span style=\"color: #ff0000;\"><strong>LA RURAL EN FOTOS<\/strong><\/span><\/h4>\n<p>&nbsp;<\/p>\n<figure id=\"attachment_26006\" aria-describedby=\"caption-attachment-26006\" style=\"width: 414px\" class=\"wp-caption aligncenter\"><img loading=\"lazy\" decoding=\"async\" class=\"size-full wp-image-26006\" src=\"https:\/\/revistaepocadigital.com.ar\/wp-content\/uploads\/2024\/07\/demi-88.jpg\" alt=\"\" width=\"414\" height=\"512\" srcset=\"https:\/\/revistaepocadigital.com.ar\/wp-content\/uploads\/2024\/07\/demi-88.jpg 414w, https:\/\/revistaepocadigital.com.ar\/wp-content\/uploads\/2024\/07\/demi-88-243x300.jpg 243w, https:\/\/revistaepocadigital.com.ar\/wp-content\/uploads\/2024\/07\/demi-88-324x400.jpg 324w, https:\/\/revistaepocadigital.com.ar\/wp-content\/uploads\/2024\/07\/demi-88-340x420.jpg 340w\" sizes=\"auto, (max-width: 414px) 100vw, 414px\" \/><figcaption id=\"caption-attachment-26006\" class=\"wp-caption-text\">Uno de los expositores de Exaltaci\u00f3n de la Cruz. Juan Pablo Latanti junto al toro llamado Cotilerio Tiberio que compiti\u00f3 en la categor\u00eda hasta dos a\u00f1os.<\/figcaption><\/figure>\n<figure id=\"attachment_26007\" aria-describedby=\"caption-attachment-26007\" style=\"width: 581px\" class=\"wp-caption aligncenter\"><img loading=\"lazy\" decoding=\"async\" class=\"size-full wp-image-26007\" src=\"https:\/\/revistaepocadigital.com.ar\/wp-content\/uploads\/2024\/07\/demi-10.jpg\" alt=\"\" width=\"581\" height=\"289\" srcset=\"https:\/\/revistaepocadigital.com.ar\/wp-content\/uploads\/2024\/07\/demi-10.jpg 581w, https:\/\/revistaepocadigital.com.ar\/wp-content\/uploads\/2024\/07\/demi-10-300x149.jpg 300w, https:\/\/revistaepocadigital.com.ar\/wp-content\/uploads\/2024\/07\/demi-10-324x160.jpg 324w\" sizes=\"auto, (max-width: 581px) 100vw, 581px\" \/><figcaption id=\"caption-attachment-26007\" class=\"wp-caption-text\">Una postal cl\u00e1sica de la Rural<\/figcaption><\/figure>\n<p>&nbsp;<\/p>\n<figure id=\"attachment_26010\" aria-describedby=\"caption-attachment-26010\" style=\"width: 512px\" class=\"wp-caption aligncenter\"><img loading=\"lazy\" decoding=\"async\" class=\"size-full wp-image-26010\" src=\"https:\/\/revistaepocadigital.com.ar\/wp-content\/uploads\/2024\/07\/demi9.jpg\" alt=\"\" width=\"512\" height=\"342\" srcset=\"https:\/\/revistaepocadigital.com.ar\/wp-content\/uploads\/2024\/07\/demi9.jpg 512w, https:\/\/revistaepocadigital.com.ar\/wp-content\/uploads\/2024\/07\/demi9-300x200.jpg 300w\" sizes=\"auto, (max-width: 512px) 100vw, 512px\" \/><figcaption id=\"caption-attachment-26010\" class=\"wp-caption-text\">En Palermo se dan cita a\u00f1o a a\u00f1o, f\u00e1bricas automotrices que muestran sus productos y el p\u00fablico puede probarlos, como el caso de Ford, sponsor oficial de la Exposici\u00f3n.<\/figcaption><\/figure>\n<p>&nbsp;<\/p>\n<figure id=\"attachment_26009\" aria-describedby=\"caption-attachment-26009\" style=\"width: 429px\" class=\"wp-caption aligncenter\"><img loading=\"lazy\" decoding=\"async\" class=\"size-full wp-image-26009\" src=\"https:\/\/revistaepocadigital.com.ar\/wp-content\/uploads\/2024\/07\/demi-7.jpg\" alt=\"\" width=\"429\" height=\"404\" srcset=\"https:\/\/revistaepocadigital.com.ar\/wp-content\/uploads\/2024\/07\/demi-7.jpg 429w, https:\/\/revistaepocadigital.com.ar\/wp-content\/uploads\/2024\/07\/demi-7-300x283.jpg 300w\" sizes=\"auto, (max-width: 429px) 100vw, 429px\" \/><figcaption id=\"caption-attachment-26009\" class=\"wp-caption-text\">Volkswagen Argentina tambi\u00e9n en la Rural mostr\u00f3 su gama de productos.<\/figcaption><\/figure>\n<figure id=\"attachment_26014\" aria-describedby=\"caption-attachment-26014\" style=\"width: 458px\" class=\"wp-caption aligncenter\"><img loading=\"lazy\" decoding=\"async\" class=\"size-full wp-image-26014\" src=\"https:\/\/revistaepocadigital.com.ar\/wp-content\/uploads\/2024\/07\/demi-5.jpg\" alt=\"\" width=\"458\" height=\"469\" srcset=\"https:\/\/revistaepocadigital.com.ar\/wp-content\/uploads\/2024\/07\/demi-5.jpg 458w, https:\/\/revistaepocadigital.com.ar\/wp-content\/uploads\/2024\/07\/demi-5-293x300.jpg 293w, https:\/\/revistaepocadigital.com.ar\/wp-content\/uploads\/2024\/07\/demi-5-356x364.jpg 356w, https:\/\/revistaepocadigital.com.ar\/wp-content\/uploads\/2024\/07\/demi-5-410x420.jpg 410w\" sizes=\"auto, (max-width: 458px) 100vw, 458px\" \/><figcaption id=\"caption-attachment-26014\" class=\"wp-caption-text\">Caballos del escuadr\u00f3n de Granaderos a su paso por la pista central.<\/figcaption><\/figure>\n<p>&nbsp;<\/p>\n<p>&nbsp;<\/p>\n<p>&nbsp;<\/p>\n<p>Fotos: Juan Mar\u00eda De Michelis (especial para EPOCA Digital<\/p>\n","protected":false},"excerpt":{"rendered":"<p>PRESENCIA EXALTACRUCE\u00d1A. COMPITIERON AL MEJOR NIVEL<\/p>\n","protected":false},"author":4,"featured_media":26002,"comment_status":"open","ping_status":"open","sticky":false,"template":"","format":"standard","meta":{"footnotes":"","jetpack_publicize_message":"","jetpack_publicize_feature_enabled":true,"jetpack_social_post_already_shared":true,"jetpack_social_options":{"image_generator_settings":{"template":"highway","default_image_id":0,"font":"","enabled":false},"version":2}},"categories":[13],"tags":[2814],"class_list":["post-25932","post","type-post","status-publish","format-standard","has-post-thumbnail","hentry","category-interes-general","tag-la-rural-palermo-2024"],"jetpack_publicize_connections":[],"jetpack_featured_media_url":"https:\/\/revistaepocadigital.com.ar\/wp-content\/uploads\/2024\/07\/demi-13-greande.jpg","jetpack_likes_enabled":true,"_links":{"self":[{"href":"https:\/\/revistaepocadigital.com.ar\/index.php?rest_route=\/wp\/v2\/posts\/25932","targetHints":{"allow":["GET"]}}],"collection":[{"href":"https:\/\/revistaepocadigital.com.ar\/index.php?rest_route=\/wp\/v2\/posts"}],"about":[{"href":"https:\/\/revistaepocadigital.com.ar\/index.php?rest_route=\/wp\/v2\/types\/post"}],"author":[{"embeddable":true,"href":"https:\/\/revistaepocadigital.com.ar\/index.php?rest_route=\/wp\/v2\/users\/4"}],"replies":[{"embeddable":true,"href":"https:\/\/revistaepocadigital.com.ar\/index.php?rest_route=%2Fwp%2Fv2%2Fcomments&post=25932"}],"version-history":[{"count":0,"href":"https:\/\/revistaepocadigital.com.ar\/index.php?rest_route=\/wp\/v2\/posts\/25932\/revisions"}],"wp:featuredmedia":[{"embeddable":true,"href":"https:\/\/revistaepocadigital.com.ar\/index.php?rest_route=\/wp\/v2\/media\/26002"}],"wp:attachment":[{"href":"https:\/\/revistaepocadigital.com.ar\/index.php?rest_route=%2Fwp%2Fv2%2Fmedia&parent=25932"}],"wp:term":[{"taxonomy":"category","embeddable":true,"href":"https:\/\/revistaepocadigital.com.ar\/index.php?rest_route=%2Fwp%2Fv2%2Fcategories&post=25932"},{"taxonomy":"post_tag","embeddable":true,"href":"https:\/\/revistaepocadigital.com.ar\/index.php?rest_route=%2Fwp%2Fv2%2Ftags&post=25932"}],"curies":[{"name":"wp","href":"https:\/\/api.w.org\/{rel}","templated":true}]}}