{"id":25935,"date":"2024-07-20T20:52:01","date_gmt":"2024-07-20T23:52:01","guid":{"rendered":"https:\/\/revistaepocadigital.com.ar\/?p=25935"},"modified":"2024-07-21T01:23:13","modified_gmt":"2024-07-21T04:23:13","slug":"villarruel-bullrich-y-milei-lideran-el-podio-de-politicos-con-imagen-positiva-lousteau-cristina-y-macri-al-fondo","status":"publish","type":"post","link":"https:\/\/revistaepocadigital.com.ar\/?p=25935","title":{"rendered":"Villarruel, Bullrich y Milei lideran el podio de pol\u00edticos con imagen positiva: Lousteau, Cristina y Macri, al fondo"},"content":{"rendered":"<div class=\"article__header max-width-md\">\n<h4 class=\"article__title\"><strong>LAS ENCUESTAS NUESTRAS DE CADA D\u00cdA.<\/strong>.<!--more--><\/h4>\n<header class=\"main-header col\">\n<div class=\"row\">\n<div class=\"max-width-md main-header__wrapper\">\n<div class=\"main-header__main\">\n<div class=\"main-header__ft-menu\"><\/div>\n<\/div>\n<\/div>\n<\/div>\n<\/header>\n<nav class=\"menu-temas\">\n<div class=\"row\">\n<p>Villarruel, Bullrich y Milei lideran el podio de pol\u00edticos con imagen positiva: Lousteau, Cristina y Macri, al fondo<\/p>\n<\/div>\n<\/nav>\n<div id=\"page\" class=\"row politica\">\n<article id=\"noticia\" class=\"article container\">\n<div class=\"article__header max-width-md\">\n<h5 class=\"article__headline\">De acuerdo al \u00faltimo informe de Zuban C\u00f3rdoba y Asociados, los pol\u00edticos con mejor imagen positiva son funcionarios oficialistas. La vicepresidenta se destac\u00f3 por encima del presidente. Axel Kicillof, el peronista mejor calificado.<\/h5>\n<\/div>\n<div class=\"col-fluid col-fluid-max col-fluid--clip\">\n<div class=\"article__media\">\n<figure class=\"article__image btn-open-gallery\"><picture class=\"cls-optimized\"><source srcset=\"https:\/\/fotos.perfil.com\/2024\/03\/30\/trim\/570\/321\/20240330victoriavillarruelprensasenadog-1778121.jpg?webp\" type=\"image\/webp\" media=\"(max-width: 570px)\" \/><source srcset=\"https:\/\/fotos.perfil.com\/2024\/03\/30\/trim\/987\/555\/20240330victoriavillarruelprensasenadog-1778121.jpg?webp\" type=\"image\/webp\" \/><source srcset=\"https:\/\/fotos.perfil.com\/2024\/03\/30\/trim\/570\/321\/20240330victoriavillarruelprensasenadog-1778121.jpg\" media=\"(max-width: 570px)\" \/><img loading=\"lazy\" decoding=\"async\" class=\"img-fluid\" src=\"https:\/\/fotos.perfil.com\/2024\/03\/30\/trim\/987\/555\/20240330victoriavillarruelprensasenadog-1778121.jpg\" alt=\"20240330_victoria_villarruel_prensasenado_g\" width=\"300\" height=\"180\" \/><\/picture><figcaption class=\"article__image-caption\">La vicepresidenta Victoria Villarruel (Foto Pr<span class=\"credito-foto\">ensa Senado)<\/span><\/figcaption><\/figure>\n<\/div>\n<div class=\"article__main max-width-md\">\n<div class=\"article__share\"><\/div>\n<div class=\"article__wrapper\">\n<div id=\"article-content\" class=\"article__content standard\">\n<h2>\u201c\u00bfQu\u00e9 imagen tiene de los siguientes dirigentes?\u201d: Villarruel, la \u00fanica equilibrada entre imagen positiva y negativa<\/h2>\n<p>Ante la pregunta en la encuesta sobre la gesti\u00f3n de los dirigentes argentinos, se construye el siguiente listado, con un orden ascendente de imagen positiva:<\/p>\n<p><strong>13. Ignacio \u201cNacho\u201d Torres<\/strong>: El gobernador de Chubut de Juntos por el Cambio que enfrent\u00f3 al presidente en febrero por la retenci\u00f3n de su coparticipaci\u00f3n mensual apareci\u00f3 en el fondo del podio de imagen positiva. Sin embargo, no \u00fanicamente por una imagen negativa (que ocupa el 42,7%), sino tambi\u00e9n por un alto desconocimiento sobre su figura y gesti\u00f3n. El 19% vot\u00f3 que \u201cno conoce\u201d a Torres y un 9,4% eligi\u00f3 la opci\u00f3n \u201cno sabe\/no contesta\u201d. El chubutense es el \u00fanico gobernador del listado y obtuvo una imagen positiva del 28,9%.<\/p>\n<p><strong>12.<span style=\"color: #000000;\">\u00a0<span style=\"color: #3366ff;\"><a style=\"color: #3366ff;\" href=\"https:\/\/www.perfil.com\/noticias\/politica\/martin-lousteau-respondio-milei-chicaneo-repelentes-aca-vale-4-veces-mas-miami.phtml\" target=\"_blank\" rel=\"noopener\">Mart\u00edn Lousteau<\/a><\/span><\/span><\/strong><span style=\"color: #3366ff;\">: E<\/span>l senador radical que vot\u00f3 en contra del mega DNU de Javier Milei en la C\u00e1mara alta obtuvo un avasallante 67,8% de imagen negativa en la encuesta. Su imagen positiva es del 29,6%, frente a m\u00ednimas cifras de desconocimiento sobre su figura.<\/p>\n<p><strong>11. Diego Santilli<\/strong>: El diputado nacional de Juntos por el Cambio, ex vicejefe de Gobierno y exministro de Seguridad de la Ciudad de Buenos Aires obtuvo una imagen negativa del 50,5%, mientras que un 9,2% vot\u00f3 que \u201cno lo conoce\u201d y un 10% \u201cno sabe\/no contesta\u201d. Su imagen positiva es del 30,3%<\/p>\n<p><img decoding=\"async\" src=\"https:\/\/fotos.perfil.com\/\/2024\/04\/15\/900\/0\/la-tensa-estabilidad-de-la-argentina-libertaria-encuesta-20240414-1785257.jpg\" alt=\"\u201cLa tensa estabilidad de la Argentina libertaria\u201d encuesta 20240414\" \/><\/p>\n<p><strong>10.\u00a0<a href=\"https:\/\/www.perfil.com\/noticias\/actualidad\/en-colombia-mauricio-macri-se-consagro-campeon-sudamericano-de-bridge-y-consiguio-el-pase-al-mundial.phtml\" target=\"_blank\" rel=\"noopener\">Mauricio Macri<\/a><\/strong>: El expresidente y actual mandatario del PRO obtuvo un 64,9% de imagen negativa, la m\u00e1s alta, despu\u00e9s de Mart\u00edn Lousteau. Su imagen positiva es del 34%, mientras que apenas un 1,1% de los encuestados no quiso o supo responder.<\/p>\n<p><strong>9. Cristina Kirchner<\/strong>: La expresidenta de doble mandato cumplido se ubic\u00f3 apenas por encima de Macri, con un 64,3% de imagen negativa y un 35,1% de imagen positiva.<\/p>\n<p><strong>8.\u00a0<a href=\"https:\/\/www.perfil.com\/noticias\/politica\/victoria-tolosa-paz-sostuvo-que-es-inventada-la-denuncia-por-una-presunta-defraudacion-con-guardapolvos-que-promovio-milei.phtml\" target=\"_blank\" rel=\"noopener\">Victoria Tolosa Paz<\/a><\/strong>: La diputada nacional de Uni\u00f3n por la Patria y exministra de Desarrollo Social de la Naci\u00f3n recibi\u00f3 un 55,4% de votos negativos y un 35,2% de votos positivos en la encuesta sobre su imagen.<\/p>\n<p><img decoding=\"async\" src=\"https:\/\/fotos.perfil.com\/\/2024\/04\/15\/900\/0\/la-tensa-estabilidad-de-la-argentina-libertaria-encuesta-20240414-1785256.jpg\" alt=\"\u201cLa tensa estabilidad de la Argentina libertaria\u201d encuesta 20240414\" \/><\/p>\n<p><strong>7. Juan Schiaretti<\/strong>: El exgobernador de C\u00f3rdoba y excandidato presidencial de Hacemos por Nuestro Pa\u00eds obtuvo una imagen negativa del 54,7% y una imagen positiva del 37%.<\/p>\n<p><strong>6. Karina Milei<\/strong>: La secretaria General de la Presidencia, hermana del presidente y \u201cjefe\u201d de La Libertad Avanza, en la encuesta de Zuban C\u00f3rdoba, cosech\u00f3 un 48% de imagen negativa, frente a un 39,3% de imagen positiva.<\/p>\n<p><strong>5. Axel Kicillof<\/strong>: El gobernador bonaerense de Uni\u00f3n por la Patria es el peronista con mejor imagen del podio. Su imagen negativa es del 49,2%, mientras que su imagen positiva abarc\u00f3 al 42,7% de los encuestados.<\/p>\n<p><img decoding=\"async\" src=\"https:\/\/fotos.perfil.com\/\/2024\/04\/15\/900\/0\/la-tensa-estabilidad-de-la-argentina-libertaria-encuesta-20240414-1785255.jpg\" alt=\"\u201cLa tensa estabilidad de la Argentina libertaria\u201d encuesta 20240414\" \/><\/p>\n<p><strong>4.\u00a0<a href=\"https:\/\/www.perfil.com\/noticias\/economia\/caputo-viajara-a-cumbre-del-fmi-en-eeuu-y-buscara-acelerar-las-gestiones-por-un-nuevo-acuerdo.phtml\" target=\"_blank\" rel=\"noopener\">Luis Caputo<\/a><\/strong>: El ministro de Econom\u00eda actual, exministro de Finanzas y presidente del Banco Central tiene una imagen negativa del 54,4% y una imagen positiva del 43,4%.<\/p>\n<p><strong>3. Javier Milei<\/strong>: El presidente de la Naci\u00f3n qued\u00f3 tercero en la lista. Obtuvo un 52,5% de imagen negativa y un 47,2% de imagen positiva, una suba s\u00f3lida desde la \u00faltima encuesta realizada por la misma consultora, cuando hab\u00eda obtenido un 42,3%, una cifra preocupante para el libertario que llevaba apenas tres meses en la conducci\u00f3n.<\/p>\n<p><strong>2. Patricia Bullrich<\/strong>: La ministra de Seguridad de la Naci\u00f3n y excandidata a presidenta por Juntos por el Cambio lleg\u00f3 al podio y obtuvo una mejor calificaci\u00f3n que Javier Milei. Su valoraci\u00f3n negativa fue del 51,6%, mientras que el 47,8% vot\u00f3 por una imagen positiva de la funcionaria.<\/p>\n<p><strong>1.\u00a0<a href=\"https:\/\/perfil.com\/noticias\/politica\/victoria-villarruel-cruzo-a-cecilia-moreau-no-les-pedi-solidaridad-cuando-sus-militantes-me-decian-guarangadas-e-insultos-sexuales.phtml\" target=\"_blank\" rel=\"noopener\">Victoria Villarruel<\/a><\/strong>: La vicepresidenta de la Naci\u00f3n exhibi\u00f3 el resultado m\u00e1s equilibrado entre ambas evaluaciones. Lider\u00f3 el ranking de imagen positiva, con el 49,1%, mientras que obtuvo un 49,9% de imagen negativa.<\/p>\n<p style=\"text-align: center;\"><span style=\"color: #ff9900;\"><strong>&#8212;&#8212;&#8212;&#8212;&#8212;&#8212;&#8212;&#8212;&#8212;&#8212;<\/strong><\/span><\/p>\n<p style=\"text-align: center;\"><strong>\u00bfY VOS QUE PENS\u00c1S?<\/strong><\/p>\n<p><img loading=\"lazy\" decoding=\"async\" class=\"aligncenter size-full wp-image-25940\" src=\"https:\/\/revistaepocadigital.com.ar\/wp-content\/uploads\/2024\/07\/encuesta-gobierno-milei-1721487.jpg\" alt=\"\" width=\"900\" height=\"508\" srcset=\"https:\/\/revistaepocadigital.com.ar\/wp-content\/uploads\/2024\/07\/encuesta-gobierno-milei-1721487.jpg 900w, https:\/\/revistaepocadigital.com.ar\/wp-content\/uploads\/2024\/07\/encuesta-gobierno-milei-1721487-300x169.jpg 300w, https:\/\/revistaepocadigital.com.ar\/wp-content\/uploads\/2024\/07\/encuesta-gobierno-milei-1721487-768x433.jpg 768w, https:\/\/revistaepocadigital.com.ar\/wp-content\/uploads\/2024\/07\/encuesta-gobierno-milei-1721487-696x393.jpg 696w, https:\/\/revistaepocadigital.com.ar\/wp-content\/uploads\/2024\/07\/encuesta-gobierno-milei-1721487-744x420.jpg 744w\" sizes=\"auto, (max-width: 900px) 100vw, 900px\" \/><\/p>\n<\/div>\n<\/div>\n<\/div>\n<\/div>\n<\/article>\n<\/div>\n<\/div>\n<div class=\"col-fluid col-fluid-max col-fluid--clip\">\n<div class=\"article__media\">\n<figure class=\"article__image btn-open-gallery\"><picture class=\"cls-optimized\"><source srcset=\"https:\/\/fotos.perfil.com\/2024\/03\/30\/trim\/570\/321\/20240330victoriavillarruelprensasenadog-1778121.jpg?webp\" type=\"image\/webp\" media=\"(max-width: 570px)\" \/><source srcset=\"https:\/\/fotos.perfil.com\/2024\/03\/30\/trim\/987\/555\/20240330victoriavillarruelprensasenadog-1778121.jpg?webp\" type=\"image\/webp\" \/><source srcset=\"https:\/\/fotos.perfil.com\/2024\/03\/30\/trim\/570\/321\/20240330victoriavillarruelprensasenadog-1778121.jpg\" media=\"(max-width: 570px)\" \/><\/picture><figcaption class=\"article__image-caption\"><\/figcaption><\/figure>\n<\/div>\n<div class=\"article__main max-width-md\">\n<div class=\"article__share\">\n<p style=\"text-align: center;\"><span style=\"color: #ff9900;\"><strong>&#8212;&#8212;&#8212;&#8212;&#8212;&#8212;&#8212;&#8212;&#8212;&#8212;<\/strong><\/span><\/p>\n<\/div>\n<\/div>\n<\/div>\n<p><strong>UN MUESTREO.<\/strong><\/p>\n<p>A qui\u00e9n cre\u00e9s que est\u00e1 ajustando principalmente el gobierno?<\/p>\n<p>A la casta<br \/>\n15.9%<\/p>\n<p>Al resto de la poblaci\u00f3n<br \/>\n84.1%<\/p>\n","protected":false},"excerpt":{"rendered":"<p>LAS ENCUESTAS NUESTRAS DE CADA D\u00cdA..<\/p>\n","protected":false},"author":3,"featured_media":25938,"comment_status":"open","ping_status":"open","sticky":false,"template":"","format":"standard","meta":{"footnotes":"","jetpack_publicize_message":"","jetpack_publicize_feature_enabled":true,"jetpack_social_post_already_shared":true,"jetpack_social_options":{"image_generator_settings":{"template":"highway","default_image_id":0,"font":"","enabled":false},"version":2}},"categories":[17],"tags":[2812,1535],"class_list":["post-25935","post","type-post","status-publish","format-standard","has-post-thumbnail","hentry","category-politica","tag-encuestas-24","tag-opinion"],"jetpack_publicize_connections":[],"jetpack_featured_media_url":"https:\/\/revistaepocadigital.com.ar\/wp-content\/uploads\/2024\/07\/victoria-villarruel-1773521.jpg","jetpack_likes_enabled":true,"_links":{"self":[{"href":"https:\/\/revistaepocadigital.com.ar\/index.php?rest_route=\/wp\/v2\/posts\/25935","targetHints":{"allow":["GET"]}}],"collection":[{"href":"https:\/\/revistaepocadigital.com.ar\/index.php?rest_route=\/wp\/v2\/posts"}],"about":[{"href":"https:\/\/revistaepocadigital.com.ar\/index.php?rest_route=\/wp\/v2\/types\/post"}],"author":[{"embeddable":true,"href":"https:\/\/revistaepocadigital.com.ar\/index.php?rest_route=\/wp\/v2\/users\/3"}],"replies":[{"embeddable":true,"href":"https:\/\/revistaepocadigital.com.ar\/index.php?rest_route=%2Fwp%2Fv2%2Fcomments&post=25935"}],"version-history":[{"count":0,"href":"https:\/\/revistaepocadigital.com.ar\/index.php?rest_route=\/wp\/v2\/posts\/25935\/revisions"}],"wp:featuredmedia":[{"embeddable":true,"href":"https:\/\/revistaepocadigital.com.ar\/index.php?rest_route=\/wp\/v2\/media\/25938"}],"wp:attachment":[{"href":"https:\/\/revistaepocadigital.com.ar\/index.php?rest_route=%2Fwp%2Fv2%2Fmedia&parent=25935"}],"wp:term":[{"taxonomy":"category","embeddable":true,"href":"https:\/\/revistaepocadigital.com.ar\/index.php?rest_route=%2Fwp%2Fv2%2Fcategories&post=25935"},{"taxonomy":"post_tag","embeddable":true,"href":"https:\/\/revistaepocadigital.com.ar\/index.php?rest_route=%2Fwp%2Fv2%2Ftags&post=25935"}],"curies":[{"name":"wp","href":"https:\/\/api.w.org\/{rel}","templated":true}]}}