{"id":2595,"date":"2019-06-11T17:18:28","date_gmt":"2019-06-11T20:18:28","guid":{"rendered":"https:\/\/revistaepocadigital.com.ar\/?p=2595"},"modified":"2019-06-11T17:20:13","modified_gmt":"2019-06-11T20:20:13","slug":"por-el-dia-del-periodista","status":"publish","type":"post","link":"https:\/\/revistaepocadigital.com.ar\/?p=2595","title":{"rendered":"Por el D\u00eda del Periodista"},"content":{"rendered":"<p><strong>UNA BUENA COSTUMBRE.<\/strong><!--more--><\/p>\n<p>Como todos los a\u00f1os, el municipio de Exaltaci\u00f3n de la Cruz agasaj\u00f3 a los periodistas de medios locales por el D\u00eda del Periodista, cumplido el 7 de junio.<\/p>\n<figure id=\"attachment_2597\" aria-describedby=\"caption-attachment-2597\" style=\"width: 300px\" class=\"wp-caption aligncenter\"><img loading=\"lazy\" decoding=\"async\" class=\"size-medium wp-image-2597\" src=\"https:\/\/revistaepocadigital.com.ar\/wp-content\/uploads\/2019\/06\/nanni-san-I-period-day19-300x231.jpg\" alt=\"\" width=\"300\" height=\"231\" srcset=\"https:\/\/revistaepocadigital.com.ar\/wp-content\/uploads\/2019\/06\/nanni-san-I-period-day19-300x231.jpg 300w, https:\/\/revistaepocadigital.com.ar\/wp-content\/uploads\/2019\/06\/nanni-san-I-period-day19-768x591.jpg 768w, https:\/\/revistaepocadigital.com.ar\/wp-content\/uploads\/2019\/06\/nanni-san-I-period-day19-696x536.jpg 696w, https:\/\/revistaepocadigital.com.ar\/wp-content\/uploads\/2019\/06\/nanni-san-I-period-day19-546x420.jpg 546w, https:\/\/revistaepocadigital.com.ar\/wp-content\/uploads\/2019\/06\/nanni-san-I-period-day19.jpg 876w\" sizes=\"auto, (max-width: 300px) 100vw, 300px\" \/><figcaption id=\"caption-attachment-2597\" class=\"wp-caption-text\">Nuestro director, el intendente, el secretario de gobierno y el colega Agnese, durante la reuni\u00f3n.<\/figcaption><\/figure>\n<p>El intendente<strong> Adri\u00e1n S\u00e1nchez<\/strong> junto al Secretario de Gobierno y candidato a intendente, <strong>Diego Nanni<\/strong> encabezaron el encuentro que tuvo lugar en<strong> di Trevi Restaurant<\/strong>. El jefe comunal resalt\u00f3 la labor de los periodistas y comunicadores sociales del distrito, a la vez que abog\u00f3 por la informaci\u00f3n brindada con seriedad y responsabilidad, acudiendo en todos los casos a las fuentes.<\/p>\n<p>S\u00e1nchez agradeci\u00f3 a su vez, el compromiso por informar con veracidad y tambi\u00e9n por oficiar como nexo con los vecinos, y tambi\u00e9n aprovech\u00f3 para para hablar del crecimiento de Exaltaci\u00f3n de la Cruz, resaltando el compromiso en los pilares fundamentales de su gesti\u00f3n.<\/p>\n<p>&nbsp;<\/p>\n<p>Fotos: prensa municipalidad<\/p>\n","protected":false},"excerpt":{"rendered":"<p>UNA BUENA COSTUMBRE.<\/p>\n","protected":false},"author":4,"featured_media":2596,"comment_status":"open","ping_status":"open","sticky":false,"template":"","format":"standard","meta":{"footnotes":"","jetpack_publicize_message":"","jetpack_publicize_feature_enabled":true,"jetpack_social_post_already_shared":false,"jetpack_social_options":{"image_generator_settings":{"template":"highway","default_image_id":0,"font":"","enabled":false},"version":2}},"categories":[13],"tags":[369],"class_list":["post-2595","post","type-post","status-publish","format-standard","has-post-thumbnail","hentry","category-interes-general","tag-dia-del-periodista"],"jetpack_publicize_connections":[],"jetpack_featured_media_url":"https:\/\/revistaepocadigital.com.ar\/wp-content\/uploads\/2019\/06\/period-day-19.jpg","jetpack_likes_enabled":true,"_links":{"self":[{"href":"https:\/\/revistaepocadigital.com.ar\/index.php?rest_route=\/wp\/v2\/posts\/2595","targetHints":{"allow":["GET"]}}],"collection":[{"href":"https:\/\/revistaepocadigital.com.ar\/index.php?rest_route=\/wp\/v2\/posts"}],"about":[{"href":"https:\/\/revistaepocadigital.com.ar\/index.php?rest_route=\/wp\/v2\/types\/post"}],"author":[{"embeddable":true,"href":"https:\/\/revistaepocadigital.com.ar\/index.php?rest_route=\/wp\/v2\/users\/4"}],"replies":[{"embeddable":true,"href":"https:\/\/revistaepocadigital.com.ar\/index.php?rest_route=%2Fwp%2Fv2%2Fcomments&post=2595"}],"version-history":[{"count":0,"href":"https:\/\/revistaepocadigital.com.ar\/index.php?rest_route=\/wp\/v2\/posts\/2595\/revisions"}],"wp:featuredmedia":[{"embeddable":true,"href":"https:\/\/revistaepocadigital.com.ar\/index.php?rest_route=\/wp\/v2\/media\/2596"}],"wp:attachment":[{"href":"https:\/\/revistaepocadigital.com.ar\/index.php?rest_route=%2Fwp%2Fv2%2Fmedia&parent=2595"}],"wp:term":[{"taxonomy":"category","embeddable":true,"href":"https:\/\/revistaepocadigital.com.ar\/index.php?rest_route=%2Fwp%2Fv2%2Fcategories&post=2595"},{"taxonomy":"post_tag","embeddable":true,"href":"https:\/\/revistaepocadigital.com.ar\/index.php?rest_route=%2Fwp%2Fv2%2Ftags&post=2595"}],"curies":[{"name":"wp","href":"https:\/\/api.w.org\/{rel}","templated":true}]}}