{"id":25950,"date":"2024-08-03T00:57:57","date_gmt":"2024-08-03T03:57:57","guid":{"rendered":"https:\/\/revistaepocadigital.com.ar\/?p=25950"},"modified":"2024-08-04T21:17:21","modified_gmt":"2024-08-05T00:17:21","slug":"baila-y-es-exitosa-en-certamenes-de-tango-jorgelina-arrieta-bailando-la-vida-es-mas-hermosa","status":"publish","type":"post","link":"https:\/\/revistaepocadigital.com.ar\/?p=25950","title":{"rendered":"BAILA Y ES EXITOSA EN CERT\u00c1MENES DE TANGO. JORGELINA ARRIETA, &#8220;BAILANDO LA VIDA ES M\u00c1S HERMOSA&#8221;"},"content":{"rendered":"<p><strong>ES CAPILLENSE. DESDE CUANDO ERA NI\u00d1A, LA M\u00daSICA INFLUY\u00d3 EN SU VIDA Y YA LE GUSTABA EL TANGO.<\/strong><!--more--><\/p>\n<p>Jorgelina Arrieta forma parte de una conocida familia de Capilla del Se\u00f1or. Activa y con inquietudes, un d\u00eda decidi\u00f3 aprender a bailar tango. As\u00ed comenz\u00f3 un camino que le demand\u00f3 esfuerzo, dedicaci\u00f3n, que sumados a su capacidad, le depararon muchas alegr\u00edias y satisfacciones. Las m\u00e1s recientes: junto a su compa\u00f1ero de baile, participaron en la <strong>etapa Preliminar del Mundial de Tango que tiene lugar en Buenos Aires dentro de poco. Se coronaron campeones en Tango, Milonga y Vals!, y el gran logro les otorg\u00f3 el derecho a bailar compitiendo en el Mundial 2024. <\/strong>Con ella convers\u00f3 <strong>EPOCA.<\/strong><\/p>\n<p>&nbsp;<\/p>\n<p><strong>-Cu\u00e1ndo y a que se debi\u00f3 que te inclinaras a bailar, y a bailar tango en especial?<\/strong><br \/>\n&#8211;<em>La m\u00fasica siempre reson\u00f3 en mi vida, desde chica. Con el paso del tiempo las obligaciones aumentan y una va perdiendo esos espacios que tanto bien hacen. Por ese tiempo ya escuchaba tango, el Polaco <\/em>(Roberto Goyeneche)<em> fue mi primer favorito; no, todav\u00eda no bailaba, ja!. Hasta que un d\u00eda a mis 37 a\u00f1os, tom\u00e9 la primera clase de tango, podr\u00eda decirse que empec\u00e9 bailar tango buscando conectarme m\u00e1s con la m\u00fasica, con la danza. Despu\u00e9s de ese d\u00eda entend\u00ed que el tango hab\u00eda llegado para ser parte de mi vida, te juro<\/em>.<\/p>\n<p>&#8211;<strong>Adem\u00e1s seguramente, de tu pasi\u00f3n por bailar, estudiaste, te asesoraste, para luego comenzar.<\/strong><br \/>\n<em>-Desde esa primera clase que te contaba, siempre estuve en movimiento. Empec\u00e9 a viajar para tomar clases con profesores referentes de Campana y Z\u00e1rate. Luego pas\u00e9 a ir a Capital, me interesaba mucho asistir a diferentes clases o seminarios. Y bueno, desde siempre entonces he seguido tomando clases cada vez que puedo. Ocurre que es un camino que nunca se detiene, formarse, ensayar, encontrar nuevos desaf\u00edos hace que sea un continuo aprendizaje.<\/em><\/p>\n<p>&nbsp;<\/p>\n<p><strong><img loading=\"lazy\" decoding=\"async\" class=\"alignleft size-medium wp-image-25959\" src=\"https:\/\/revistaepocadigital.com.ar\/wp-content\/uploads\/2024\/07\/88-171x300.jpg\" alt=\"\" width=\"171\" height=\"300\" srcset=\"https:\/\/revistaepocadigital.com.ar\/wp-content\/uploads\/2024\/07\/88-171x300.jpg 171w, https:\/\/revistaepocadigital.com.ar\/wp-content\/uploads\/2024\/07\/88-239x420.jpg 239w, https:\/\/revistaepocadigital.com.ar\/wp-content\/uploads\/2024\/07\/88.jpg 334w\" sizes=\"auto, (max-width: 171px) 100vw, 171px\" \/>-En Exaltaci\u00f3n de la Cruz, hay muchos bailarines de tango, hombres y mujeres?<\/strong><br \/>\n<em>-No s\u00e9 realmente, la cantidad de bailarines de tango hay en el partido. En las ciudades alejadas de Capital, siempre es m\u00e1s complicada la convocatoria. Pero bueno, es permanente la gente que quiere sumarse. La idea es que cada vez seamos m\u00e1s. Por esa raz\u00f3n, desde hace dos a\u00f1os, los mi\u00e9rcoles a las 19.30 empec\u00e9 a dar clases. \u00bfDonde?, en el sal\u00f3n Roma de Capilla del Se\u00f1or, es una forma porqu\u00e9 no, de devolverle al tango un poquito de todo lo que me obsequi\u00f3. Y entonces, as\u00ed el semillero sigue creciendo, je<\/em>.<\/p>\n<pre><em>Jorgelina Arrieta<\/em><\/pre>\n<p>&#8211;<strong>\u00bfQue tipo de tango bail\u00e1s. Existen mas de una variante?<\/strong><br \/>\n<em>-En el tango hay dos variantes Tango escenario y Tango de Pista, o tambi\u00e9n conocido como Tango Sal\u00f3n. Desde ya, sin olvidarme de la Milonga y el Vals. El Tango Escenario, a su vez, es un tipo de baile marcado con una coreograf\u00eda, que incluye saltos, trucos, entre otras rutinas. El Tango Sal\u00f3n es un baile m\u00e1s a piso, donde la improvisaci\u00f3n es un punto fundamental; es el tipo de tango que se baila en las Milongas. Yo bailo Tango Sal\u00f3n y tambi\u00e9n Milonga y Vals. Cada uno con su estilo diferente, donde como digo, la improvisaci\u00f3n juega su rol y sumada a la m\u00fasica hace que sea cada Tango, Vals o Milonga bailada sea distinta!<\/em><\/p>\n<p><span style=\"color: #ff6600;\"><strong>&#8220;T<em>odos los caminos de mi aprendizaje, me enfrentaron a desaf\u00edos diferentes&#8221;<\/em><\/strong><\/span><\/p>\n<p>&#8211;<strong>\u00bfCu\u00e1l es la &#8220;materia&#8221; mas dif\u00edcil digamos, para aprender a bailar tango y luego para competir?, y \u00bfcu\u00e1nto tiempo llevas compitiendo<\/strong>?<br \/>\n&#8211;<em>C\u00f3mo cualquiera de las danzas, cuando te inicias, se abren muchos caminos a recorrer; y nos encontramos con la t\u00e9cnica, la conciencia corporal, la m\u00fasica entre otros aspectos a tener muy en cuenta. Por eso, la verdad, se hace muy dif\u00edcil definir una &#8220;materia&#8221; digamos, porque para todos es distinta. En mi caso todos los caminos de mi aprendizaje, me enfrentaron a desaf\u00edos diferentes. Me gusta tomar clases y aceptar nuevos retos t\u00e9cnicos. Ahora bien, en cuanto al tiempo que llevo compitiendo, mir\u00e1 es casi el mismo del que llevo bailando. Al a\u00f1o de empezar a bailar, particip\u00e9 por primera vez en una competencia. Suena osado tal vez, pero para m\u00ed fue divertido. No bail\u00e9 pensando en ganar, si en dar lo mejor de mi en cada etapa de baile que iba atravesando.<\/em><\/p>\n<p><img loading=\"lazy\" decoding=\"async\" class=\"aligncenter size-full wp-image-25961\" src=\"https:\/\/revistaepocadigital.com.ar\/wp-content\/uploads\/2024\/07\/999999-1.jpg\" alt=\"\" width=\"591\" height=\"272\" \/><\/p>\n<pre><em>Arrieta y su compa\u00f1ero de baile, ganadores y con el pase<\/em>\n<em>al muy cercano Mundial de Tango\u00a0\u00a0de 2024 asegurado.<\/em><\/pre>\n<p>&#8211;<strong>La preparaci\u00f3n f\u00edsica que importancia tiene, como es tu programa de ensayos?<\/strong><br \/>\n<em>-La preparaci\u00f3n f\u00edsica es importante. Primero porque siempre un cuerpo entrenado es un cuerpo saludable. Y si de la danza se trata, cuanto m\u00e1s avanzado en el nivel al bailar, m\u00e1s preparaci\u00f3n f\u00edsica es necesaria. Van de la mano. Actualmente con mi compa\u00f1ero, tomamos clases de tango y sumamos horas de ensayo, y por mi parte le sumo clases de pilates y preparaci\u00f3n f\u00edsica.<\/em><\/p>\n<p><strong>-Sos una mujer muy joven, y desde ya escuchar\u00e1s m\u00fasica actual, distintos ritmos, \u00bfque te transmiten si los compar\u00e1s con el tango? Y, que lleva a una mujer joven a bailar tango y a competir?<\/strong><br \/>\n<em>-Mir\u00e1, me gusta escuchar m\u00fasica variada, no s\u00f3lo tango, y no puedo comparar los distintos ritmos; lo pienso m\u00e1s en como cambiar el chip. Me gusta esa adaptaci\u00f3n continua a trav\u00e9s de la m\u00fasica; lo bueno es que bailando la vida es m\u00e1s hermosa.<\/em><\/p>\n<p><span style=\"color: #ff6600;\"><strong>\u00bfLa t\u00e9cnica o el sentimiento?<\/strong><\/span><\/p>\n<p>&#8211;<strong>Para bailar y competir, y en funci\u00f3n de tu experiencia, \u00bfen que pon\u00e9s m\u00e1s hincapi\u00e9 en la t\u00e9cnica o en el sentimiento?<\/strong><br \/>\n&#8211;<em>Son dos factores importantes al momento de bailar en una competencia, se tiene que dar el equilibrio justo entre t\u00e9cnica y el sentimiento. Ocurre que no es s\u00f3lo bailar correctamente, sino tambi\u00e9n interpretar. Y si hay interpretaci\u00f3n hay sentimiento<\/em>.<\/p>\n<p><img loading=\"lazy\" decoding=\"async\" class=\"alignright size-full wp-image-25956\" src=\"https:\/\/revistaepocadigital.com.ar\/wp-content\/uploads\/2024\/07\/arrie-3.jpg\" alt=\"\" width=\"425\" height=\"683\" srcset=\"https:\/\/revistaepocadigital.com.ar\/wp-content\/uploads\/2024\/07\/arrie-3.jpg 425w, https:\/\/revistaepocadigital.com.ar\/wp-content\/uploads\/2024\/07\/arrie-3-187x300.jpg 187w, https:\/\/revistaepocadigital.com.ar\/wp-content\/uploads\/2024\/07\/arrie-3-261x420.jpg 261w\" sizes=\"auto, (max-width: 425px) 100vw, 425px\" \/><\/p>\n<p><strong>-\u00bfAlgunas competencias donde has participado, logros alcanzados, tu emoci\u00f3n mas intensa bailando tango?<\/strong><br \/>\n&#8211;<em>C\u00f3mo te contaba, las competencias fueron al a\u00f1o de empezar a bailar. Y bail\u00e9 con diferentes compa\u00f1eros, he participado en muchos eventos como fue en la primera Preliminar del Mundial de Tango en el 2016, en la Subsede Villa Constituci\u00f3n, Santa F\u00e9, donde nos eligieron como campeones en Milonga; fue una alegr\u00eda tremenda!. Despu\u00e9s en el 2017, volvimos a competir en la Subsede de Villa Constituci\u00f3n y esa vez, fuimos campeones en Milonga y en Tango, terceros. Ese mismo a\u00f1o, participamos en el Campeonato &#8220;Metropolitano&#8221; en la Ciudad de Buenos Aires, que es la segunda competencia mas importante de la Argentina luego del Mundial. Bailamos en la categor\u00eda Milonga, pasamos las etapas clasificatorias, entramos en las semifinales y llegamos a la final que fue en la Usina del Arte, un complejo muy lindo que tiene Buenos Aires. En la final si bien no hicimos podio, nuestra alegr\u00eda y satisfacci\u00f3n por llegar a esa instancia decisiva en un evento donde hubo parejas bailando que son brillantes, fue enorme; el hecho adem\u00e1s de participar en esa definici\u00f3n, de estar en esa pista nos result\u00f3 inolvidable. A su vez, tambi\u00e9n en la ciudad de Salto, provincia de Buenos Aires, participamos en el Festival &#8220;Carlos Gardel&#8221; y fuimos campeones en Milonga, adem\u00e1s terceros en Tango y en la categor\u00eda &#8220;Milonguera&#8221;, consegu\u00ed el primer puesto. En esta categor\u00eda compet\u00eds en forma individual, y el puntaje es igual, bail\u00e1s tres tangos y rotas con los otros participantes, es decir no bail\u00e1s con tu compa\u00f1ero, fue muy divertido!. Tambi\u00e9n puedo mencionar que salimos campeones en Milonga con mi compa\u00f1ero actual en la etapa preliminar del Mundial de Tango que se hizo en Campana el a\u00f1o pasado, y bueno, la \u00faltima competencia en la que tomamos parte fue la etapa Preliminar del Mundial de Tango 2024 y salimos campeones en Tango, Milonga y Vals!, tuvo lugar en la Subsede\u00a0de Pinamar.<\/em><\/p>\n<p><strong>-Significa que van a participar en el Mundial de Tango de este a\u00f1o.<\/strong><br \/>\n<em>-S\u00edi, haber ganado en Tango en la etapa Preliminar, nos lleva a participar en agosto en la la Semifinal del Mundial 2024. As\u00ed que Capilla del Se\u00f1or est\u00e1 presente en una semifinal de un Mundial, estamos muy contentos y optimistas<\/em>.<\/p>\n","protected":false},"excerpt":{"rendered":"<p>ES CAPILLENSE. DESDE CUANDO ERA NI\u00d1A, LA M\u00daSICA INFLUY\u00d3 EN SU VIDA Y YA LE GUSTABA EL TANGO.<\/p>\n","protected":false},"author":4,"featured_media":25971,"comment_status":"open","ping_status":"open","sticky":false,"template":"","format":"standard","meta":{"footnotes":"","jetpack_publicize_message":"","jetpack_publicize_feature_enabled":true,"jetpack_social_post_already_shared":true,"jetpack_social_options":{"image_generator_settings":{"template":"highway","default_image_id":0,"font":"","enabled":false},"version":2}},"categories":[14],"tags":[2834,2813],"class_list":["post-25950","post","type-post","status-publish","format-standard","has-post-thumbnail","hentry","category-la-gente","tag-arrieta-jorgelina","tag-tango"],"jetpack_publicize_connections":[],"jetpack_featured_media_url":"https:\/\/revistaepocadigital.com.ar\/wp-content\/uploads\/2024\/07\/arrie-011.jpg","jetpack_likes_enabled":true,"_links":{"self":[{"href":"https:\/\/revistaepocadigital.com.ar\/index.php?rest_route=\/wp\/v2\/posts\/25950","targetHints":{"allow":["GET"]}}],"collection":[{"href":"https:\/\/revistaepocadigital.com.ar\/index.php?rest_route=\/wp\/v2\/posts"}],"about":[{"href":"https:\/\/revistaepocadigital.com.ar\/index.php?rest_route=\/wp\/v2\/types\/post"}],"author":[{"embeddable":true,"href":"https:\/\/revistaepocadigital.com.ar\/index.php?rest_route=\/wp\/v2\/users\/4"}],"replies":[{"embeddable":true,"href":"https:\/\/revistaepocadigital.com.ar\/index.php?rest_route=%2Fwp%2Fv2%2Fcomments&post=25950"}],"version-history":[{"count":0,"href":"https:\/\/revistaepocadigital.com.ar\/index.php?rest_route=\/wp\/v2\/posts\/25950\/revisions"}],"wp:featuredmedia":[{"embeddable":true,"href":"https:\/\/revistaepocadigital.com.ar\/index.php?rest_route=\/wp\/v2\/media\/25971"}],"wp:attachment":[{"href":"https:\/\/revistaepocadigital.com.ar\/index.php?rest_route=%2Fwp%2Fv2%2Fmedia&parent=25950"}],"wp:term":[{"taxonomy":"category","embeddable":true,"href":"https:\/\/revistaepocadigital.com.ar\/index.php?rest_route=%2Fwp%2Fv2%2Fcategories&post=25950"},{"taxonomy":"post_tag","embeddable":true,"href":"https:\/\/revistaepocadigital.com.ar\/index.php?rest_route=%2Fwp%2Fv2%2Ftags&post=25950"}],"curies":[{"name":"wp","href":"https:\/\/api.w.org\/{rel}","templated":true}]}}