{"id":25972,"date":"2024-07-23T01:49:44","date_gmt":"2024-07-23T04:49:44","guid":{"rendered":"https:\/\/revistaepocadigital.com.ar\/?p=25972"},"modified":"2024-07-23T01:49:44","modified_gmt":"2024-07-23T04:49:44","slug":"servicio-electrico-segmentacion-tarifaria-inscribite-y-mantene-tu-beneficio","status":"publish","type":"post","link":"https:\/\/revistaepocadigital.com.ar\/?p=25972","title":{"rendered":"SERVICIO EL\u00c9CTRICO. SEGMENTACI\u00d3N TARIFARIA: INSCRIBITE Y MANTEN\u00c9 TU BENEFICIO"},"content":{"rendered":"<div><\/div>\n<div data-test-id=\"message-body-container\">\n<div class=\"I_ZkbNhI D_FY W_6D6F\" data-test-id=\"message-view-body\">\n<div class=\"msg-body P_wpofO mq_AS\" data-test-id=\"message-view-body-content\">\n<div class=\"jb_0 X_6MGW N_6Fd5\">\n<div id=\"yiv5102049245\">\n<div><strong>HASTA\u00a0 EL 4 DE AGOSTO.<\/strong><\/div>\n<div><strong><br \/>\n<!--more--><\/strong><\/div>\n<div><\/div>\n<div>La Direcci\u00f3n de Defensa del Consumidor y Transporte del municipio, inform\u00f3 que hasta el pr\u00f3ximo 4 de agosto hay tiempo para que los usuarios se inscriban a modo de mantener el subsidio a la energ\u00eda el\u00e9ctrica.<\/div>\n<div><\/div>\n<div>Hay que recordar que en caso de a\u00fan no haberse inscriptos las personas, o bien haya quienes no quedaran incluidos en el registro de acceso a los subsidios a la energ\u00eda, debens hacerlo a trav\u00e9s de la p\u00e1gina argentina.gob.ar\/subsidios, o bien acerc\u00e1ndote a la municipalidad.<\/div>\n<div><\/div>\n<div>\u2705 Si sos beneficiario de la TARIFA SOCIAL y\/o alg\u00fan programa provincial, est\u00e1s inscripto provisoriamente, por lo cual debes HACER LA INSCRIPCI\u00d3N.<\/div>\n<div><\/div>\n<div>\u2705 La segmentaci\u00f3n consta de tres grupos de usuarios residenciales:<\/div>\n<div>N1: INGRESOS ALTOS<\/div>\n<div>N2: INGRESOS BAJOS<\/div>\n<div>N3: INGRESOS MEDIOS<\/div>\n<div><\/div>\n<div>Los Usuarios registrados como N2 ingresos Bajos mantendr\u00e1n un esquema de subsidio para aquellos consumos que no excedan los 350 Kwh\/mes (kilowatt hora mes) pasado ese consumo se abonara la tarifa plena.<\/div>\n<div><\/div>\n<div>Los usuarios registrados como N3 Ingresos Medios mantienen el subsidio para los primeros 250 Kwh\/mes de consumo (todo consumo superior a los 250 Kwh pagar\u00e1 la tarifa plena)<\/div>\n<div><\/div>\n<div>\u2757En el caso de no inscribirse se ingresa autom\u00e1ticamente a la categor\u00eda de ingresos altos.<\/div>\n<div><\/div>\n<p>\ud83d\udccc El 4 de agosto del corriente a\u00f1o es la fecha l\u00edmite.<\/p>\n<p>&nbsp;<\/p>\n<\/div>\n<p><strong>EN PAV\u00d3N, MI\u00c9RCOLES 24 DE JULIO<\/strong><\/p>\n<\/div>\n<\/div>\n<\/div>\n<\/div>\n<p>&nbsp;<\/p>\n<p><img loading=\"lazy\" decoding=\"async\" class=\"aligncenter size-full wp-image-25975\" src=\"https:\/\/revistaepocadigital.com.ar\/wp-content\/uploads\/2024\/07\/IMG_3881.jpg\" alt=\"\" width=\"446\" height=\"806\" srcset=\"https:\/\/revistaepocadigital.com.ar\/wp-content\/uploads\/2024\/07\/IMG_3881.jpg 446w, https:\/\/revistaepocadigital.com.ar\/wp-content\/uploads\/2024\/07\/IMG_3881-166x300.jpg 166w, https:\/\/revistaepocadigital.com.ar\/wp-content\/uploads\/2024\/07\/IMG_3881-232x420.jpg 232w\" sizes=\"auto, (max-width: 446px) 100vw, 446px\" \/><\/p>\n","protected":false},"excerpt":{"rendered":"<p>HASTA\u00a0 EL 4 DE AGOSTO.<\/p>\n","protected":false},"author":3,"featured_media":25976,"comment_status":"open","ping_status":"open","sticky":false,"template":"","format":"standard","meta":{"footnotes":"","jetpack_publicize_message":"","jetpack_publicize_feature_enabled":true,"jetpack_social_post_already_shared":true,"jetpack_social_options":{"image_generator_settings":{"template":"highway","default_image_id":0,"font":"","enabled":false},"version":2}},"categories":[13],"tags":[206,1004],"class_list":["post-25972","post","type-post","status-publish","format-standard","has-post-thumbnail","hentry","category-interes-general","tag-luz","tag-subsidios"],"jetpack_publicize_connections":[],"jetpack_featured_media_url":"https:\/\/revistaepocadigital.com.ar\/wp-content\/uploads\/2024\/07\/IMG_3881-1.jpg","jetpack_likes_enabled":true,"_links":{"self":[{"href":"https:\/\/revistaepocadigital.com.ar\/index.php?rest_route=\/wp\/v2\/posts\/25972","targetHints":{"allow":["GET"]}}],"collection":[{"href":"https:\/\/revistaepocadigital.com.ar\/index.php?rest_route=\/wp\/v2\/posts"}],"about":[{"href":"https:\/\/revistaepocadigital.com.ar\/index.php?rest_route=\/wp\/v2\/types\/post"}],"author":[{"embeddable":true,"href":"https:\/\/revistaepocadigital.com.ar\/index.php?rest_route=\/wp\/v2\/users\/3"}],"replies":[{"embeddable":true,"href":"https:\/\/revistaepocadigital.com.ar\/index.php?rest_route=%2Fwp%2Fv2%2Fcomments&post=25972"}],"version-history":[{"count":0,"href":"https:\/\/revistaepocadigital.com.ar\/index.php?rest_route=\/wp\/v2\/posts\/25972\/revisions"}],"wp:featuredmedia":[{"embeddable":true,"href":"https:\/\/revistaepocadigital.com.ar\/index.php?rest_route=\/wp\/v2\/media\/25976"}],"wp:attachment":[{"href":"https:\/\/revistaepocadigital.com.ar\/index.php?rest_route=%2Fwp%2Fv2%2Fmedia&parent=25972"}],"wp:term":[{"taxonomy":"category","embeddable":true,"href":"https:\/\/revistaepocadigital.com.ar\/index.php?rest_route=%2Fwp%2Fv2%2Fcategories&post=25972"},{"taxonomy":"post_tag","embeddable":true,"href":"https:\/\/revistaepocadigital.com.ar\/index.php?rest_route=%2Fwp%2Fv2%2Ftags&post=25972"}],"curies":[{"name":"wp","href":"https:\/\/api.w.org\/{rel}","templated":true}]}}