{"id":25985,"date":"2024-07-24T01:30:11","date_gmt":"2024-07-24T04:30:11","guid":{"rendered":"https:\/\/revistaepocadigital.com.ar\/?p=25985"},"modified":"2024-07-24T01:30:11","modified_gmt":"2024-07-24T04:30:11","slug":"corte-de-energia-electrica-informo-cepral","status":"publish","type":"post","link":"https:\/\/revistaepocadigital.com.ar\/?p=25985","title":{"rendered":"CORTE DE ENERG\u00cdA EL\u00c9CTRICA. INFORM\u00d3 CEPRAL"},"content":{"rendered":"<p><strong>EL MARTES 23 DE JULIO.<\/strong><\/p>\n<p>Servicio El\u00e9ctrico<!--more--><\/p>\n<p>El Consejo de Administraci\u00f3n de Cepral hizo saber:<\/p>\n<p>Estimados Usuarios:<\/p>\n<p>Barrios Arroyo de la Cruz, Altos de Ca\u00f1ad\u00f3n, Capilla Polo y zonas aleda\u00f1as a la ruta provincial N\u00b0 192.<\/p>\n<p>Comunicamos que este martes 23\/07\/24 se realizaba un corte de energ\u00eda por tareas de mantenimiento y reestructuraci\u00f3n sobre la Red en Media Tensi\u00f3n en el tramo Arroyo de la Cruz, el que afectar\u00e1 a 600 usuarios.<\/p>\n<p>El mencionado corte se llevar\u00e1 a cabo en el tramo horario de 14:30 hs a 17:00 hs y estar\u00e1 centralizado sobre Ruta Provincial 192 hacia Capilla del Se\u00f1or, los callejones rurales que vinculan los barrios Arroyo de la Cruz, Altos de Ca\u00f1ad\u00f3n, Capilla Polo 2 y callejones rurales aleda\u00f1os.<\/p>\n<p>Si el tiempo se torna inestable, se re-programaban las tareas para otro d\u00eda.<\/p>\n<p>&nbsp;<\/p>\n","protected":false},"excerpt":{"rendered":"<p>EL MARTES 23 DE JULIO. Servicio El\u00e9ctrico<\/p>\n","protected":false},"author":3,"featured_media":25990,"comment_status":"open","ping_status":"open","sticky":false,"template":"","format":"standard","meta":{"footnotes":"","jetpack_publicize_message":"","jetpack_publicize_feature_enabled":true,"jetpack_social_post_already_shared":true,"jetpack_social_options":{"image_generator_settings":{"template":"highway","default_image_id":0,"font":"","enabled":false},"version":2}},"categories":[5],"tags":[1795],"class_list":["post-25985","post","type-post","status-publish","format-standard","has-post-thumbnail","hentry","category-aqui-parada-robles","tag-corte-luz"],"jetpack_publicize_connections":[],"jetpack_featured_media_url":"https:\/\/revistaepocadigital.com.ar\/wp-content\/uploads\/2024\/07\/mail-1-3-e1721795315959.jpeg","jetpack_likes_enabled":true,"_links":{"self":[{"href":"https:\/\/revistaepocadigital.com.ar\/index.php?rest_route=\/wp\/v2\/posts\/25985","targetHints":{"allow":["GET"]}}],"collection":[{"href":"https:\/\/revistaepocadigital.com.ar\/index.php?rest_route=\/wp\/v2\/posts"}],"about":[{"href":"https:\/\/revistaepocadigital.com.ar\/index.php?rest_route=\/wp\/v2\/types\/post"}],"author":[{"embeddable":true,"href":"https:\/\/revistaepocadigital.com.ar\/index.php?rest_route=\/wp\/v2\/users\/3"}],"replies":[{"embeddable":true,"href":"https:\/\/revistaepocadigital.com.ar\/index.php?rest_route=%2Fwp%2Fv2%2Fcomments&post=25985"}],"version-history":[{"count":0,"href":"https:\/\/revistaepocadigital.com.ar\/index.php?rest_route=\/wp\/v2\/posts\/25985\/revisions"}],"wp:featuredmedia":[{"embeddable":true,"href":"https:\/\/revistaepocadigital.com.ar\/index.php?rest_route=\/wp\/v2\/media\/25990"}],"wp:attachment":[{"href":"https:\/\/revistaepocadigital.com.ar\/index.php?rest_route=%2Fwp%2Fv2%2Fmedia&parent=25985"}],"wp:term":[{"taxonomy":"category","embeddable":true,"href":"https:\/\/revistaepocadigital.com.ar\/index.php?rest_route=%2Fwp%2Fv2%2Fcategories&post=25985"},{"taxonomy":"post_tag","embeddable":true,"href":"https:\/\/revistaepocadigital.com.ar\/index.php?rest_route=%2Fwp%2Fv2%2Ftags&post=25985"}],"curies":[{"name":"wp","href":"https:\/\/api.w.org\/{rel}","templated":true}]}}