{"id":26030,"date":"2024-07-25T16:41:39","date_gmt":"2024-07-25T19:41:39","guid":{"rendered":"https:\/\/revistaepocadigital.com.ar\/?p=26030"},"modified":"2024-07-25T16:42:24","modified_gmt":"2024-07-25T19:42:24","slug":"por-la-crisis-seis-de-cada-diez-argentinos-consumen-menos-y-postergan-comprar","status":"publish","type":"post","link":"https:\/\/revistaepocadigital.com.ar\/?p=26030","title":{"rendered":"Por la crisis, seis de cada diez argentinos consumen menos y postergan comprar"},"content":{"rendered":"<article class=\"precontent update\">\n<h4 class=\"tit-ficha\"><strong>AJUST\u00c1NDOSE LOS CINTURONES.<\/strong><\/h4>\n<\/article>\n<p><!--more--><\/p>\n<figure class=\"image-detail\"><picture class=\"wlz\"><source srcset=\"https:\/\/statics.eleconomista.com.ar\/2024\/05\/crop\/665a29cca8979__950x512.webp\" media=\"(min-width: 1000px)\" \/><\/picture><figcaption>Seis de cada diez argentinos afirman estar teniendo un menor consumo que el a\u00f1o pasado.<\/p>\n<h6 class=\"sufix-ficha\">En las personas mayores de 43 a\u00f1os, la ca\u00edda del consumo es mayor y alcanza a un 70% de la poblaci\u00f3n.<\/h6>\n<\/figcaption><\/figure>\n<div class=\"row\">\n<div class=\"content-news\">\n<div id=\"sticky-wrapper\" class=\"sticky-wrapper is-sticky\">\n<div class=\"sticky redes-share no-autor\">\n<div class=\"items unique\"><\/div>\n<\/div>\n<\/div>\n<article class=\"content\">El consumo de los argentinos represent\u00f3 una <strong>ca\u00edda abrupta en comparaci\u00f3n a 2023<\/strong>, lo que gener\u00f3 un contexto de recesi\u00f3n y<strong>\u00a0seis de cada diez argentinos afirman estar teniendo un menor consumo que el a\u00f1o pasado.\u00a0<\/strong><\/p>\n<ul>\n<li><mark class=\"marker-yellow\"><strong>En el informe de Taqui\u00f3n, destacaron tambi\u00e9n que en la Generaci\u00f3n X, los de 43 a 54 a\u00f1os de edad, la ca\u00edda del consumo alcanz\u00f3 al 70% de la poblaci\u00f3n.<\/strong><\/mark><\/li>\n<\/ul>\n<p>Seg\u00fan el informe, un 36% de los argentinos tuvieron una reducci\u00f3n significativa del consumo, mientras que un 24% declara haber tenido una ca\u00edda ligera. En cambio, el 23% no siente estar consumiendo menos, mientras que el 9% asegura que aumento ligeramente y el 8% significativamente.<\/p>\n<p>Aunque hay una ca\u00edda generalizada en el contexto recesivo, no todos los rubros se vieron afectados de igual manera:<\/p>\n<div class=\"statics_module block-aside\"><\/div>\n<ul>\n<li>El 62% compr\u00f3 al menos un art\u00edculo de ropa y calzado.<\/li>\n<li>El 50% realiz\u00f3 compras relacionadas con el ocio.<\/li>\n<li>El 39% compr\u00f3 productos de ocio y tecnolog\u00eda.<\/li>\n<\/ul>\n<p>A pesar de la ca\u00edda del consumo, que muchas veces genera que la gente opte por art\u00edculos similares de menor valor, siete de cada diez argentinos se mantiene en las misma marcas. En medio de la recesi\u00f3n y la, todav\u00eda, alta inflaci\u00f3n, el precio no termina de imponerse a la familiaridad del producto.<\/p>\n<p>En la misma l\u00ednea, el 22% de los consumidores compran en raz\u00f3n de la opini\u00f3n que tengan otros clientes sobre el producto, m\u00e1s all\u00e1 del precio, que es la prioridad para el 20%.<\/p>\n<div class=\"rela\">\n<div class=\"pic\">Por el contrario, solo el 3% pone en la balanza que un producto sea innovador a la hora de comprarlo. En cuanto a las marcas, el informe revel\u00f3 que en alimentos se tiende a ceder m\u00e1s que en tecnolog\u00eda o indumentaria, donde prevalecen las firmas reconocidas<\/div>\n<div class=\"info\">\n<h3 class=\"tit\"><a title=\"Miguel Kiguel: &quot;Para que la gente sienta la mejora deber\u00edamos tener 3 o 4 meses buenos&quot;\" href=\"https:\/\/eleconomista.com.ar\/economia\/miguel-kiguel-para-gente-sienta-mejora-deberiamos-tener-3-o-4-meses-buenos-n75833\">Panorama del economista Miguel Kiguel: &#8220;Para que la gente sienta la mejora deber\u00edamos tener 3 o 4 meses buenos&#8221;<\/a><\/h3>\n<\/div>\n<\/div>\n<p>nota publicada en eleconomista.com.ar<\/p>\n<\/article>\n<\/div>\n<\/div>\n","protected":false},"excerpt":{"rendered":"<p>AJUST\u00c1NDOSE LOS CINTURONES.<\/p>\n","protected":false},"author":3,"featured_media":26035,"comment_status":"open","ping_status":"open","sticky":false,"template":"","format":"standard","meta":{"footnotes":"","jetpack_publicize_message":"","jetpack_publicize_feature_enabled":true,"jetpack_social_post_already_shared":true,"jetpack_social_options":{"image_generator_settings":{"template":"highway","default_image_id":0,"font":"","enabled":false},"version":2}},"categories":[17],"tags":[937,2816],"class_list":["post-26030","post","type-post","status-publish","format-standard","has-post-thumbnail","hentry","category-politica","tag-crisis","tag-menos-consumo"],"jetpack_publicize_connections":[],"jetpack_featured_media_url":"https:\/\/revistaepocadigital.com.ar\/wp-content\/uploads\/2024\/07\/jubilados-supermercados.webp","jetpack_likes_enabled":true,"_links":{"self":[{"href":"https:\/\/revistaepocadigital.com.ar\/index.php?rest_route=\/wp\/v2\/posts\/26030","targetHints":{"allow":["GET"]}}],"collection":[{"href":"https:\/\/revistaepocadigital.com.ar\/index.php?rest_route=\/wp\/v2\/posts"}],"about":[{"href":"https:\/\/revistaepocadigital.com.ar\/index.php?rest_route=\/wp\/v2\/types\/post"}],"author":[{"embeddable":true,"href":"https:\/\/revistaepocadigital.com.ar\/index.php?rest_route=\/wp\/v2\/users\/3"}],"replies":[{"embeddable":true,"href":"https:\/\/revistaepocadigital.com.ar\/index.php?rest_route=%2Fwp%2Fv2%2Fcomments&post=26030"}],"version-history":[{"count":0,"href":"https:\/\/revistaepocadigital.com.ar\/index.php?rest_route=\/wp\/v2\/posts\/26030\/revisions"}],"wp:featuredmedia":[{"embeddable":true,"href":"https:\/\/revistaepocadigital.com.ar\/index.php?rest_route=\/wp\/v2\/media\/26035"}],"wp:attachment":[{"href":"https:\/\/revistaepocadigital.com.ar\/index.php?rest_route=%2Fwp%2Fv2%2Fmedia&parent=26030"}],"wp:term":[{"taxonomy":"category","embeddable":true,"href":"https:\/\/revistaepocadigital.com.ar\/index.php?rest_route=%2Fwp%2Fv2%2Fcategories&post=26030"},{"taxonomy":"post_tag","embeddable":true,"href":"https:\/\/revistaepocadigital.com.ar\/index.php?rest_route=%2Fwp%2Fv2%2Ftags&post=26030"}],"curies":[{"name":"wp","href":"https:\/\/api.w.org\/{rel}","templated":true}]}}