{"id":26086,"date":"2024-07-31T12:20:07","date_gmt":"2024-07-31T15:20:07","guid":{"rendered":"https:\/\/revistaepocadigital.com.ar\/?p=26086"},"modified":"2024-07-31T12:20:46","modified_gmt":"2024-07-31T15:20:46","slug":"seguridad-sumo-un-nuevo-vehiculo-para-la-guardia-urbana","status":"publish","type":"post","link":"https:\/\/revistaepocadigital.com.ar\/?p=26086","title":{"rendered":"SEGURIDAD: SUM\u00d3 UN NUEVO VEH\u00cdCULO PARA LA GUARDIA URBANA"},"content":{"rendered":"<div class=\"xdj266r x11i5rnm xat24cr x1mh8g0r x1vvkbs x126k92a\">\n<div dir=\"auto\"><strong>EL SEXTO.<\/strong><\/div>\n<\/div>\n<p><!--more--><\/p>\n<div dir=\"auto\"><\/div>\n<div dir=\"auto\">La flota de veh\u00edculos de la Guardia Urbana, cuenta con una nueva camioneta 0 km, sexta unidad incorporada al \u00e1rea de la actual gesti\u00f3n en el municipio.<\/div>\n<div dir=\"auto\"><\/div>\n<div dir=\"auto\">La incorporaci\u00f3n mejorar\u00e1 las tareas en materia de seguridad, sumando tecnolog\u00eda y fortaleciendo los trabajos de prevenci\u00f3n del delito.\u00a0 Dicha camioneta es parte de la compensaci\u00f3n del Parque Industrial Ruta 6, que se suma, hasta el momento, a la entrega de otro veh\u00edculo y el mam\u00f3grafo del Hospital San Jos\u00e9.<\/div>\n<div dir=\"auto\"><\/div>\n<div dir=\"auto\">La tarea de la Guardia Urbana adquiere importancia para los vecinos, y es necesaria su labor las 24 horas del d\u00eda.<\/div>\n","protected":false},"excerpt":{"rendered":"<p>EL SEXTO.<\/p>\n","protected":false},"author":4,"featured_media":26087,"comment_status":"open","ping_status":"open","sticky":false,"template":"","format":"standard","meta":{"footnotes":"","jetpack_publicize_message":"","jetpack_publicize_feature_enabled":true,"jetpack_social_post_already_shared":true,"jetpack_social_options":{"image_generator_settings":{"template":"highway","default_image_id":0,"font":"","enabled":false},"version":2}},"categories":[11],"tags":[2825,2826],"class_list":["post-26086","post","type-post","status-publish","format-standard","has-post-thumbnail","hentry","category-entidades","tag-guardia-urbana","tag-okm"],"jetpack_publicize_connections":[],"jetpack_featured_media_url":"https:\/\/revistaepocadigital.com.ar\/wp-content\/uploads\/2024\/07\/guardia-ur.jpg","jetpack_likes_enabled":true,"_links":{"self":[{"href":"https:\/\/revistaepocadigital.com.ar\/index.php?rest_route=\/wp\/v2\/posts\/26086","targetHints":{"allow":["GET"]}}],"collection":[{"href":"https:\/\/revistaepocadigital.com.ar\/index.php?rest_route=\/wp\/v2\/posts"}],"about":[{"href":"https:\/\/revistaepocadigital.com.ar\/index.php?rest_route=\/wp\/v2\/types\/post"}],"author":[{"embeddable":true,"href":"https:\/\/revistaepocadigital.com.ar\/index.php?rest_route=\/wp\/v2\/users\/4"}],"replies":[{"embeddable":true,"href":"https:\/\/revistaepocadigital.com.ar\/index.php?rest_route=%2Fwp%2Fv2%2Fcomments&post=26086"}],"version-history":[{"count":0,"href":"https:\/\/revistaepocadigital.com.ar\/index.php?rest_route=\/wp\/v2\/posts\/26086\/revisions"}],"wp:featuredmedia":[{"embeddable":true,"href":"https:\/\/revistaepocadigital.com.ar\/index.php?rest_route=\/wp\/v2\/media\/26087"}],"wp:attachment":[{"href":"https:\/\/revistaepocadigital.com.ar\/index.php?rest_route=%2Fwp%2Fv2%2Fmedia&parent=26086"}],"wp:term":[{"taxonomy":"category","embeddable":true,"href":"https:\/\/revistaepocadigital.com.ar\/index.php?rest_route=%2Fwp%2Fv2%2Fcategories&post=26086"},{"taxonomy":"post_tag","embeddable":true,"href":"https:\/\/revistaepocadigital.com.ar\/index.php?rest_route=%2Fwp%2Fv2%2Ftags&post=26086"}],"curies":[{"name":"wp","href":"https:\/\/api.w.org\/{rel}","templated":true}]}}