{"id":26099,"date":"2024-07-26T13:55:26","date_gmt":"2024-07-26T16:55:26","guid":{"rendered":"https:\/\/revistaepocadigital.com.ar\/?p=26099"},"modified":"2024-08-01T19:22:41","modified_gmt":"2024-08-01T22:22:41","slug":"defensa-civil-un-area-sensible-en-los-municipios","status":"publish","type":"post","link":"https:\/\/revistaepocadigital.com.ar\/?p=26099","title":{"rendered":"Defensa Civil, un \u00e1rea sensible en los municipios"},"content":{"rendered":"<div class=\"xdj266r x11i5rnm xat24cr x1mh8g0r x1vvkbs x126k92a\">\n<div dir=\"auto\"><strong>HUBO CAPACITACIONES.<\/strong><\/div>\n<div dir=\"auto\"><\/div>\n<\/div>\n<p><!--more--><\/p>\n<div class=\"x11i5rnm xat24cr x1mh8g0r x1vvkbs xtlvy1s x126k92a\">\n<div dir=\"auto\">Es frecuente el accionar de las \u00e1reas de Defensa Civil, ante diversos episodios que afectan a la gente, actuando en m\u00e1s de una ocasi\u00f3n con otras reparticiones.<\/div>\n<div dir=\"auto\"><\/div>\n<div dir=\"auto\">Por eso, resulta importante que quienes trabajan en Defensa Civil, se encuentren preparados y aptos para actual en eventuales contingencias. A prop\u00f3sito de la preparaci\u00f3n, la Direcci\u00f3n de Protecci\u00f3n Civil y Reducci\u00f3n de Riesgos exaltacrucense, particip\u00f3 en una reuni\u00f3n de equipos pertenecientes a la zona VIII de Defensa Civil, a la que tambi\u00e9n asistiereon<\/div>\n<div dir=\"auto\">equipos de Z\u00e1rate, Campana, Escobar, Pilar, Tigre y Malvinas Argentinas.<\/div>\n<\/div>\n<div dir=\"auto\"><\/div>\n<div dir=\"auto\"><img loading=\"lazy\" decoding=\"async\" class=\"aligncenter size-medium wp-image-26102\" src=\"https:\/\/revistaepocadigital.com.ar\/wp-content\/uploads\/2024\/07\/def-ci1-300x169.jpg\" alt=\"\" width=\"300\" height=\"169\" srcset=\"https:\/\/revistaepocadigital.com.ar\/wp-content\/uploads\/2024\/07\/def-ci1-300x169.jpg 300w, https:\/\/revistaepocadigital.com.ar\/wp-content\/uploads\/2024\/07\/def-ci1.jpg 600w\" sizes=\"auto, (max-width: 300px) 100vw, 300px\" \/><\/div>\n<div dir=\"auto\"><\/div>\n<div class=\"x11i5rnm xat24cr x1mh8g0r x1vvkbs xtlvy1s x126k92a\">\n<div dir=\"auto\">Entre otros puntos, se trataron temas para la mejorar la gesti\u00f3n ante emergencias, a trav\u00e9s de convenios de cooperaci\u00f3n entre los municipios participantes. Adem\u00e1s, se realizaron simulacros y capacitaciones conjuntas.<\/div>\n<\/div>\n<div class=\"x11i5rnm xat24cr x1mh8g0r x1vvkbs xtlvy1s x126k92a\">\n<div dir=\"auto\"><\/div>\n<div dir=\"auto\">El encuentro tuvo lugar en la ciudad de Z\u00e1rate, y form\u00f3 parte de las constantes capacitaciones que reciben como el de nuestro distrito, los equipos de Defensa Civil.<\/div>\n<\/div>\n","protected":false},"excerpt":{"rendered":"<p>HUBO CAPACITACIONES.<\/p>\n","protected":false},"author":3,"featured_media":26101,"comment_status":"open","ping_status":"open","sticky":false,"template":"","format":"standard","meta":{"footnotes":"","jetpack_publicize_message":"","jetpack_publicize_feature_enabled":true,"jetpack_social_post_already_shared":true,"jetpack_social_options":{"image_generator_settings":{"template":"highway","default_image_id":0,"font":"","enabled":false},"version":2}},"categories":[4],"tags":[2827],"class_list":["post-26099","post","type-post","status-publish","format-standard","has-post-thumbnail","hentry","category-aqui-los-cardales","tag-defensa-civil"],"jetpack_publicize_connections":[],"jetpack_featured_media_url":"https:\/\/revistaepocadigital.com.ar\/wp-content\/uploads\/2024\/07\/def-ci.jpg","jetpack_likes_enabled":true,"_links":{"self":[{"href":"https:\/\/revistaepocadigital.com.ar\/index.php?rest_route=\/wp\/v2\/posts\/26099","targetHints":{"allow":["GET"]}}],"collection":[{"href":"https:\/\/revistaepocadigital.com.ar\/index.php?rest_route=\/wp\/v2\/posts"}],"about":[{"href":"https:\/\/revistaepocadigital.com.ar\/index.php?rest_route=\/wp\/v2\/types\/post"}],"author":[{"embeddable":true,"href":"https:\/\/revistaepocadigital.com.ar\/index.php?rest_route=\/wp\/v2\/users\/3"}],"replies":[{"embeddable":true,"href":"https:\/\/revistaepocadigital.com.ar\/index.php?rest_route=%2Fwp%2Fv2%2Fcomments&post=26099"}],"version-history":[{"count":0,"href":"https:\/\/revistaepocadigital.com.ar\/index.php?rest_route=\/wp\/v2\/posts\/26099\/revisions"}],"wp:featuredmedia":[{"embeddable":true,"href":"https:\/\/revistaepocadigital.com.ar\/index.php?rest_route=\/wp\/v2\/media\/26101"}],"wp:attachment":[{"href":"https:\/\/revistaepocadigital.com.ar\/index.php?rest_route=%2Fwp%2Fv2%2Fmedia&parent=26099"}],"wp:term":[{"taxonomy":"category","embeddable":true,"href":"https:\/\/revistaepocadigital.com.ar\/index.php?rest_route=%2Fwp%2Fv2%2Fcategories&post=26099"},{"taxonomy":"post_tag","embeddable":true,"href":"https:\/\/revistaepocadigital.com.ar\/index.php?rest_route=%2Fwp%2Fv2%2Ftags&post=26099"}],"curies":[{"name":"wp","href":"https:\/\/api.w.org\/{rel}","templated":true}]}}