{"id":26109,"date":"2024-08-01T00:48:06","date_gmt":"2024-08-01T03:48:06","guid":{"rendered":"https:\/\/revistaepocadigital.com.ar\/?p=26109"},"modified":"2024-08-01T01:01:14","modified_gmt":"2024-08-01T04:01:14","slug":"carlos-colombo-conduce-el-departamento-medico-de-boca-cuando-confluyen-la-pasion-y-el-trabajo","status":"publish","type":"post","link":"https:\/\/revistaepocadigital.com.ar\/?p=26109","title":{"rendered":"CARLOS COLOMBO CONDUCE EL DEPARTAMENTO M\u00c9DICO DE BOCA. CUANDO CONFLUYEN LA PASI\u00d3N Y EL TRABAJO"},"content":{"rendered":"<div class=\"mceTemp\"><\/div>\n<p><strong>HINCHA DE BOCA DE TODA LA VIDA.<\/strong><!--more--><\/p>\n<p>A ese sentimiento profundo, <strong>Carlos Santiago Colombo<\/strong>, conocido vecino capillense e integrante de una entra\u00f1able familia, le sum\u00f3 desde hace a\u00f1os su compromiso laboral con<strong> Boca Juniors<\/strong> una entidad del f\u00fatbol argentino indiscutible y referencial. La &#8220;mitad m\u00e1s uno&#8221; que junto a los &#8220;primos millonarios&#8221;, son y ser\u00e1n el eje fundamental, central del f\u00fatbol en nuestro pa\u00eds.<\/p>\n<p><strong>Colombo<\/strong> form\u00f3 parte a partir de la iniciativa que planteara, en la creaci\u00f3n de la<strong> Pe\u00f1a Exaltaci\u00f3n Xeneize<\/strong> con sede en <strong>Capilla del Se\u00f1or,<\/strong> en conjunto con Ito Garatavidea, Marcelo Ferreira, Mariana Mart\u00ednez, Oscar Avenda\u00f1o, Pablo Ferreyra, Daniel Perlo, entre otros<em>. &#8220;La Pe\u00f1a ya tiene 25 a\u00f1os de existencia, y representa un orgullo para todos los hinchas de Boca en el distrito, donde desde ya somos mayor\u00eda!, ja&#8221;; el presidente actual es Jorge &#8220;Gajo&#8221; Ramos&#8221;. Las pe\u00f1as en el pa\u00eds permiten mantener cerca y en contacto a los socios, se va a la cancha, se hace un trabajo social muy valioso. En algunas por mes se paga una cuota, y los integrantes tienen que ser socios de Boca. En cuanto a acciones comunitarias, en el caso de la Pe\u00f1a local, durante las vacaciones de invierno se hicieron varias acciones, servimos chocolate a chicos, les proyectamos una pel\u00edcula en la sede a chicos del barrio la Boca y de otros barrios. Adem\u00e1s, tambi\u00e9n se ha donado ropa a la escuela de Arroyo de la Cruz&#8221;<\/em>, comenz\u00f3 diciendo Colombo cuando convers\u00f3 con EPOCA.<\/p>\n<figure id=\"attachment_26115\" aria-describedby=\"caption-attachment-26115\" style=\"width: 399px\" class=\"wp-caption aligncenter\"><img loading=\"lazy\" decoding=\"async\" class=\"size-full wp-image-26115\" src=\"https:\/\/revistaepocadigital.com.ar\/wp-content\/uploads\/2024\/08\/COLOMBO-C.jpg\" alt=\"\" width=\"399\" height=\"399\" srcset=\"https:\/\/revistaepocadigital.com.ar\/wp-content\/uploads\/2024\/08\/COLOMBO-C.jpg 399w, https:\/\/revistaepocadigital.com.ar\/wp-content\/uploads\/2024\/08\/COLOMBO-C-300x300.jpg 300w, https:\/\/revistaepocadigital.com.ar\/wp-content\/uploads\/2024\/08\/COLOMBO-C-150x150.jpg 150w\" sizes=\"auto, (max-width: 399px) 100vw, 399px\" \/><figcaption id=\"caption-attachment-26115\" class=\"wp-caption-text\">Colombo en el templo boquense, la Bombonera.<\/figcaption><\/figure>\n<p>En cuanto a su ligaz\u00f3n con Boca en el terreno dirigencial, comenz\u00f3 <em>&#8220;en el a\u00f1o \u00b495, en el Departamento de Pe\u00f1as existente en el club; Ricardo Rosica<\/em> (secretario general del club\u00a0 y presidente de la Fundaci\u00f3n Boca Juniors) <em>me vincul\u00f3 con Jorge Ameal, por entonces presidente del Departamento Pe\u00f1as durante el mandato como presidente de Mauricio Macri. M\u00e1s adelante con Rosica y Ameal (<\/em>presidi\u00f3 el club como se sabe en la etapa anterior\u00a0 a la actual)<em> formamos una agrupaci\u00f3n pol\u00edtica &#8220;Juntos por Boca&#8221;, que apoy\u00f3 la candidatura de Rom\u00e1n<\/em> (Riquelme) <em>y ganamos las elecciones del 2019&#8243;.<\/em><\/p>\n<p>Ese mismo a\u00f1o, <em>&#8220;la comisi\u00f3n directiva encabezada por Rom\u00e1n, me design\u00f3 como presidente de la Comisi\u00f3n de Pe\u00f1as, \u00e1rea en la que trabaj\u00e9 durante 11 a\u00f1os, y a la vez integro la directiva como vocal titular; desde hace un tiempo, se resolvi\u00f3 que s\u00f3lo los vocales pod\u00edan tener a cargo otras \u00e1reas del club&#8221;<\/em>.<\/p>\n<p><em>&#8220;La verdad, trabajamos duro para que crecieran las pe\u00f1as, f\u00edjate durante la gesti\u00f3n de Angelizi como presidente exist\u00edan 120 pe\u00f1as en nuestro pa\u00eds, y en mi gesti\u00f3n llegamos a conformar m\u00e1s de 280 pe\u00f1as y tambi\u00e9n representaciones en varios pa\u00edses del mundo que denominamos Consulados&#8221;<\/em>, destaca Colombo, <strong>Carlitos<\/strong> como muchos lo conocen.<em><strong> &#8220;Los Consulados han llegado a mas de 72<\/strong> en la actualidad en pa\u00edses como Dubai, Italia, Emiratos \u00c1rabes, Espa\u00f1a, entre otros, lo que nos ha representado un gran orgullo y m\u00e1s compromiso. Tuve el orgullo de haber viajado para compartir en Europa, un encuentro de Consulados que realmente vali\u00f3 mucho la pena&#8221;.<\/em><\/p>\n<figure id=\"attachment_26121\" aria-describedby=\"caption-attachment-26121\" style=\"width: 300px\" class=\"wp-caption alignright\"><img loading=\"lazy\" decoding=\"async\" class=\"size-medium wp-image-26121\" src=\"https:\/\/revistaepocadigital.com.ar\/wp-content\/uploads\/2024\/08\/colom-pena-300x246.jpg\" alt=\"\" width=\"300\" height=\"246\" srcset=\"https:\/\/revistaepocadigital.com.ar\/wp-content\/uploads\/2024\/08\/colom-pena-300x246.jpg 300w, https:\/\/revistaepocadigital.com.ar\/wp-content\/uploads\/2024\/08\/colom-pena-696x571.jpg 696w, https:\/\/revistaepocadigital.com.ar\/wp-content\/uploads\/2024\/08\/colom-pena-512x420.jpg 512w, https:\/\/revistaepocadigital.com.ar\/wp-content\/uploads\/2024\/08\/colom-pena.jpg 720w\" sizes=\"auto, (max-width: 300px) 100vw, 300px\" \/><figcaption id=\"caption-attachment-26121\" class=\"wp-caption-text\">En una de sus incontables recorridas por el pa\u00eds, cuando estaba al frente de la Comisi\u00f3n de Pe\u00f1as.<\/figcaption><\/figure>\n<p>&nbsp;<\/p>\n<p>&#8211;<strong>Al asumir Riquelme como presidente, tengo entendido que tu funci\u00f3n, tu cargo ha cambiado.<\/strong><br \/>\n<em>-S\u00ed, as\u00ed es; en las elecciones al triunfar, comenz\u00f3 la nueva gesti\u00f3n de Rom\u00e1n al frente del club, yo integr\u00e9 la lista y fui elegido de nuevo como vocal titular, y poco despu\u00e9s del presidente me solicit\u00f3 que pasara a encabezar el Departamento M\u00e9dico de Boca que es muy importante. Desde ya, no soy m\u00e9dico; mi funci\u00f3n es encargarme del funcionamiento, proyectos, numerosas gestiones que tienen que ver con el Departamento. Tengo a cargo a todos los m\u00e9dicos, kinesi\u00f3logos, nutricionistas y otros profesionales de la salud, son alrededor de 160; atienden desde el plantel profesional de f\u00fatbol, inferiores, basquet, otros deportes as\u00ed como a los socios de la entidad. Boca cuenta con un centro m\u00e9dico que abarca 25 especialidades y est\u00e1 dispuesto s\u00f3lo para la atenci\u00f3n de los socios en lo que hace a kinesiolog\u00eda, cl\u00ednica m\u00e9dica, traumatolog\u00eda, odontolog\u00eda, dermatolog\u00eda, podolog\u00eda. El centro m\u00e9dico funciona en unas instalaciones ubicadas a media cuadra del club, en Mart\u00edn Rodr\u00edguez y 20 de Septiembre. Boca es el \u00fanico club del mundo que brinda atenci\u00f3n m\u00e9dica a los socios, tengan o no obra social.<\/em><\/p>\n<p><strong>-Mencion\u00e1s un \u00e1rea muy abarcativa por cierto.<\/strong><br \/>\n<em>-S\u00ed, y por otro lado, <strong>Boca es el \u00fanico club en Sudam\u00e9rica que es cardio-neuro protegido<\/strong>. Es decir, significa que durante todos los partidos que se juegan en nuestro estadio, en la Bombonera, se encuentra dispuesta una ambulancia que es \u00fanica en el pa\u00eds, cuenta con tomograf\u00eda y cardiolog\u00eda. S\u00ed, ha sido utilizada en m\u00e1s de una ocasi\u00f3n, no te olvid\u00e9s que dentro de una multitud cercana a las 50 mil personas, es posible que haya personas que se descomponen, que se siente mal. A su vez, se le ha efectuado estudios cardiol\u00f3gicos al plantel de f\u00fatbol de primera divisi\u00f3n y al plantel de b\u00e1squet que se ha estado luciendo. \u00bfQui\u00e9nes encabezan el Departamento en la parte m\u00e9dica? el Dr. Guillermo Bortman es el director m\u00e9dico de Boca, un cardi\u00f3logo de excelencia, ha hecho trasplantes; el Dr. Jorge Batista, muy reconocido, es el encargado del plantel de f\u00fatbol de primera divisi\u00f3n, y adem\u00e1s cuatro m\u00e9dicos m\u00e1s trabajan junto a el<\/em>.<\/p>\n<p>El di\u00e1logo entr\u00f3 en una pausa, y cuando se retom\u00f3, Colombo enfatiz\u00f3 y le brot\u00f3 su pasi\u00f3n, <em>&#8220;Boca es lo m\u00e1s grande, el club m\u00e1s grande del pa\u00eds y uno de los mejores del mundo. El mundo Boca es impresionante, mir\u00e1 hoy <strong>tenemos 360 mil socios, creo que son m\u00e1s que los habitantes de la provincia de La Rioja&#8221;.<\/strong><\/em><\/p>\n<figure id=\"attachment_26116\" aria-describedby=\"caption-attachment-26116\" style=\"width: 300px\" class=\"wp-caption alignleft\"><img loading=\"lazy\" decoding=\"async\" class=\"size-medium wp-image-26116\" src=\"https:\/\/revistaepocadigital.com.ar\/wp-content\/uploads\/2024\/08\/colom-pibe-300x210.jpg\" alt=\"\" width=\"300\" height=\"210\" srcset=\"https:\/\/revistaepocadigital.com.ar\/wp-content\/uploads\/2024\/08\/colom-pibe-300x210.jpg 300w, https:\/\/revistaepocadigital.com.ar\/wp-content\/uploads\/2024\/08\/colom-pibe-100x70.jpg 100w, https:\/\/revistaepocadigital.com.ar\/wp-content\/uploads\/2024\/08\/colom-pibe-200x140.jpg 200w, https:\/\/revistaepocadigital.com.ar\/wp-content\/uploads\/2024\/08\/colom-pibe.jpg 449w\" sizes=\"auto, (max-width: 300px) 100vw, 300px\" \/><figcaption id=\"caption-attachment-26116\" class=\"wp-caption-text\">Hincha desde siempre, un Colombo adolescente en un festejo boquense, en una foto donde tambi\u00e9n aparece su desaparecida madre Elenita.<\/figcaption><\/figure>\n<p>&nbsp;<\/p>\n<p>&nbsp;<\/p>\n<p>&#8211;<strong>En funci\u00f3n de futuro, \u00bfen que trabaj\u00e1s desde el Departamento M\u00e9dico de Boca?<\/strong><br \/>\n<em>-Tengo la tarea que<strong> me encomend\u00f3 el presidente de concretar la Farmacia Boca Juniors<\/strong>. Y en este emprendimiento, cuento con la colaboraci\u00f3n de \u00eddolos de Boca como son Rojitas, Pianetti, el tano Novello, Jorge Benitez. Ser\u00e1 exclusiva para los socios del club y funcionar\u00e1 como farmacia mutual en el centro m\u00e9dico. Tambi\u00e9n estoy armando un programa de Telemedicina, como una manera de federalizar el funcionamiento del centro m\u00e9dico, se podr\u00e1n efectuar consultas de manera virtual, y tambi\u00e9n asesoramiento. Y as\u00ed continuamos, trabajando por el mundo Boca que es inigualable<\/em><\/p>\n","protected":false},"excerpt":{"rendered":"<p>HINCHA DE BOCA DE TODA LA VIDA.<\/p>\n","protected":false},"author":4,"featured_media":26118,"comment_status":"open","ping_status":"open","sticky":false,"template":"","format":"standard","meta":{"footnotes":"","jetpack_publicize_message":"","jetpack_publicize_feature_enabled":true,"jetpack_social_post_already_shared":true,"jetpack_social_options":{"image_generator_settings":{"template":"highway","default_image_id":0,"font":"","enabled":false},"version":2}},"categories":[13],"tags":[744,1458,2828,1293],"class_list":["post-26109","post","type-post","status-publish","format-standard","has-post-thumbnail","hentry","category-interes-general","tag-boca","tag-colombo","tag-depto-medico","tag-penas"],"jetpack_publicize_connections":[],"jetpack_featured_media_url":"https:\/\/revistaepocadigital.com.ar\/wp-content\/uploads\/2024\/08\/colom-port.jpg","jetpack_likes_enabled":true,"_links":{"self":[{"href":"https:\/\/revistaepocadigital.com.ar\/index.php?rest_route=\/wp\/v2\/posts\/26109","targetHints":{"allow":["GET"]}}],"collection":[{"href":"https:\/\/revistaepocadigital.com.ar\/index.php?rest_route=\/wp\/v2\/posts"}],"about":[{"href":"https:\/\/revistaepocadigital.com.ar\/index.php?rest_route=\/wp\/v2\/types\/post"}],"author":[{"embeddable":true,"href":"https:\/\/revistaepocadigital.com.ar\/index.php?rest_route=\/wp\/v2\/users\/4"}],"replies":[{"embeddable":true,"href":"https:\/\/revistaepocadigital.com.ar\/index.php?rest_route=%2Fwp%2Fv2%2Fcomments&post=26109"}],"version-history":[{"count":0,"href":"https:\/\/revistaepocadigital.com.ar\/index.php?rest_route=\/wp\/v2\/posts\/26109\/revisions"}],"wp:featuredmedia":[{"embeddable":true,"href":"https:\/\/revistaepocadigital.com.ar\/index.php?rest_route=\/wp\/v2\/media\/26118"}],"wp:attachment":[{"href":"https:\/\/revistaepocadigital.com.ar\/index.php?rest_route=%2Fwp%2Fv2%2Fmedia&parent=26109"}],"wp:term":[{"taxonomy":"category","embeddable":true,"href":"https:\/\/revistaepocadigital.com.ar\/index.php?rest_route=%2Fwp%2Fv2%2Fcategories&post=26109"},{"taxonomy":"post_tag","embeddable":true,"href":"https:\/\/revistaepocadigital.com.ar\/index.php?rest_route=%2Fwp%2Fv2%2Ftags&post=26109"}],"curies":[{"name":"wp","href":"https:\/\/api.w.org\/{rel}","templated":true}]}}