{"id":26124,"date":"2024-08-01T01:21:06","date_gmt":"2024-08-01T04:21:06","guid":{"rendered":"https:\/\/revistaepocadigital.com.ar\/?p=26124"},"modified":"2024-08-01T01:21:06","modified_gmt":"2024-08-01T04:21:06","slug":"ay-venezuela","status":"publish","type":"post","link":"https:\/\/revistaepocadigital.com.ar\/?p=26124","title":{"rendered":"\u00a1AY VENEZUELA!"},"content":{"rendered":"<section class=\"article-section page-container\">\n<header class=\"article-header-wrapper\">\n<div class=\"article-header\">\n<h3 id=\"nicolas-maduro:-&quot;maria-corina-machado-y-edmundo-gonzalez-urrutia-tienen-que-estar-tras-las-rejas&quot;\" class=\"article-headline left\"><strong>Nicol\u00e1s Maduro: \u201cMar\u00eda Corina Machado y Edmundo Gonz\u00e1lez Urrutia tienen que estar tras las rejas\u201d.<!--more--><\/strong><\/h3>\n<\/div>\n<\/header>\n<article class=\"article\">\n<div class=\"body-article\">\n<div class=\"jwplayer-ctn\">\n<div>\n<div id=\"W3JEYKT64BBNJBPLKXJ7JSCC5U\" class=\"jwplayer jw-reset jw-state-idle jw-stretch-uniform jw-flag-aspect-mode jw-breakpoint-5 jw-floating-dismissible jw-keep-thumbnail jw-flag-user-inactive\" tabindex=\"0\" role=\"application\" aria-label=\"Reproductor de Video\" aria-describedby=\"jw-W3JEYKT64BBNJBPLKXJ7JSCC5U-shortcuts-tooltip-explanation\" data-compass-listening=\"true\">\n<div class=\"jw-wrapper jw-reset\">\n<div class=\"jw-overlays jw-reset\">\n<div id=\"W3JEYKT64BBNJBPLKXJ7JSCC5U_googima\" class=\"jw-plugin jw-reset jw-plugin-googima\">\n<div id=\"W3JEYKT64BBNJBPLKXJ7JSCC5U_ad\" class=\"jw-ads-view\"><\/div>\n<\/div>\n<\/div>\n<\/div>\n<\/div>\n<\/div>\n<\/div>\n<p class=\"paragraph\" data-mrf-recirculation=\"Links inline\">El autoproclamado presidente de Venezuela,\u00a0<b>Nicol\u00e1s Maduro<\/b>, dijo que sus rivales electorales ten\u00edan las manos manchadas de sangre tras impugnar su victoria, prometi\u00f3 que nunca estar\u00edan en el poder y pidi\u00f3 que vayan presos.<\/p>\n<div class=\"news-module\" data-mrf-recirculation=\"IL_GBLs3HYWRq2RgU4Qz8MM1Q\" data-testid=\"text-html\" data-mrf-experience=\"IL_GBLs3HYWRq2RgU4Qz8MM1Q\">\n<div class=\"recommended-card__info\"><em><span class=\"recommended-card__info-title\">Estados Unidos reconoci\u00f3 que Gonz\u00e1lez Urrutia recibi\u00f3 millones de votos m\u00e1s que Maduro en la elecci\u00f3n presidencial de Venezuela<\/span><\/em><\/p>\n<div class=\"recommended-card__info-button recommended-card__info-button--deportes\"><\/div>\n<\/div>\n<\/div>\n<p class=\"paragraph\" data-mrf-recirculation=\"Links inline\"><b>\u201cEsa gente tiene que estar tras las rejas y tiene que haber justicia\u201d<\/b>, se\u00f1al\u00f3 el mandatario en una rueda de prensa con corresponsales extranjeros. \u201cYo dir\u00eda como jefe de Estado que haya justicia\u201d.<\/p>\n<p class=\"paragraph\" data-mrf-recirculation=\"Links inline\">\u201cTienen las manos manchadas de sangre\u201d, dijo Maduro sobre la l\u00edder opositora<b>\u00a0Mar\u00eda Corina Machado<\/b>\u00a0y su candidato\u00a0<b>Edmundo Gonz\u00e1lez Urrutia\u00a0<\/b>en comentarios a periodistas despu\u00e9s de que las protestas contra su reelecci\u00f3n dejaran<a href=\"https:\/\/www.infobae.com\/venezuela\/2024\/07\/31\/maria-corina-machado-alerto-sobre-una-escalada-represiva-de-la-dictadura-de-maduro-y-denuncio-16-asesinatos\/\" target=\"_blank\" rel=\"noopener noreferrer\" data-mrf-link=\"https:\/\/www.infobae.com\/venezuela\/2024\/07\/31\/maria-corina-machado-alerto-sobre-una-escalada-represiva-de-la-dictadura-de-maduro-y-denuncio-16-asesinatos\/\">\u00a0<b>16 muertos.<\/b><\/a><\/p>\n<div class=\"news-module\" data-mrf-recirculation=\"IL_m3kiGo-8SVS6m0U7OqrZLw\" data-testid=\"text-html\" data-mrf-experience=\"IL_m3kiGo-8SVS6m0U7OqrZLw\">\n<div class=\"recommended-card__info\">\u201c<b>Jam\u00e1s, jam\u00e1s alcanzar\u00e1n el poder pol\u00edtico.\u00a0<\/b>Se los aseguro y s\u00e9 lo que digo, estos criminales jam\u00e1s lo alcanzar\u00e1n\u201d, agreg\u00f3. Asimismo, Maduro llam\u00f3 \u201ccobarde\u201d a Gonz\u00e1lez Urrutia y \u201cfascista de ultraderecha criminal\u201d a Machado.<\/div>\n<\/div>\n<div class=\"news-module\" data-mrf-recirculation=\"IL_wLyG9sjfRQKb8QO3fSLumw\" data-testid=\"text-html\" data-mrf-experience=\"IL_wLyG9sjfRQKb8QO3fSLumw\">\n<div class=\"recommended-card__image-container\"><img loading=\"lazy\" decoding=\"async\" class=\"recommended-card__image lazyload\" src=\"https:\/\/www.infobae.com\/new-resizer\/WRdPM5m_wJU_79FjF_XpjCfhP1o=\/1200x675\/filters:format(webp):quality(85)\/cloudfront-us-east-1.images.arcpublishing.com\/infobae\/K5EVDPB5UJH2PKFB4BZC3ATNDE.jpg\" sizes=\"auto, (min-width: 800px) 50vw, 90vw\" alt=\"Una nueva web permite visualizar en detalle los resultados totales y de cada mesa de votaci\u00f3n en Venezuela con las actas recopiladas por la oposici\u00f3n\" width=\"16\" height=\"9\" data-src=\"https:\/\/www.infobae.com\/new-resizer\/WRdPM5m_wJU_79FjF_XpjCfhP1o=\/1200x675\/filters:format(webp):quality(85)\/cloudfront-us-east-1.images.arcpublishing.com\/infobae\/K5EVDPB5UJH2PKFB4BZC3ATNDE.jpg\" \/><\/div>\n<div class=\"recommended-card__info\">\n<div class=\"recommended-card__info-button recommended-card__info-button--deportes\"><\/div>\n<\/div>\n<\/div>\n<p class=\"paragraph\" data-mrf-recirculation=\"Links inline\">\u201cEllos deber\u00edan, en vez de esconderse, presentarse ante la Fiscal\u00eda y<b>\u00a0dar la cara, en vez de huir como cobardes y seguir llamando a la insurrecci\u00f3n a sus grupos criminales<\/b>\u201d, agreg\u00f3 Maduro, pese a que ninguno de los dos opositores est\u00e1 resguardado en lugar alguno, ya que este mismo martes encabezaron una multitudinaria actividad en una calle de Caracas.<\/p>\n<p class=\"paragraph\" data-mrf-recirculation=\"Links inline\">El llamado a la c\u00e1rcel para ambos antichavistas lo hizo el martes el presidente de la Asamblea Nacional (AN, Parlamento), el oficialista\u00a0<b>Jorge Rodr\u00edguez<\/b>, quien los acus\u00f3 de ser los responsables de una \u201cconspiraci\u00f3n fascista\u201d contra los comicios, mientras que el considerado n\u00famero dos del chavismo, el diputado Diosdado Cabello,\u00a0<b>amenaz\u00f3 con que los van \u201ca joder\u201d.<\/b><\/p>\n<div class=\"visual__image\"><img loading=\"lazy\" decoding=\"async\" class=\"\" src=\"https:\/\/www.infobae.com\/new-resizer\/_5Sv-077HcwyjBHm_xRyR-1OQLs=\/420x236\/filters:format(webp):quality(85)\/cloudfront-us-east-1.images.arcpublishing.com\/infobae\/H2WLNQN7DRAOTG2KFMJATE3DBA.jpg%20420w\" sizes=\"auto, (min-width: 1560px) 856px, (min-width: 1000px) calc(74.63vw - 293px), (min-width: 780px) calc(100vw - 376px), (min-width: 580px) calc(100vw - 32px), 100vw\" srcset=\"https:\/\/www.infobae.com\/new-resizer\/_5Sv-077HcwyjBHm_xRyR-1OQLs=\/420x236\/filters:format(webp):quality(85)\/cloudfront-us-east-1.images.arcpublishing.com\/infobae\/H2WLNQN7DRAOTG2KFMJATE3DBA.jpg 420w,https:\/\/www.infobae.com\/new-resizer\/Ypa-kxzfp897Q5hWk_-FW1jLl34=\/768x432\/filters:format(webp):quality(85)\/cloudfront-us-east-1.images.arcpublishing.com\/infobae\/H2WLNQN7DRAOTG2KFMJATE3DBA.jpg 768w,https:\/\/www.infobae.com\/new-resizer\/fjY8LhTDCYjpcHdFFhGgWEoATcI=\/992x558\/filters:format(webp):quality(85)\/cloudfront-us-east-1.images.arcpublishing.com\/infobae\/H2WLNQN7DRAOTG2KFMJATE3DBA.jpg 992w,https:\/\/www.infobae.com\/new-resizer\/7jO_IixFdEBmiujheXixB2DWREA=\/1200x675\/filters:format(webp):quality(85)\/cloudfront-us-east-1.images.arcpublishing.com\/infobae\/H2WLNQN7DRAOTG2KFMJATE3DBA.jpg 1200w,https:\/\/www.infobae.com\/new-resizer\/CiE_rRvse2z3bHiU85l6gMN22es=\/1440x810\/filters:format(webp):quality(85)\/cloudfront-us-east-1.images.arcpublishing.com\/infobae\/H2WLNQN7DRAOTG2KFMJATE3DBA.jpg 1440w\" alt=\"Nicol\u00e1s Maduro (Marcelo Garcia\/Prensa Miraflores \/ DPA)\n\" width=\"1920\" height=\"1080\" data-src=\"https:\/\/www.infobae.com\/new-resizer\/_5Sv-077HcwyjBHm_xRyR-1OQLs=\/420x236\/filters:format(webp):quality(85)\/cloudfront-us-east-1.images.arcpublishing.com\/infobae\/H2WLNQN7DRAOTG2KFMJATE3DBA.jpg 420w\" \/><em>Nicol\u00e1s Maduro (Marcelo Garcia\/ gentileza Prensa Miraflores \/ DPA)<\/em><\/div>\n<div><\/div>\n<p class=\"paragraph\" data-mrf-recirculation=\"Links inline\">Numerosos opositores, organizaciones y buena parte de la comunidad internacional, que cuestionan el resultado oficial de las elecciones, exigen la publicaci\u00f3n de todas las actas, mientras que el antichavismo mayoritario asegura tener en su poder m\u00e1s del 80 %, que dan la victoria -insiste- a Gonz\u00e1lez Urrutia por amplio margen.<\/p>\n<p class=\"paragraph\" data-mrf-recirculation=\"Links inline\">El ente electoral declar\u00f3 ganador al mandatario por poco m\u00e1s de\u00a0<b>704.114 votos\u00a0<\/b>frente a Gonz\u00e1lez Urrutia, cuando faltaban por computar m\u00e1s de dos millones de votos -el 20 % de las actas de votaci\u00f3n, cuyo c\u00f3mputo todav\u00eda se desconoce- que podr\u00edan cambiar los resultados finales.<\/p>\n<p class=\"paragraph\" data-mrf-recirculation=\"Links inline\">El<a href=\"https:\/\/www.infobae.com\/venezuela\/2024\/07\/31\/el-centro-carter-cuestiono-la-independencia-del-posible-peritaje-del-tribunal-supremo-de-venezuela-a-los-resultados-electorales\/\" target=\"_blank\" rel=\"noopener noreferrer\" data-mrf-link=\"https:\/\/www.infobae.com\/venezuela\/2024\/07\/31\/el-centro-carter-cuestiono-la-independencia-del-posible-peritaje-del-tribunal-supremo-de-venezuela-a-los-resultados-electorales\/\">\u00a0Centro Carter<\/a>, que particip\u00f3 como observador en los comicios, manifest\u00f3 este martes que el proceso \u201cno se adecu\u00f3\u201d a los par\u00e1metros y est\u00e1ndares internacionales de integridad electoral, por lo que<b>\u00a0\u201cno puede ser considerada como una elecci\u00f3n democr\u00e1tica\u201d.<\/b><\/p>\n<p class=\"paragraph\" data-mrf-recirculation=\"Links inline\">Nicol\u00e1s Maduro solicit\u00f3 al Tribunal Supremo de Justicia que realice un peritaje a los resultados de las elecciones presidenciales que le dieron la victoria, tras tres d\u00edas de reclamos por <b>falta de transparencia y presi\u00f3n de organismos internacionales y de l\u00edderes de la regi\u00f3n<\/b>, incluidos sus aliados el colombiano Gustavo Petro y el brasile\u00f1o Luiz In\u00e1cio Lula da Silva. Pero\u00a0<b>el Centro Carter cuestion\u00f3 est mi\u00e9rcoles la independencia del posible peritaje del Tribunal Supremo\u00a0<\/b>de Venezuela a los\u00a0<a href=\"https:\/\/www.infobae.com\/venezuela\/2024\/07\/31\/una-nueva-web-permite-visualizar-en-detalle-los-resultados-totales-y-de-cada-mesa-de-votacion-en-venezuela-con-las-actas-recopiladas-por-la-oposicion\/\" rel=\"noopener noreferrer\" data-mrf-link=\"https:\/\/www.infobae.com\/venezuela\/2024\/07\/31\/una-nueva-web-permite-visualizar-en-detalle-los-resultados-totales-y-de-cada-mesa-de-votacion-en-venezuela-con-las-actas-recopiladas-por-la-oposicion\/\">resultados electorales.<\/a><\/p>\n<p class=\"paragraph\" data-mrf-recirculation=\"Links inline\">La presi\u00f3n de la comunidad internacional para un recuento de votos y el fin de la represi\u00f3n no cesa.<\/p>\n<p class=\"paragraph\" data-mrf-recirculation=\"Links inline\">\u201cNuestra paciencia, y la de la comunidad internacional, se est\u00e1 agotando a la espera de que las autoridades electorales venezolanas digan la verdad y publiquen todos los datos detallados de estas elecciones para que todo el mundo pueda ver los resultados\u201d, dijo el portavoz del Consejo de Seguridad Nacional de la Casa Blanca,\u00a0<b>John Kirby.<\/b><\/p>\n<p class=\"paragraph\" data-mrf-recirculation=\"Links inline\">El\u00a0<b>G7\u00a0<\/b>llam\u00f3 tambi\u00e9n \u201ca las autoridades competentes a que publiquen resultados electorales detallados con total transparencia\u201d.<\/p>\n<p class=\"paragraph\" data-mrf-recirculation=\"Links inline\"><i>nota publicada en Infobae.com (Con informaci\u00f3n de EFE y AFP)<\/i><\/p>\n<div class=\"article-tags-container\" data-mrf-recirculation=\"Temas Relacionados\">\n<div class=\"trending-wrapper\" data-mrf-recirculation=\"IL_uzPe9cGWTo6SkDenOz6jNw\" data-testid=\"text-html\" data-mrf-experience=\"IL_uzPe9cGWTo6SkDenOz6jNw\">\n<div>\n<div class=\"news-wrapper\">\n<div class=\"clavis-card\"><\/div>\n<\/div>\n<\/div>\n<\/div>\n<\/div>\n<\/div>\n<div class=\"feed-list-wrapper\" data-mrf-recirculation=\"Ultimas noticias\">\n<div class=\"false col1\">\n<div class=\"deck\"><\/div>\n<\/div>\n<\/div>\n<\/article>\n<\/section>\n<p><!--more--><\/p>\n","protected":false},"excerpt":{"rendered":"<p>Nicol\u00e1s Maduro: \u201cMar\u00eda Corina Machado y Edmundo Gonz\u00e1lez Urrutia tienen que estar tras las rejas\u201d.<\/p>\n","protected":false},"author":3,"featured_media":26126,"comment_status":"open","ping_status":"open","sticky":false,"template":"","format":"standard","meta":{"footnotes":"","jetpack_publicize_message":"","jetpack_publicize_feature_enabled":true,"jetpack_social_post_already_shared":true,"jetpack_social_options":{"image_generator_settings":{"template":"highway","default_image_id":0,"font":"","enabled":false},"version":2}},"categories":[17],"tags":[2597,43,2829],"class_list":["post-26124","post","type-post","status-publish","format-standard","has-post-thumbnail","hentry","category-politica","tag-2597","tag-elecciones","tag-venezuela"],"jetpack_publicize_connections":[],"jetpack_featured_media_url":"https:\/\/revistaepocadigital.com.ar\/wp-content\/uploads\/2024\/08\/vennn.jpeg","jetpack_likes_enabled":true,"_links":{"self":[{"href":"https:\/\/revistaepocadigital.com.ar\/index.php?rest_route=\/wp\/v2\/posts\/26124","targetHints":{"allow":["GET"]}}],"collection":[{"href":"https:\/\/revistaepocadigital.com.ar\/index.php?rest_route=\/wp\/v2\/posts"}],"about":[{"href":"https:\/\/revistaepocadigital.com.ar\/index.php?rest_route=\/wp\/v2\/types\/post"}],"author":[{"embeddable":true,"href":"https:\/\/revistaepocadigital.com.ar\/index.php?rest_route=\/wp\/v2\/users\/3"}],"replies":[{"embeddable":true,"href":"https:\/\/revistaepocadigital.com.ar\/index.php?rest_route=%2Fwp%2Fv2%2Fcomments&post=26124"}],"version-history":[{"count":0,"href":"https:\/\/revistaepocadigital.com.ar\/index.php?rest_route=\/wp\/v2\/posts\/26124\/revisions"}],"wp:featuredmedia":[{"embeddable":true,"href":"https:\/\/revistaepocadigital.com.ar\/index.php?rest_route=\/wp\/v2\/media\/26126"}],"wp:attachment":[{"href":"https:\/\/revistaepocadigital.com.ar\/index.php?rest_route=%2Fwp%2Fv2%2Fmedia&parent=26124"}],"wp:term":[{"taxonomy":"category","embeddable":true,"href":"https:\/\/revistaepocadigital.com.ar\/index.php?rest_route=%2Fwp%2Fv2%2Fcategories&post=26124"},{"taxonomy":"post_tag","embeddable":true,"href":"https:\/\/revistaepocadigital.com.ar\/index.php?rest_route=%2Fwp%2Fv2%2Ftags&post=26124"}],"curies":[{"name":"wp","href":"https:\/\/api.w.org\/{rel}","templated":true}]}}