{"id":2614,"date":"2019-06-11T18:01:20","date_gmt":"2019-06-11T21:01:20","guid":{"rendered":"https:\/\/revistaepocadigital.com.ar\/?p=2614"},"modified":"2019-06-11T18:01:20","modified_gmt":"2019-06-11T21:01:20","slug":"aquella-primera-vez-que-paso-el-tren-por-chenaut-y-andonaegui","status":"publish","type":"post","link":"https:\/\/revistaepocadigital.com.ar\/?p=2614","title":{"rendered":"AQUELLA PRIMERA VEZ QUE PAS\u00d3 EL TREN POR CHENAUT Y ANDONAEGUI"},"content":{"rendered":"<p><strong>PARA EVOCAR ESE TAN LEJANO MOMENTO.<\/strong><!--more--><\/p>\n<p>El pasado <span lang=\"ES\">8 de junio el intendente\u00a0 <b>Adri\u00e1n Sanchez,<\/b> el secretario de gobierno <b>Diego Nanni<\/b>\u00a0 e integrantes de la <b>Sociedad Rural de la Provincia de Buenos Aires<\/b> y vecinos, descubrieron la placa que recuerda la primera vez que se escuch\u00f3 el silbato del tren pasando por a los parajes de <b>Chenaut<\/b> y<b> Gobernador\u00a0 Andonaegui el <\/b>28 de marzo de 1909. <\/span><\/p>\n<div class=\"mceTemp\"><\/div>\n<figure id=\"attachment_2616\" aria-describedby=\"caption-attachment-2616\" style=\"width: 769px\" class=\"wp-caption aligncenter\"><img loading=\"lazy\" decoding=\"async\" class=\"size-full wp-image-2616\" src=\"https:\/\/revistaepocadigital.com.ar\/wp-content\/uploads\/2019\/06\/origen-placa19.jpg\" alt=\"\" width=\"769\" height=\"308\" srcset=\"https:\/\/revistaepocadigital.com.ar\/wp-content\/uploads\/2019\/06\/origen-placa19.jpg 769w, https:\/\/revistaepocadigital.com.ar\/wp-content\/uploads\/2019\/06\/origen-placa19-300x120.jpg 300w, https:\/\/revistaepocadigital.com.ar\/wp-content\/uploads\/2019\/06\/origen-placa19-768x308.jpg 768w, https:\/\/revistaepocadigital.com.ar\/wp-content\/uploads\/2019\/06\/origen-placa19-696x279.jpg 696w\" sizes=\"auto, (max-width: 769px) 100vw, 769px\" \/><figcaption id=\"caption-attachment-2616\" class=\"wp-caption-text\">La placa descubierta.<\/figcaption><\/figure>\n<p class=\"yiv9767224254MsoNormal\"><span lang=\"ES\">\u00a0El jefe comunal declar\u00f3 <\/span><span lang=\"ES\"><b>de &#8220;Inter\u00e9s Hist\u00f3rico Municipal al 110 Aniversario del paso del primer tren por las localidades de Chenaut y Andonaegui&#8221;<\/b>, pertenecientes al cuartel VII del partido de Exaltaci\u00f3n de la Cruz. De ahora en m\u00e1s en <\/span><span lang=\"ES\"><b>Origen Pulper\u00eda<\/b>, el establecimiento rural propiedad de <strong>Gustavo Grimald<\/strong>i del que te hablamos en nota anterior, los <b>28 de marzo <\/b>de cada a\u00f1o, celebrar\u00e1 este aniversario de las dos localidades sum\u00e1ndose al calendario de festejos de Exaltaci\u00f3n de la Cruz, ha informado Maky Traversa, encargada de prensa de Origen Pulper\u00eda.<\/span><\/p>\n<p class=\"yiv9767224254MsoNormal\"><span lang=\"ES\">\u00a0<\/span><span lang=\"ES\">La placa descubierta dice los siguiente:<\/span><\/p>\n<p class=\"yiv9767224254MsoNormal\"><b><i><span lang=\"ES\">\u201cEstaci\u00f3n Chenaut y Gobernador Andonaegui (Ex km. 102)<\/span><\/i><\/b><\/p>\n<p class=\"yiv9767224254MsoNormal\"><b><i><span lang=\"ES\">Con motivo de los 110 a\u00f1os (28\/03\/1909) de la llegada del tren a nuestros parajes, el Intendente de Exaltaci\u00f3n de la Cruz, Don Adr\u00edan Daniel Sanchez, Miembros de la Comisi\u00f3n de Amigos: Don Fernando Francisco Balduzzi, Luis An\u00edbal Scovenna, Do\u00f1a Emilse Beatriz Murillo, Don Oscar Mart\u00edn (Macho Gaute), Gustavo Alejandro Grimaldi y el Dr. Osvaldo Alberto Simiele junto a miembros de la Sociedad Rural de la Provincia de Buenos Aires, entidad que apadrin\u00f3 este evento, realizaron esta Fiesta Popular.<\/span><\/i><\/b><\/p>\n<p class=\"yiv9767224254MsoNormal\"><b><i><span lang=\"ES\">Gracias a Origen Pulper\u00eda por ceder su espacio.<\/span><\/i><\/b><\/p>\n<p class=\"yiv9767224254MsoNormal\"><b><i><span lang=\"ES\">Paraje Puerto Chenaut 28\/3\/2019\u201d.<\/span><\/i><\/b><\/p>\n<p class=\"yiv9767224254MsoNormal\"><span lang=\"ES\">\u00a0<\/span><\/p>\n","protected":false},"excerpt":{"rendered":"<p>PARA EVOCAR ESE TAN LEJANO MOMENTO.<\/p>\n","protected":false},"author":4,"featured_media":2615,"comment_status":"open","ping_status":"open","sticky":false,"template":"","format":"standard","meta":{"footnotes":"","jetpack_publicize_message":"","jetpack_publicize_feature_enabled":true,"jetpack_social_post_already_shared":false,"jetpack_social_options":{"image_generator_settings":{"template":"highway","default_image_id":0,"font":"","enabled":false},"version":2}},"categories":[13],"tags":[376,375,37],"class_list":["post-2614","post","type-post","status-publish","format-standard","has-post-thumbnail","hentry","category-interes-general","tag-andonaegui","tag-chenaut","tag-destacada"],"jetpack_publicize_connections":[],"jetpack_featured_media_url":"https:\/\/revistaepocadigital.com.ar\/wp-content\/uploads\/2019\/06\/grimaldi-sanche19.jpg","jetpack_likes_enabled":true,"_links":{"self":[{"href":"https:\/\/revistaepocadigital.com.ar\/index.php?rest_route=\/wp\/v2\/posts\/2614","targetHints":{"allow":["GET"]}}],"collection":[{"href":"https:\/\/revistaepocadigital.com.ar\/index.php?rest_route=\/wp\/v2\/posts"}],"about":[{"href":"https:\/\/revistaepocadigital.com.ar\/index.php?rest_route=\/wp\/v2\/types\/post"}],"author":[{"embeddable":true,"href":"https:\/\/revistaepocadigital.com.ar\/index.php?rest_route=\/wp\/v2\/users\/4"}],"replies":[{"embeddable":true,"href":"https:\/\/revistaepocadigital.com.ar\/index.php?rest_route=%2Fwp%2Fv2%2Fcomments&post=2614"}],"version-history":[{"count":0,"href":"https:\/\/revistaepocadigital.com.ar\/index.php?rest_route=\/wp\/v2\/posts\/2614\/revisions"}],"wp:featuredmedia":[{"embeddable":true,"href":"https:\/\/revistaepocadigital.com.ar\/index.php?rest_route=\/wp\/v2\/media\/2615"}],"wp:attachment":[{"href":"https:\/\/revistaepocadigital.com.ar\/index.php?rest_route=%2Fwp%2Fv2%2Fmedia&parent=2614"}],"wp:term":[{"taxonomy":"category","embeddable":true,"href":"https:\/\/revistaepocadigital.com.ar\/index.php?rest_route=%2Fwp%2Fv2%2Fcategories&post=2614"},{"taxonomy":"post_tag","embeddable":true,"href":"https:\/\/revistaepocadigital.com.ar\/index.php?rest_route=%2Fwp%2Fv2%2Ftags&post=2614"}],"curies":[{"name":"wp","href":"https:\/\/api.w.org\/{rel}","templated":true}]}}