{"id":26142,"date":"2024-08-01T19:43:33","date_gmt":"2024-08-01T22:43:33","guid":{"rendered":"https:\/\/revistaepocadigital.com.ar\/?p=26142"},"modified":"2024-08-01T19:43:33","modified_gmt":"2024-08-01T22:43:33","slug":"artistas-de-mi-pueblo-la-convocatoria-a-todos-los-de-exaltacion-de-la-cruz","status":"publish","type":"post","link":"https:\/\/revistaepocadigital.com.ar\/?p=26142","title":{"rendered":"&#8220;ARTISTAS DE MI PUEBLO&#8221;, LA CONVOCATORIA A TODOS LOS DE EXALTACI\u00d3N DE LA CRUZ"},"content":{"rendered":"<div class=\"html-div xe8uvvx xdj266r x11i5rnm xat24cr x1mh8g0r xexx8yu x4uap5 x18d9i69 xkhd6sd\">\n<div class=\"html-div xe8uvvx xdj266r x11i5rnm x1mh8g0r x18d9i69 x1cy8zhl x78zum5 x1q0g3np xod5an3 x1pi30zi x1swvt13 xz9dl7a\">\n<div class=\"html-div xe8uvvx xdj266r x11i5rnm xat24cr x1mh8g0r xexx8yu x4uap5 x18d9i69 xkhd6sd x1iyjqo2\">\n<div class=\"x78zum5 xdt5ytf xz62fqu x16ldp7u\">\n<div class=\"xu06os2 x1ok221b\">\n<div id=\":rl8:\" class=\"html-div xe8uvvx xdj266r x11i5rnm xat24cr x1mh8g0r xexx8yu x4uap5 x18d9i69 xkhd6sd x1q0g3np\"><strong>UN PROGRAMA PARA PROMOVER A ARTISTAS DEL DISTRITO.<\/strong><\/div>\n<\/div>\n<\/div>\n<\/div>\n<div class=\"xqcrz7y x78zum5 x1qx5ct2 x1y1aw1k x1sxyh0 xwib8y2 xurb0ha xw4jnvo\">\n<div>\n<div class=\"x1i10hfl x1qjc9v5 xjqpnuy xa49m3k xqeqjp1 x2hbi6w x9f619 x1ypdohk xdl72j9 x2lah0s xe8uvvx x2lwn1j xeuugli x16tdsg8 x1hl2dhg xggy1nq x1ja2u2z x1t137rt x1o1ewxj x3x9cwd x1e5q0jg x13rtm0m x1q0g3np x87ps6o x1lku1pv x1a2a7pz xjyslct xjbqb8w x13fuv20 xu3j5b3 x1q0q8m5 x26u7qi x972fbf xcfux6l x1qhh985 xm0m39n x3nfvp2 xdj266r x11i5rnm xat24cr x1mh8g0r xexx8yu x4uap5 x18d9i69 xkhd6sd x1n2onr6 x3ajldb x194ut8o x1vzenxt xd7ygy7 xt298gk x1xhcax0 x1s928wv x10pfhc2 x1j6awrg x1v53gu8 x1tfg27r xitxdhh\" tabindex=\"0\" role=\"button\" aria-expanded=\"false\" aria-haspopup=\"menu\" aria-label=\"Acciones para esta publicaci\u00f3n\">\n<div class=\"x1ey2m1c xds687c x17qophe xg01cxk x47corl x10l6tqk x13vifvy x1ebt8du x19991ni x1dhq9h xzolkzo x12go9s9 x1rnf11y xprq8jg\" role=\"none\" data-visualcompletion=\"ignore\"><\/div>\n<\/div>\n<\/div>\n<\/div>\n<\/div>\n<\/div>\n<p><!--more--><\/p>\n<div class=\"html-div xe8uvvx xdj266r x11i5rnm xat24cr x1mh8g0r xexx8yu x4uap5 x18d9i69 xkhd6sd\">\n<div class=\"html-div xe8uvvx xdj266r x11i5rnm xat24cr x1mh8g0r xexx8yu x4uap5 x18d9i69 xkhd6sd\" dir=\"auto\">\n<div id=\":rl9:\" class=\"x1iorvi4 x1pi30zi x1l90r2v x1swvt13\" data-ad-comet-preview=\"message\" data-ad-preview=\"message\">\n<div class=\"x78zum5 xdt5ytf xz62fqu x16ldp7u\">\n<div class=\"xu06os2 x1ok221b\">\n<div class=\"xdj266r x11i5rnm xat24cr x1mh8g0r x1vvkbs x126k92a\">\n<div dir=\"auto\">Desde el <strong>Instituto Cultural<\/strong> se ha lanzado la convocatoria a artistas visuales de todas las disciplinas, mayores de 18 a\u00f1os, a inscribirse al proyecto \u201cArtistas de mi pueblo\u201d. Es una nueva forma de difundir nuestra diversidad art\u00edstica y cultural, ha comentado desde el \u00e1rea de Cultura del municipio, el polifac\u00e9tico Fabi\u00e1n Scovenna.<\/div>\n<div dir=\"auto\"><\/div>\n<\/div>\n<div class=\"x11i5rnm xat24cr x1mh8g0r x1vvkbs xtlvy1s x126k92a\">\n<div dir=\"auto\">El programa tiene como objetivo principal dar a conocer las producciones visuales, realizadas por artistas que residen en diferentes municipios de la Provincia de Buenos Aires, como en este caso Exaltaci\u00f3n de la Cruz, a trav\u00e9s de publicaciones y exposiciones a lo largo del territorio.<\/div>\n<\/div>\n<\/div>\n<\/div>\n<\/div>\n<\/div>\n<\/div>\n<div dir=\"auto\"><\/div>\n<div dir=\"auto\"><img loading=\"lazy\" decoding=\"async\" class=\"aligncenter size-full wp-image-26144\" src=\"https:\/\/revistaepocadigital.com.ar\/wp-content\/uploads\/2024\/08\/SC2.jpg\" alt=\"\" width=\"600\" height=\"600\" srcset=\"https:\/\/revistaepocadigital.com.ar\/wp-content\/uploads\/2024\/08\/SC2.jpg 600w, https:\/\/revistaepocadigital.com.ar\/wp-content\/uploads\/2024\/08\/SC2-300x300.jpg 300w, https:\/\/revistaepocadigital.com.ar\/wp-content\/uploads\/2024\/08\/SC2-150x150.jpg 150w, https:\/\/revistaepocadigital.com.ar\/wp-content\/uploads\/2024\/08\/SC2-420x420.jpg 420w\" sizes=\"auto, (max-width: 600px) 100vw, 600px\" \/><\/div>\n<div dir=\"auto\"><img loading=\"lazy\" decoding=\"async\" class=\"aligncenter size-full wp-image-26146\" src=\"https:\/\/revistaepocadigital.com.ar\/wp-content\/uploads\/2024\/08\/SC3-1.jpg\" alt=\"\" width=\"600\" height=\"600\" srcset=\"https:\/\/revistaepocadigital.com.ar\/wp-content\/uploads\/2024\/08\/SC3-1.jpg 600w, https:\/\/revistaepocadigital.com.ar\/wp-content\/uploads\/2024\/08\/SC3-1-300x300.jpg 300w, https:\/\/revistaepocadigital.com.ar\/wp-content\/uploads\/2024\/08\/SC3-1-150x150.jpg 150w, https:\/\/revistaepocadigital.com.ar\/wp-content\/uploads\/2024\/08\/SC3-1-420x420.jpg 420w\" sizes=\"auto, (max-width: 600px) 100vw, 600px\" \/><\/div>\n<div dir=\"auto\"><img loading=\"lazy\" decoding=\"async\" class=\"aligncenter size-medium wp-image-26147\" src=\"https:\/\/revistaepocadigital.com.ar\/wp-content\/uploads\/2024\/08\/SC4-300x300.jpg\" alt=\"\" width=\"300\" height=\"300\" srcset=\"https:\/\/revistaepocadigital.com.ar\/wp-content\/uploads\/2024\/08\/SC4-300x300.jpg 300w, https:\/\/revistaepocadigital.com.ar\/wp-content\/uploads\/2024\/08\/SC4-150x150.jpg 150w, https:\/\/revistaepocadigital.com.ar\/wp-content\/uploads\/2024\/08\/SC4-420x420.jpg 420w, https:\/\/revistaepocadigital.com.ar\/wp-content\/uploads\/2024\/08\/SC4.jpg 600w\" sizes=\"auto, (max-width: 300px) 100vw, 300px\" \/><\/div>\n<div class=\"html-div xe8uvvx xdj266r x11i5rnm xat24cr x1mh8g0r xexx8yu x4uap5 x18d9i69 xkhd6sd\">\n<div class=\"html-div xe8uvvx xdj266r x11i5rnm xat24cr x1mh8g0r xexx8yu x4uap5 x18d9i69 xkhd6sd\" dir=\"auto\">\n<div id=\":rl9:\" class=\"x1iorvi4 x1pi30zi x1l90r2v x1swvt13\" data-ad-comet-preview=\"message\" data-ad-preview=\"message\">\n<div class=\"x78zum5 xdt5ytf xz62fqu x16ldp7u\">\n<div class=\"xu06os2 x1ok221b\">\n<div class=\"x11i5rnm xat24cr x1mh8g0r x1vvkbs xtlvy1s x126k92a\">\n<div dir=\"auto\"><\/div>\n<div dir=\"auto\">Para inscribirte debes completar el siguiente formulario: <span class=\"html-span xdj266r x11i5rnm xat24cr x1mh8g0r xexx8yu x4uap5 x18d9i69 xkhd6sd x1hl2dhg x16tdsg8 x1vvkbs\"><a class=\"x1i10hfl xjbqb8w x1ejq31n xd10rxx x1sy0etr x17r0tee x972fbf xcfux6l x1qhh985 xm0m39n x9f619 x1ypdohk xt0psk2 xe8uvvx xdj266r x11i5rnm xat24cr x1mh8g0r xexx8yu x4uap5 x18d9i69 xkhd6sd x16tdsg8 x1hl2dhg xggy1nq x1a2a7pz x1sur9pj xkrqix3 x1fey0fg\" tabindex=\"0\" role=\"link\" href=\"https:\/\/forms.gle\/umoF6vzx8X6enFrD8?fbclid=IwZXh0bgNhZW0CMTAAAR0czWWALqy2R2YBSHfaUrW0XNPN57ULVma8t-KVlafnkWW6qJiTBAxAYCQ_aem_yn66FdH_jnkup45gGNpIzg\" target=\"_blank\" rel=\"nofollow noopener noreferrer\">https:\/\/forms.gle\/umoF6vzx8X6enFrD8<\/a><\/span><\/div>\n<\/div>\n<div class=\"x11i5rnm xat24cr x1mh8g0r x1vvkbs xtlvy1s x126k92a\">\n<div dir=\"auto\"><\/div>\n<div dir=\"auto\">Ante consultas a efectuar, envialas por email<\/div>\n<div dir=\"auto\"><span class=\"html-span xexx8yu x4uap5 x18d9i69 xkhd6sd x1hl2dhg x16tdsg8 x1vvkbs x3nfvp2 x1j61x8r x1fcty0u xdj266r xat24cr xgzva0m xhhsvwb xxymvpz xlup9mm x1kky2od\">a: <\/span> artistasdemipueblo.ic@gmail.com<\/div>\n<\/div>\n<div class=\"x11i5rnm xat24cr x1mh8g0r x1vvkbs xtlvy1s x126k92a\">\n<div dir=\"auto\"><\/div>\n<div dir=\"auto\">\u201cArtistas de mi pueblo\u201d, si te sum\u00e1s, te permite conocer el arte de la provincia de Buenos Aires<\/div>\n<\/div>\n<\/div>\n<\/div>\n<\/div>\n<\/div>\n<\/div>\n","protected":false},"excerpt":{"rendered":"<p>UN PROGRAMA PARA PROMOVER A ARTISTAS DEL DISTRITO.<\/p>\n","protected":false},"author":3,"featured_media":26143,"comment_status":"open","ping_status":"open","sticky":false,"template":"","format":"standard","meta":{"footnotes":"","jetpack_publicize_message":"","jetpack_publicize_feature_enabled":true,"jetpack_social_post_already_shared":true,"jetpack_social_options":{"image_generator_settings":{"template":"highway","default_image_id":0,"font":"","enabled":false},"version":2}},"categories":[12],"tags":[2830],"class_list":["post-26142","post","type-post","status-publish","format-standard","has-post-thumbnail","hentry","category-espectaculos","tag-artistas-de-mi-pueblo"],"jetpack_publicize_connections":[],"jetpack_featured_media_url":"https:\/\/revistaepocadigital.com.ar\/wp-content\/uploads\/2024\/08\/SCOL.jpg","jetpack_likes_enabled":true,"_links":{"self":[{"href":"https:\/\/revistaepocadigital.com.ar\/index.php?rest_route=\/wp\/v2\/posts\/26142","targetHints":{"allow":["GET"]}}],"collection":[{"href":"https:\/\/revistaepocadigital.com.ar\/index.php?rest_route=\/wp\/v2\/posts"}],"about":[{"href":"https:\/\/revistaepocadigital.com.ar\/index.php?rest_route=\/wp\/v2\/types\/post"}],"author":[{"embeddable":true,"href":"https:\/\/revistaepocadigital.com.ar\/index.php?rest_route=\/wp\/v2\/users\/3"}],"replies":[{"embeddable":true,"href":"https:\/\/revistaepocadigital.com.ar\/index.php?rest_route=%2Fwp%2Fv2%2Fcomments&post=26142"}],"version-history":[{"count":0,"href":"https:\/\/revistaepocadigital.com.ar\/index.php?rest_route=\/wp\/v2\/posts\/26142\/revisions"}],"wp:featuredmedia":[{"embeddable":true,"href":"https:\/\/revistaepocadigital.com.ar\/index.php?rest_route=\/wp\/v2\/media\/26143"}],"wp:attachment":[{"href":"https:\/\/revistaepocadigital.com.ar\/index.php?rest_route=%2Fwp%2Fv2%2Fmedia&parent=26142"}],"wp:term":[{"taxonomy":"category","embeddable":true,"href":"https:\/\/revistaepocadigital.com.ar\/index.php?rest_route=%2Fwp%2Fv2%2Fcategories&post=26142"},{"taxonomy":"post_tag","embeddable":true,"href":"https:\/\/revistaepocadigital.com.ar\/index.php?rest_route=%2Fwp%2Fv2%2Ftags&post=26142"}],"curies":[{"name":"wp","href":"https:\/\/api.w.org\/{rel}","templated":true}]}}