{"id":26164,"date":"2024-08-04T00:09:58","date_gmt":"2024-08-04T03:09:58","guid":{"rendered":"https:\/\/revistaepocadigital.com.ar\/?p=26164"},"modified":"2024-08-04T00:09:58","modified_gmt":"2024-08-04T03:09:58","slug":"detuvieron-al-autor-del-robo-en-un-negocio-de-cardales","status":"publish","type":"post","link":"https:\/\/revistaepocadigital.com.ar\/?p=26164","title":{"rendered":"DETUVIERON AL AUTOR DEL ROBO EN UN NEGOCIO DE CARDALES"},"content":{"rendered":"<div dir=\"auto\"><strong>OCURRI\u00d3 HACE POCOS D\u00cdAS.<\/strong><\/div>\n<p><!--more--><\/p>\n<div dir=\"auto\"><\/div>\n<div class=\"x11i5rnm xat24cr x1mh8g0r x1vvkbs xtlvy1s x126k92a\">\n<div dir=\"auto\">La Polic\u00eda de Los Cardales logr\u00f3 esclarecer el robo a un comercio barrial de la zona acaecido el pasado lunes 29 de julio y aprehendi\u00f3 al autor material del hecho.<\/div>\n<\/div>\n<div class=\"x11i5rnm xat24cr x1mh8g0r x1vvkbs xtlvy1s x126k92a\">\n<div dir=\"auto\">La tarea policial comenz\u00f3 el pasado lunes cuando se recepcion\u00f3 la denuncia de una vecina, relatando el robo que acababa de sufrir en su comercio de barrio, en el que expende art\u00edculos de diversos rubros a trav\u00e9s de una ventanilla.<\/div>\n<\/div>\n<div class=\"x11i5rnm xat24cr x1mh8g0r x1vvkbs xtlvy1s x126k92a\">\n<div dir=\"auto\">De inmediato se comenz\u00f3 con la investigaci\u00f3n y las mismas permitieron determinar al autor material del il\u00edcito por lo que se pidi\u00f3 la correspondiente orden de allanamiento, librada por Juzgado de Garant\u00edas N\u00b0 1 de Z\u00e1rate-Campana.<\/div>\n<\/div>\n<div dir=\"auto\"><\/div>\n<div dir=\"auto\"><strong><img loading=\"lazy\" decoding=\"async\" class=\"aligncenter size-full wp-image-26167\" src=\"https:\/\/revistaepocadigital.com.ar\/wp-content\/uploads\/2024\/08\/453902231_953086470164818_6502219794975934355_n-1.jpg\" alt=\"\" width=\"357\" height=\"357\" srcset=\"https:\/\/revistaepocadigital.com.ar\/wp-content\/uploads\/2024\/08\/453902231_953086470164818_6502219794975934355_n-1.jpg 357w, https:\/\/revistaepocadigital.com.ar\/wp-content\/uploads\/2024\/08\/453902231_953086470164818_6502219794975934355_n-1-300x300.jpg 300w, https:\/\/revistaepocadigital.com.ar\/wp-content\/uploads\/2024\/08\/453902231_953086470164818_6502219794975934355_n-1-150x150.jpg 150w\" sizes=\"auto, (max-width: 357px) 100vw, 357px\" \/><\/strong><\/div>\n<div dir=\"auto\"><\/div>\n<div class=\"x11i5rnm xat24cr x1mh8g0r x1vvkbs xtlvy1s x126k92a\">\n<div dir=\"auto\">El procedimiento se concret\u00f3 en un domicilio ubicado en la esquina de la calle Alsina e Yrigoyen, donde se procedi\u00f3 a identificar y aprehender a un joven hombre de 18 a\u00f1os.<\/div>\n<\/div>\n<div class=\"x11i5rnm xat24cr x1mh8g0r x1vvkbs xtlvy1s x126k92a\">\n<div dir=\"auto\">Durante el operativo, la Polic\u00eda logr\u00f3 incautar en el lugar buena parte de los elementos que hab\u00edan sido sustra\u00eddos en el robo, la mayor\u00eda de ellos del rubro perfumer\u00eda, tel\u00e9fonos celulares del imputado y otros elementos de inter\u00e9s vinculados a la causa.<\/div>\n<\/div>\n<div class=\"x11i5rnm xat24cr x1mh8g0r x1vvkbs xtlvy1s x126k92a\">\n<div dir=\"auto\">Tras la redada, se determin\u00f3 que el detenido es el autor material del hecho investigado a partir del modus operandis y las pruebas f\u00edlmicas de distintos episodios.<\/div>\n<\/div>\n<div class=\"x11i5rnm xat24cr x1mh8g0r x1vvkbs xtlvy1s x126k92a\">\n<div dir=\"auto\">Tras estos procedimientos, la UFI de Exaltaci\u00f3n de la Cruz conducida por el fiscal Juan Manuel Esperante aval\u00f3 lo actuado<\/div>\n<\/div>\n","protected":false},"excerpt":{"rendered":"<p>OCURRI\u00d3 HACE POCOS D\u00cdAS.<\/p>\n","protected":false},"author":3,"featured_media":0,"comment_status":"open","ping_status":"open","sticky":false,"template":"","format":"standard","meta":{"footnotes":"","jetpack_publicize_message":"","jetpack_publicize_feature_enabled":true,"jetpack_social_post_already_shared":true,"jetpack_social_options":{"image_generator_settings":{"template":"highway","default_image_id":0,"font":"","enabled":false},"version":2}},"categories":[4],"tags":[2833],"class_list":["post-26164","post","type-post","status-publish","format-standard","hentry","category-aqui-los-cardales","tag-robo-cardales"],"jetpack_publicize_connections":[],"jetpack_featured_media_url":"","jetpack_likes_enabled":true,"_links":{"self":[{"href":"https:\/\/revistaepocadigital.com.ar\/index.php?rest_route=\/wp\/v2\/posts\/26164","targetHints":{"allow":["GET"]}}],"collection":[{"href":"https:\/\/revistaepocadigital.com.ar\/index.php?rest_route=\/wp\/v2\/posts"}],"about":[{"href":"https:\/\/revistaepocadigital.com.ar\/index.php?rest_route=\/wp\/v2\/types\/post"}],"author":[{"embeddable":true,"href":"https:\/\/revistaepocadigital.com.ar\/index.php?rest_route=\/wp\/v2\/users\/3"}],"replies":[{"embeddable":true,"href":"https:\/\/revistaepocadigital.com.ar\/index.php?rest_route=%2Fwp%2Fv2%2Fcomments&post=26164"}],"version-history":[{"count":0,"href":"https:\/\/revistaepocadigital.com.ar\/index.php?rest_route=\/wp\/v2\/posts\/26164\/revisions"}],"wp:attachment":[{"href":"https:\/\/revistaepocadigital.com.ar\/index.php?rest_route=%2Fwp%2Fv2%2Fmedia&parent=26164"}],"wp:term":[{"taxonomy":"category","embeddable":true,"href":"https:\/\/revistaepocadigital.com.ar\/index.php?rest_route=%2Fwp%2Fv2%2Fcategories&post=26164"},{"taxonomy":"post_tag","embeddable":true,"href":"https:\/\/revistaepocadigital.com.ar\/index.php?rest_route=%2Fwp%2Fv2%2Ftags&post=26164"}],"curies":[{"name":"wp","href":"https:\/\/api.w.org\/{rel}","templated":true}]}}