{"id":26176,"date":"2024-08-04T20:55:52","date_gmt":"2024-08-04T23:55:52","guid":{"rendered":"https:\/\/revistaepocadigital.com.ar\/?p=26176"},"modified":"2024-08-04T20:59:02","modified_gmt":"2024-08-04T23:59:02","slug":"cepral-penalizaciones-por-transgresiones-en-el-servicio-electrico","status":"publish","type":"post","link":"https:\/\/revistaepocadigital.com.ar\/?p=26176","title":{"rendered":"\u00ad  CEPRAL. Penalizaciones por Transgresiones en el Servicio El\u00e9ctrico"},"content":{"rendered":"<p><strong>INFORME.<\/strong><!--more--><\/p>\n<div><\/div>\n<div>\n<div id=\"ydp239c2359yiv3629606919\">\n<table class=\"ydp239c2359yiv3629606919nl2go-body-table\" border=\"0\" width=\"100%\" cellspacing=\"0\" cellpadding=\"0\">\n<tbody>\n<tr>\n<td>\n<table class=\"ydp239c2359yiv3629606919r0-o\" border=\"0\" width=\"590\" cellspacing=\"0\" cellpadding=\"0\" align=\"center\">\n<tbody>\n<tr>\n<td class=\"ydp239c2359yiv3629606919r1-i\" valign=\"top\">\n<table class=\"ydp239c2359yiv3629606919r3-o\" border=\"0\" width=\"100%\" cellspacing=\"0\" cellpadding=\"0\" align=\"center\">\n<tbody>\n<tr>\n<td class=\"ydp239c2359yiv3629606919r4-i\">\n<table border=\"0\" width=\"100%\" cellspacing=\"0\" cellpadding=\"0\">\n<tbody>\n<tr>\n<th class=\"ydp239c2359yiv3629606919r5-c\" valign=\"top\" width=\"100%\">\n<table class=\"ydp239c2359yiv3629606919r7-o\" border=\"0\" width=\"590\" cellspacing=\"0\" cellpadding=\"0\" align=\"center\">\n<tbody>\n<tr>\n<td class=\"ydp239c2359yiv3629606919r8-i\"><img decoding=\"async\" src=\"https:\/\/ecp.yusercontent.com\/mail?url=https%3A%2F%2F41sau.img.a.d.sendibm1.com%2Fim%2Fsh%2Fslo2c06UybKN.jpg%3Fu%3DWtVElij8PJZGcPbQH8MzxJFB7O82KS38&amp;t=1722814209&amp;ymreqid=a1e28384-e738-286e-1c85-60002401c900&amp;sig=dL4nE5xzMm9H6Tnwwyamxw--~D\" border=\"0\" \/><\/td>\n<\/tr>\n<\/tbody>\n<\/table>\n<\/th>\n<\/tr>\n<\/tbody>\n<\/table>\n<\/td>\n<\/tr>\n<\/tbody>\n<\/table>\n<table class=\"ydp239c2359yiv3629606919r3-o\" border=\"0\" width=\"100%\" cellspacing=\"0\" cellpadding=\"0\" align=\"center\">\n<tbody>\n<tr>\n<td class=\"ydp239c2359yiv3629606919r4-i\">\n<table border=\"0\" width=\"100%\" cellspacing=\"0\" cellpadding=\"0\">\n<tbody>\n<tr>\n<th class=\"ydp239c2359yiv3629606919r5-c\" valign=\"top\" width=\"100%\">\n<table class=\"ydp239c2359yiv3629606919r7-o\" border=\"0\" width=\"590\" cellspacing=\"0\" cellpadding=\"0\" align=\"center\">\n<tbody>\n<tr>\n<td class=\"ydp239c2359yiv3629606919r8-i\"><img decoding=\"async\" src=\"https:\/\/ecp.yusercontent.com\/mail?url=https%3A%2F%2F41sau.img.a.d.sendibm1.com%2Fim%2Fsh%2F6T1lT86MuYIy.jpg%3Fu%3DWtVElij8PJZGcrw8TYlM3EPRBDVrJBlC&amp;t=1722814209&amp;ymreqid=a1e28384-e738-286e-1c85-60002401c900&amp;sig=NgL9mYYfs3cwWJihq3YVtg--~D\" border=\"0\" \/><\/td>\n<\/tr>\n<\/tbody>\n<\/table>\n<\/th>\n<\/tr>\n<\/tbody>\n<\/table>\n<\/td>\n<\/tr>\n<\/tbody>\n<\/table>\n<table class=\"ydp239c2359yiv3629606919r7-o\" border=\"0\" width=\"100%\" cellspacing=\"0\" cellpadding=\"0\" align=\"center\">\n<tbody>\n<tr>\n<td class=\"ydp239c2359yiv3629606919r9-i\">\n<table border=\"0\" width=\"100%\" cellspacing=\"0\" cellpadding=\"0\">\n<tbody>\n<tr>\n<th class=\"ydp239c2359yiv3629606919r5-c\" valign=\"top\" width=\"100%\">\n<table class=\"ydp239c2359yiv3629606919r10-o\" border=\"0\" width=\"100%\" cellspacing=\"0\" cellpadding=\"0\" align=\"left\">\n<tbody>\n<tr>\n<td class=\"ydp239c2359yiv3629606919r11-i ydp239c2359yiv3629606919nl2go-default-textstyle\" valign=\"top\">INFORMACI\u00d3N DE INTER\u00c9S PARA VECINOS Y USUARIOS, BRINDADA POR EL CONSEJO DE ADMINISTRACI\u00d3N DE CEPRAL.<\/p>\n<p>&nbsp;<\/p>\n<p><em><strong>Servicio El\u00e9ctrico:<\/strong><\/em><\/p>\n<p>&nbsp;<\/p>\n<p><strong>Reestructuraci\u00f3n del R\u00e9gimen de Subsidios a la energ\u00eda:<\/strong><\/p>\n<p>Por lo dispuesto a nivel nacional mediante el Decreto N\u00ba 465\/2024 y la Resoluci\u00f3n SE N\u00ba 90\/2024 recordamos que:\u00a0<strong>todos los beneficiarios de TARIFA SOCIAL que no se hayan inscripto en el RASE deber\u00e1n hacerlo antes del 4 de septiembre de 2024<\/strong><strong>\u00a0para poder mantener su subsidio<\/strong>.<strong>\u00a0<\/strong><strong>De no inscribirse pasar\u00e1n en forma autom\u00e1tica a la categor\u00eda N1 debiendo pagar la tarifa plena.<\/strong><\/p>\n<p>Por otra parte, como es es p\u00fablico conocimiento,<strong>\u00a0los nuevos cuadros tarifarios para el Sector El\u00e9ctrico, aplicables a los consumos del pasado 1\u00b0 de junio, se ven reflejados en las facturas con vencimiento en agosto.\u00a0<\/strong><strong>Recordamos una vez m\u00e1s que Cepral no tiene potestad para fijar las tarifas, sino que est\u00e1 obligada a aplicar lo que le dicta el Organismo de aplicaci\u00f3n (OCEBA), los organismos nacionales y provinciales.<\/strong><\/p>\n<p><strong>Se contin\u00faan realizando tareas de mantenimiento sobre las l\u00edneas de Media Tensi\u00f3n, en la \u00faltima semana localizadas en los barrios Parque Exaltaci\u00f3n y El Remanso.<\/strong><\/p>\n<p>&nbsp;<\/p>\n<p><em><strong>Servicio Telecomunicaciones:\u00a0<\/strong><\/em><\/p>\n<p><strong>Se comenz\u00f3 con las tareas de necesarias para la construcci\u00f3n de la red de Fibra \u00d3ptica en el<\/strong>\u00a0<strong>Barrio Parque Parada Robles.\u00a0<\/strong>De esta manera CEPRAL suma un nuevo barrio a la familia de Fibra \u00d3ptica en Tu Hogar en la zona de concesi\u00f3n.<\/p>\n<p>De acuerdo con el compromiso establecido, <strong>ya se instalaron las primeras altas de Fibra \u00d3ptica en Tu Hogar<\/strong>\u00a0para los vecinos del barrio<strong>\u00a0Parque Exaltaci\u00f3n.<\/strong><\/p>\n<p><strong>IMPORTANTE:\u00a0<\/strong><strong>El 30 de noviembre se dar\u00e1 de baja definitivamente al Servicio de Internet por ADSL (red de cobre), debido a la imposibilidad de mantenerlo, por haber sido castigado durante los \u00faltimos a\u00f1os por la invasi\u00f3n de ardillas en la zona, como tambi\u00e9n a la no existencia de materiales para su reparaci\u00f3n.<\/strong><\/p>\n<p>&nbsp;<\/p>\n<p><em><strong>Temporada de Poda:<\/strong><\/em><\/p>\n<p>Se reiter\u00f3 el pedido a nuestros vecinos solicit\u00e1ndoles que por favor <strong>tomen los recaudos necesarios, trabajando con personal id\u00f3neo en sus podas domiciliarias respetando la prohibici\u00f3n de acopiar la poda debajo de las zonas donde hay red de servicios.<\/strong><\/p>\n<p><strong>Por otra parte, es necesario tomar conciencia y realizar el mantenimiento de los \u00e1rboles que invaden las l\u00edneas de los servicios p\u00fablicos, para evitar el da\u00f1o que ocasionan y la interrupci\u00f3n de servicios, como los ocurridos recientemente.<\/strong><\/p>\n<p>CEPRAL reiter\u00f3 la permanente disposici\u00f3n hacia sus usuarios por todas las v\u00edas de comunicaci\u00f3n, ante cualquier inquietu.<\/td>\n<\/tr>\n<\/tbody>\n<\/table>\n<table class=\"ydp239c2359yiv3629606919r10-o\" border=\"0\" width=\"100%\" cellspacing=\"0\" cellpadding=\"0\" align=\"left\">\n<tbody>\n<tr>\n<td class=\"ydp239c2359yiv3629606919r12-i ydp239c2359yiv3629606919nl2go-default-textstyle\" valign=\"top\">&nbsp;<\/p>\n<p>ATENCI\u00d3N.<\/p>\n<p>Informan que algunos vecinos est\u00e1n recibiendo llamados de personas haci\u00e9ndose pasar como personal de la Cooperativa, solicitando informaci\u00f3n privada de los usuarios para realizar ESTAFAS O HACKEOS.<\/p>\n<p>Desde CEPRAL se alerta y solicita a los usuarios tengan mucha precauci\u00f3n ante estos llamados.<\/p>\n<p><strong>\u00a0<\/strong><\/td>\n<\/tr>\n<\/tbody>\n<\/table>\n<table class=\"ydp239c2359yiv3629606919r7-o\" border=\"0\" width=\"550\" cellspacing=\"0\" cellpadding=\"0\" align=\"center\">\n<tbody>\n<tr>\n<td class=\"ydp239c2359yiv3629606919r13-i\">\n<table border=\"0\" width=\"100%\" cellspacing=\"0\" cellpadding=\"0\">\n<tbody>\n<tr>\n<td>\n<table class=\"ydp239c2359yiv3629606919r13-i\" border=\"0\" width=\"100%\" cellspacing=\"0\" cellpadding=\"0\">\n<tbody>\n<tr>\n<td height=\"0\">\u00ad<\/td>\n<\/tr>\n<\/tbody>\n<\/table>\n<\/td>\n<\/tr>\n<\/tbody>\n<\/table>\n<\/td>\n<\/tr>\n<\/tbody>\n<\/table>\n<table class=\"ydp239c2359yiv3629606919r10-o\" border=\"0\" width=\"100%\" cellspacing=\"0\" cellpadding=\"0\" align=\"left\">\n<tbody>\n<tr>\n<td class=\"ydp239c2359yiv3629606919r14-i ydp239c2359yiv3629606919nl2go-default-textstyle\" valign=\"top\">\n<div>\n<p><strong>Hagamos un uso racional de la Energ\u00eda El\u00e9ctrica<\/strong><\/p>\n<ul>\n<li>Mantengamos el aire acondicionado a 24\u00b0<\/li>\n<li>Ap\u00e1guemos en los ambientes cuando quedan desocupados<\/li>\n<li>Reemplacemos las l\u00e1mparas comunes por artefactos led<\/li>\n<\/ul>\n<p><strong>\u00a0\u00a0<\/strong><\/p>\n<\/div>\n<\/td>\n<\/tr>\n<\/tbody>\n<\/table>\n<table class=\"ydp239c2359yiv3629606919r7-o\" border=\"0\" width=\"550\" cellspacing=\"0\" cellpadding=\"0\" align=\"center\">\n<tbody>\n<tr>\n<td class=\"ydp239c2359yiv3629606919r15-i\"><img decoding=\"async\" src=\"https:\/\/ecp.yusercontent.com\/mail?url=https%3A%2F%2F41sau.img.a.d.sendibm1.com%2Fim%2Fsh%2FToPxJkgOfRUw.jpg%3Fu%3DWtVElij8PJZGdKGqfz9i99ZhF2tgHvTG&amp;t=1722814209&amp;ymreqid=a1e28384-e738-286e-1c85-60002401c900&amp;sig=oFDWGr6N4CsW.7yohZ6xVw--~D\" border=\"0\" data-inlineimagemanipulating=\"true\" \/><\/td>\n<\/tr>\n<\/tbody>\n<\/table>\n<\/th>\n<\/tr>\n<\/tbody>\n<\/table>\n<\/td>\n<\/tr>\n<\/tbody>\n<\/table>\n<table class=\"ydp239c2359yiv3629606919r7-o\" border=\"0\" width=\"100%\" cellspacing=\"0\" cellpadding=\"0\" align=\"center\">\n<tbody>\n<tr>\n<td class=\"ydp239c2359yiv3629606919r9-i\">\n<table border=\"0\" width=\"100%\" cellspacing=\"0\" cellpadding=\"0\">\n<tbody>\n<tr>\n<th class=\"ydp239c2359yiv3629606919r5-c\" valign=\"top\" width=\"100%\">\n<table class=\"ydp239c2359yiv3629606919r6-o\" border=\"0\" width=\"100%\" cellspacing=\"0\" cellpadding=\"0\">\n<tbody>\n<tr>\n<td class=\"ydp239c2359yiv3629606919r16-i\" valign=\"top\">\n<table border=\"0\" width=\"100%\" cellspacing=\"0\" cellpadding=\"0\">\n<tbody>\n<tr>\n<td class=\"ydp239c2359yiv3629606919r17-c\" align=\"left\">\n<table class=\"ydp239c2359yiv3629606919r10-o\" border=\"0\" width=\"100%\" cellspacing=\"0\" cellpadding=\"0\">\n<tbody>\n<tr>\n<td class=\"ydp239c2359yiv3629606919r18-i ydp239c2359yiv3629606919nl2go-default-textstyle\" valign=\"top\"><strong>Inscripci\u00f3n al RASE para los Usuarios Residenciales Vulnerables del Servicio P\u00fablico de Energ\u00eda El\u00e9ctrica<\/strong><\/p>\n<p>&nbsp;<\/p>\n<p><strong>Seg\u00fan las Resoluciones 90\/24 y 91\/24, los usuarios que reciben la Tarifa Social y que nunca se inscribieron en el RASE (Registro de Acceso a los Subsidios a la Energ\u00eda), tienen tiempo hasta el 4 de septiembre para anotarse en el registro y as\u00ed obtener el nivel de subsidio que les corresponda.<\/strong><\/p>\n<p><strong>Recuerde: El plazo de inscripci\u00f3n vence el d\u00eda 4 de septiembre de 2024<\/strong>, y el tr\u00e1mite podr\u00e1 realizarlo de la siguiente manera:<\/p>\n<p>&nbsp;<\/p>\n<p>1. Completando el formulario de inscripci\u00f3n, que tiene car\u00e1cter de Declaraci\u00f3n Jurada, a trav\u00e9s del siguiente link:\u00a0<a href=\"https:\/\/41sau.r.a.d.sendibm1.com\/mk\/cl\/f\/sh\/1t6Af4OiGsDg0dtECwUktAHTAZdnnO\/I8WWZYcHJm_h\" target=\"_blank\" rel=\"nofollow noopener\">https:\/\/www.argentina.gob.ar\/subsidios<\/a><\/p>\n<p>2. Documentaci\u00f3n necesaria para realizar el tr\u00e1mite:<\/p>\n<p>\u2022 El nombre de la Prestadora del servicio, el n\u00famero de medidor y el n\u00famero de usuario tal como se \u00a0encuentran en su factura.<br \/>\n\u2022 El \u00faltimo ejemplar del Documento Nacional de Identidad.<br \/>\n\u2022 El n\u00famero de CUIL de cada integrante del hogar mayor de 18 a\u00f1os.<br \/>\n\u2022 El ingreso de bolsillo de cada integrante del hogar mayor de 18 a\u00f1os.<br \/>\n\u2022 Una direcci\u00f3n de correo electr\u00f3nico.<\/p>\n<p>3. Cabe destacar que, <strong>cumplido ese plazo, el beneficio caducar\u00e1 respecto de los usuarios que no hubieren completado la presentaci\u00f3n individual, quedando comprendidos, por defecto, en el segmento de Mayores Ingresos.<\/strong><\/p>\n<p><strong>\u00bfC\u00f3mo puedo averiguar si me corresponde la Tarifa Social?<\/strong><\/p>\n<p>Ingresando al siguiente link y completando con su n\u00famero de DNI:<\/p>\n<p><a href=\"https:\/\/41sau.r.a.d.sendibm1.com\/mk\/cl\/f\/sh\/1t6Af4OiGsE8LM5ebIag3QLIYOcXVS\/jBkvs_0ILxL6\" target=\"_blank\" rel=\"nofollow noopener\">https:\/\/oceba.gba.gov.ar\/tarifa_social\/pordni<\/a><\/p>\n<p><strong>En caso de tener alguna duda en relaci\u00f3n a las tarifas y a los subsidios, ingrese a:<\/strong><\/p>\n<p><a href=\"https:\/\/41sau.r.a.d.sendibm1.com\/mk\/cl\/f\/sh\/1t6Af4OiGsEag4I4zegbDgP7wDbHDW\/CZ8wab1xVZMU\" target=\"_blank\" rel=\"nofollow noopener\">https:\/\/www.oceba.gba.gov.ar\/nueva_web\/#<\/a><\/p>\n<p>OCEBA &#8211; ORGANISMO DE CONTROL DE ENERGIA ELECTRICA DE LA PROVINCIA DE BUENOS AIRES<\/td>\n<\/tr>\n<\/tbody>\n<\/table>\n<\/td>\n<\/tr>\n<tr>\n<td class=\"ydp239c2359yiv3629606919r19-c\" align=\"center\">\n<table border=\"0\" width=\"100%\" cellspacing=\"0\" cellpadding=\"0\">\n<tbody>\n<tr>\n<td height=\"0\">\u00ad<\/td>\n<\/tr>\n<\/tbody>\n<\/table>\n<\/td>\n<\/tr>\n<tr>\n<td class=\"ydp239c2359yiv3629606919r20-c\" align=\"center\"><img decoding=\"async\" src=\"https:\/\/ecp.yusercontent.com\/mail?url=https%3A%2F%2F41sau.img.a.d.sendibm1.com%2Fim%2Fsh%2FC7ygkckFKiY8.jpg%3Fu%3DWtVElij8PJZGf9bhTgj8WqEjUMQyCsJW&amp;t=1722814209&amp;ymreqid=a1e28384-e738-286e-1c85-60002401c900&amp;sig=yaZO8p0hxTj8a1aleiQh9w--~D\" border=\"0\" data-inlineimagemanipulating=\"true\" \/><\/td>\n<\/tr>\n<tr>\n<td class=\"ydp239c2359yiv3629606919r17-c\" align=\"left\">\n<table class=\"ydp239c2359yiv3629606919r10-o\" border=\"0\" width=\"100%\" cellspacing=\"0\" cellpadding=\"0\">\n<tbody>\n<tr>\n<td class=\"ydp239c2359yiv3629606919r21-i ydp239c2359yiv3629606919nl2go-default-textstyle\" valign=\"top\">\n<div>\n<p><strong>Interrupciones del Servicio El\u00e9ctrico ante la ca\u00eddas de ramas<\/strong><\/p>\n<p>&nbsp;<\/p>\n<p>Debido a los fuertes vientos en la primera semana de agosto, cayeron ramas en diferentes barrios que ocasionaron cortes en el servicio el\u00e9ctrico.<\/p>\n<p>Como resultado de ello se produjo la rotura de la red de Media Tensi\u00f3n, producto de la ca\u00edda remas de \u00e1rboles de buen porte ubicados dentro de las propiedades de vecinos en los barrios Pav\u00f3n e \u00a0Indio Cu\u00e1.<\/p>\n<p>Al mismo tiempo, la ca\u00edda de una rama ocasion\u00f3 el incendio de un transformador en el barrio Los Pinos II, que invadi\u00f3 el bosque de \u00e1rboles \u00a0que fue sofocado por los Bomberos Voluntarios, dejando a gran cantidad de usuarios sin servicios durante casi tres horas.<\/p>\n<p>Las cuadrillas el\u00e9ctricas de la cooperativa continuaron realizando las reparaciones correspondientes a los da\u00f1os causados con el fin de restablecer todos los servicios.<\/p>\n<p><strong>Se insisti\u00f3 a los vecinos que por favor \u00a0tomen conciencia y mantengan la vegetaci\u00f3n de sus propiedades alejada de las l\u00edneas de los servicios p\u00fablicos.<\/strong><\/p>\n<p>&nbsp;<\/p>\n<\/div>\n<\/td>\n<\/tr>\n<\/tbody>\n<\/table>\n<\/td>\n<\/tr>\n<tr>\n<td class=\"ydp239c2359yiv3629606919r19-c\" align=\"center\">\n<table border=\"0\" width=\"100%\" cellspacing=\"0\" cellpadding=\"0\">\n<tbody>\n<tr>\n<td height=\"0\">\u00ad<\/td>\n<\/tr>\n<\/tbody>\n<\/table>\n<\/td>\n<\/tr>\n<tr>\n<td class=\"ydp239c2359yiv3629606919r17-c\" align=\"left\">\n<table class=\"ydp239c2359yiv3629606919r10-o\" border=\"0\" width=\"100%\" cellspacing=\"0\" cellpadding=\"0\">\n<tbody>\n<tr>\n<td class=\"ydp239c2359yiv3629606919r22-i ydp239c2359yiv3629606919nl2go-default-textstyle\" valign=\"top\">\n<div>\n<p><strong>Penalizaciones por Transgresiones en el Servicio El\u00e9ctrico<\/strong><\/p>\n<p>&nbsp;<\/p>\n<p>Las conexiones directas a la red, puentes o modificaciones en el medidor tanto como cualquier acci\u00f3n que altere y viole la seguridad el\u00e9ctrica de la acometida domiciliaria, est\u00e1n siendo fuertemente PENALIZADAS seg\u00fan marca el Reglamento de Servicio.<\/p>\n<p>En el \u00faltimo semestre se han penalizado a 14 usuarios, llevando a cabo Operativos Policiales con labrado de Actas e interrupci\u00f3n inmediata de los servicios con irregularidades.<\/p>\n<p><strong>Todo usuario que incurra en una transgresi\u00f3n -establecida en el mencionado Reglamento de Servicio- deber\u00e1 afrontar dichos cargos sumado a la posibilidad de cursar la DENUNCIA PENAL correspondiente<\/strong>.<\/p>\n<p>Acorde a ello, desde la Cooperativa se tom\u00f3 la decisi\u00f3n de comenzar a elevar dichos fraudes a fueros judiciales con denuncias penales.<\/p>\n<p>Estas acciones irresponsables no solo causan prejuicios a la Cooperativa sino impactan directamente en sus vecinos, afectando la calidad del servicio, como as\u00ed tambi\u00e9n ponen en juego la integridad f\u00edsica de las personas.<\/p>\n<p>&nbsp;<\/p>\n<p><strong>Tomemos conciencia de los riesgos a los que se expone a toda la comunidad ante un caso de fraude el\u00e9ctrico<\/strong>.<\/p>\n<\/div>\n<\/td>\n<\/tr>\n<\/tbody>\n<\/table>\n<\/td>\n<\/tr>\n<\/tbody>\n<\/table>\n<\/td>\n<\/tr>\n<\/tbody>\n<\/table>\n<\/th>\n<\/tr>\n<\/tbody>\n<\/table>\n<\/td>\n<\/tr>\n<\/tbody>\n<\/table>\n<table class=\"ydp239c2359yiv3629606919r7-o\" border=\"0\" width=\"100%\" cellspacing=\"0\" cellpadding=\"0\" align=\"center\">\n<tbody>\n<tr>\n<td class=\"ydp239c2359yiv3629606919r9-i\">\n<table border=\"0\" width=\"100%\" cellspacing=\"0\" cellpadding=\"0\">\n<tbody>\n<tr>\n<th class=\"ydp239c2359yiv3629606919r5-c\" valign=\"top\" width=\"100%\">\n<table class=\"ydp239c2359yiv3629606919r6-o\" border=\"0\" width=\"100%\" cellspacing=\"0\" cellpadding=\"0\">\n<tbody>\n<tr>\n<td class=\"ydp239c2359yiv3629606919r16-i\" valign=\"top\">\n<table border=\"0\" width=\"100%\" cellspacing=\"0\" cellpadding=\"0\">\n<tbody>\n<tr>\n<td class=\"ydp239c2359yiv3629606919r19-c\" align=\"center\">\n<table border=\"0\" width=\"100%\" cellspacing=\"0\" cellpadding=\"0\">\n<tbody>\n<tr>\n<td height=\"0\">\u00ad<\/td>\n<\/tr>\n<\/tbody>\n<\/table>\n<\/td>\n<\/tr>\n<\/tbody>\n<\/table>\n<\/td>\n<\/tr>\n<\/tbody>\n<\/table>\n<\/th>\n<\/tr>\n<\/tbody>\n<\/table>\n<\/td>\n<\/tr>\n<\/tbody>\n<\/table>\n<table class=\"ydp239c2359yiv3629606919r7-o\" border=\"0\" width=\"100%\" cellspacing=\"0\" cellpadding=\"0\" align=\"center\">\n<tbody>\n<tr>\n<td class=\"ydp239c2359yiv3629606919r9-i\">\n<table border=\"0\" width=\"100%\" cellspacing=\"0\" cellpadding=\"0\">\n<tbody>\n<tr>\n<th class=\"ydp239c2359yiv3629606919r5-c\" valign=\"top\" width=\"100%\">\n<table class=\"ydp239c2359yiv3629606919r6-o\" border=\"0\" width=\"100%\" cellspacing=\"0\" cellpadding=\"0\">\n<tbody>\n<tr>\n<td class=\"ydp239c2359yiv3629606919r16-i\" valign=\"top\">\n<table border=\"0\" width=\"100%\" cellspacing=\"0\" cellpadding=\"0\">\n<tbody>\n<tr>\n<td class=\"ydp239c2359yiv3629606919r17-c\" align=\"left\">\n<table class=\"ydp239c2359yiv3629606919r10-o\" border=\"0\" width=\"100%\" cellspacing=\"0\" cellpadding=\"0\">\n<tbody>\n<tr>\n<td class=\"ydp239c2359yiv3629606919r23-i ydp239c2359yiv3629606919nl2go-default-textstyle\" valign=\"top\">\n<div>\n<p><em><strong>Autov\u00eda N\u00b0 8 &#8211; Luminaria P\u00fablica<\/strong><\/em><\/p>\n<p><strong>Ante diversas consultas recibidas por la falta del servicio de alumbrado sobre la Autov\u00eda de la Ruta Nacional N\u00b0 8,<\/strong> en el tramo que abarca desde Ruta N\u00b0 6 hasta Ruta N\u00b0 8 km 90, CEPRAL inform\u00f3 que<strong>\u00a0no tiene ninguna responsabilidad con el tema .<\/strong><\/p>\n<p>De los trece puntos a los cuales abastece, doce se encuentran con energ\u00eda el\u00e9ctrica y en perfecto funcionamiento.\u00a0 S\u00f3lo uno, permanece cortado por falta de pago desde hace m\u00e1s de 5 meses<\/p>\n<p><strong>Por lo expuesto, se destac\u00f3 que la falta de iluminaci\u00f3n y de la seguridad en la v\u00eda p\u00fablica de dicha \u00e1rea, es competencia de la empresa concesionaria de la Autov\u00eda.<\/strong><\/p>\n<p><strong>\u00a0<\/strong><\/p>\n<\/div>\n<\/td>\n<\/tr>\n<\/tbody>\n<\/table>\n<\/td>\n<\/tr>\n<\/tbody>\n<\/table>\n<\/td>\n<\/tr>\n<\/tbody>\n<\/table>\n<\/th>\n<\/tr>\n<\/tbody>\n<\/table>\n<\/td>\n<\/tr>\n<\/tbody>\n<\/table>\n<table class=\"ydp239c2359yiv3629606919r7-o\" border=\"0\" width=\"100%\" cellspacing=\"0\" cellpadding=\"0\" align=\"center\">\n<tbody>\n<tr>\n<td class=\"ydp239c2359yiv3629606919r9-i\">\n<table border=\"0\" width=\"100%\" cellspacing=\"0\" cellpadding=\"0\">\n<tbody>\n<tr>\n<th class=\"ydp239c2359yiv3629606919r5-c\" valign=\"top\" width=\"100%\">\n<table class=\"ydp239c2359yiv3629606919r6-o\" border=\"0\" width=\"100%\" cellspacing=\"0\" cellpadding=\"0\">\n<tbody>\n<tr>\n<td class=\"ydp239c2359yiv3629606919r16-i\" valign=\"top\">\n<table border=\"0\" width=\"100%\" cellspacing=\"0\" cellpadding=\"0\">\n<tbody>\n<tr>\n<td class=\"ydp239c2359yiv3629606919r19-c\" align=\"center\">\n<table border=\"0\" width=\"100%\" cellspacing=\"0\" cellpadding=\"0\">\n<tbody>\n<tr>\n<td height=\"0\">\u00ad<\/td>\n<\/tr>\n<\/tbody>\n<\/table>\n<\/td>\n<\/tr>\n<tr>\n<td class=\"ydp239c2359yiv3629606919r20-c\" align=\"center\"><img decoding=\"async\" src=\"https:\/\/ecp.yusercontent.com\/mail?url=https%3A%2F%2F41sau.img.a.d.sendibm1.com%2Fim%2Fsh%2FDRM56Rn1-FI1.jpeg%3Fu%3DWtVElij8PJZGdmbYsPY4F4jxIsHVGfBK&amp;t=1722814209&amp;ymreqid=a1e28384-e738-286e-1c85-60002401c900&amp;sig=vPOw2G71NQ.QZSlOou5vqg--~D\" border=\"0\" data-inlineimagemanipulating=\"true\" \/><\/td>\n<\/tr>\n<tr>\n<td class=\"ydp239c2359yiv3629606919r17-c\" align=\"left\">\n<table class=\"ydp239c2359yiv3629606919r10-o\" border=\"0\" width=\"100%\" cellspacing=\"0\" cellpadding=\"0\">\n<tbody>\n<tr>\n<td class=\"ydp239c2359yiv3629606919r24-i ydp239c2359yiv3629606919nl2go-default-textstyle\" valign=\"top\">\n<div>\n<h4 class=\"ydp239c2359yiv3629606919default-heading4\">Fibra \u00d3ptica en Tu Hogar llega al Barrio Parque Parada Robles<\/h4>\n<p>&nbsp;<\/p>\n<p>En los primeros d\u00edas de este mes, comenzaron<strong> las tareas de poda y despeje de las zonas, por las que se comenz\u00f3 con el tendido de la red de Fibra \u00d3ptica <\/strong>que\u00a0 permitir\u00e1 brindar el servicio a un nuevo barrio de la zona de concesi\u00f3n.<\/p>\n<p>Mientras tanto, se siguen incorporando nuevos barrios y extendiendo la red de Fibra \u00d3ptica, trabajando para mejorar la calidad de vida de los vecinos.<\/p>\n<\/div>\n<\/td>\n<\/tr>\n<\/tbody>\n<\/table>\n<\/td>\n<\/tr>\n<tr>\n<td class=\"ydp239c2359yiv3629606919r19-c\" align=\"center\">\n<table border=\"0\" width=\"100%\" cellspacing=\"0\" cellpadding=\"0\">\n<tbody>\n<tr>\n<td height=\"0\">\u00ad<\/td>\n<\/tr>\n<\/tbody>\n<\/table>\n<\/td>\n<\/tr>\n<tr>\n<td class=\"ydp239c2359yiv3629606919r20-c\" align=\"center\"><img decoding=\"async\" src=\"https:\/\/ecp.yusercontent.com\/mail?url=https%3A%2F%2F41sau.img.a.d.sendibm1.com%2Fim%2Fsh%2FqC18rvTQUBJD.jpeg%3Fu%3DWtVElij8PJZGeEwH4pwQKzuDMhfKFOtO&amp;t=1722814209&amp;ymreqid=a1e28384-e738-286e-1c85-60002401c900&amp;sig=QhnMo2I6wCazfDQwNuIXng--~D\" border=\"0\" data-inlineimagemanipulating=\"true\" \/><\/td>\n<\/tr>\n<\/tbody>\n<\/table>\n<\/td>\n<\/tr>\n<\/tbody>\n<\/table>\n<\/th>\n<\/tr>\n<\/tbody>\n<\/table>\n<\/td>\n<\/tr>\n<\/tbody>\n<\/table>\n<table class=\"ydp239c2359yiv3629606919r7-o\" border=\"0\" width=\"100%\" cellspacing=\"0\" cellpadding=\"0\" align=\"center\">\n<tbody>\n<tr>\n<td class=\"ydp239c2359yiv3629606919r9-i\">\n<table border=\"0\" width=\"100%\" cellspacing=\"0\" cellpadding=\"0\">\n<tbody>\n<tr>\n<th class=\"ydp239c2359yiv3629606919r5-c\" valign=\"top\" width=\"100%\">\n<table class=\"ydp239c2359yiv3629606919r6-o\" border=\"0\" width=\"100%\" cellspacing=\"0\" cellpadding=\"0\">\n<tbody>\n<tr>\n<td class=\"ydp239c2359yiv3629606919r16-i\" valign=\"top\">\n<table border=\"0\" width=\"100%\" cellspacing=\"0\" cellpadding=\"0\">\n<tbody>\n<tr>\n<td class=\"ydp239c2359yiv3629606919r17-c\" align=\"left\">\n<table class=\"ydp239c2359yiv3629606919r10-o\" border=\"0\" width=\"100%\" cellspacing=\"0\" cellpadding=\"0\">\n<tbody>\n<tr>\n<td class=\"ydp239c2359yiv3629606919r25-i ydp239c2359yiv3629606919nl2go-default-textstyle\" valign=\"top\">\n<div>\n<h4 class=\"ydp239c2359yiv3629606919default-heading4\">FIBRA \u00d3PTICA A TU HOGAR &#8211; \u00a0BARRIO PARQUE EXALTACI\u00d3N<\/h4>\n<p>&nbsp;<\/p>\n<p>Se contin\u00faa con los trabajos junto a los equipos de la cooperativa y Comunitel. Avanzan en el \u00a0armado de las cajas para brindar el Servicio <strong>a todos los vecinos del barrio Parque Exaltaci\u00f3n.<\/strong><\/p>\n<p>As\u00ed se cumple con el<strong> compromiso y ya se comenz\u00f3 con las conexiones domiciliarias correspondientes a esta etapa.<\/strong><\/p>\n<p>Quienes a\u00fan no se hayan inscripto, se pueden sumar contact\u00e1ndose con la Cooperativa.<\/p>\n<p>En los actuales momentos, social y econ\u00f3micamente tan complejos, desde la Cooperativa <strong>se contin\u00faa apostando a la renovaci\u00f3n y mejora de los servicios.<\/strong><\/p>\n<p>&nbsp;<\/p>\n<\/div>\n<\/td>\n<\/tr>\n<\/tbody>\n<\/table>\n<\/td>\n<\/tr>\n<tr>\n<td class=\"ydp239c2359yiv3629606919r19-c\" align=\"center\">\n<table border=\"0\" width=\"100%\" cellspacing=\"0\" cellpadding=\"0\">\n<tbody>\n<tr>\n<td height=\"0\">\u00ad<\/td>\n<\/tr>\n<\/tbody>\n<\/table>\n<\/td>\n<\/tr>\n<\/tbody>\n<\/table>\n<\/td>\n<\/tr>\n<\/tbody>\n<\/table>\n<\/th>\n<\/tr>\n<\/tbody>\n<\/table>\n<\/td>\n<\/tr>\n<\/tbody>\n<\/table>\n<table class=\"ydp239c2359yiv3629606919r7-o\" border=\"0\" width=\"100%\" cellspacing=\"0\" cellpadding=\"0\" align=\"center\">\n<tbody>\n<tr>\n<td class=\"ydp239c2359yiv3629606919r9-i\">\n<table border=\"0\" width=\"100%\" cellspacing=\"0\" cellpadding=\"0\">\n<tbody>\n<tr>\n<th class=\"ydp239c2359yiv3629606919r5-c\" valign=\"top\" width=\"100%\">\n<table class=\"ydp239c2359yiv3629606919r6-o\" border=\"0\" width=\"100%\" cellspacing=\"0\" cellpadding=\"0\">\n<tbody>\n<tr>\n<td class=\"ydp239c2359yiv3629606919r16-i\" valign=\"top\">\n<table border=\"0\" width=\"100%\" cellspacing=\"0\" cellpadding=\"0\">\n<tbody>\n<tr>\n<td class=\"ydp239c2359yiv3629606919r17-c\" align=\"left\">\n<table class=\"ydp239c2359yiv3629606919r10-o\" border=\"0\" width=\"100%\" cellspacing=\"0\" cellpadding=\"0\">\n<tbody>\n<tr>\n<td class=\"ydp239c2359yiv3629606919r26-i ydp239c2359yiv3629606919nl2go-default-textstyle\" valign=\"top\">\n<div>\n<h4 class=\"ydp239c2359yiv3629606919default-heading4\">BAJA DEFINITIVA DEL SERVICIO DE INTERNET ADSL<\/h4>\n<p><strong>A partir del 30 de noviembre se dar\u00e1 de baja al servicio de ADSL. Esto se debe principalmente al deterioro de las instalaciones y la imposibilidad de conseguir materias primas para su mantenimiento y reparaci\u00f3n.<\/strong><\/p>\n<\/div>\n<\/td>\n<\/tr>\n<\/tbody>\n<\/table>\n<\/td>\n<\/tr>\n<\/tbody>\n<\/table>\n<\/td>\n<\/tr>\n<\/tbody>\n<\/table>\n<\/th>\n<\/tr>\n<\/tbody>\n<\/table>\n<\/td>\n<\/tr>\n<\/tbody>\n<\/table>\n<table class=\"ydp239c2359yiv3629606919r7-o\" border=\"0\" width=\"100%\" cellspacing=\"0\" cellpadding=\"0\" align=\"center\">\n<tbody>\n<tr>\n<td class=\"ydp239c2359yiv3629606919r9-i\">\n<table border=\"0\" width=\"100%\" cellspacing=\"0\" cellpadding=\"0\">\n<tbody>\n<tr>\n<th class=\"ydp239c2359yiv3629606919r5-c\" valign=\"top\" width=\"100%\">\n<table class=\"ydp239c2359yiv3629606919r6-o\" border=\"0\" width=\"100%\" cellspacing=\"0\" cellpadding=\"0\">\n<tbody>\n<tr>\n<td class=\"ydp239c2359yiv3629606919r16-i\" valign=\"top\">\n<table border=\"0\" width=\"100%\" cellspacing=\"0\" cellpadding=\"0\">\n<tbody>\n<tr>\n<td class=\"ydp239c2359yiv3629606919r20-c\" align=\"center\"><img decoding=\"async\" src=\"https:\/\/ecp.yusercontent.com\/mail?url=https%3A%2F%2F41sau.img.a.d.sendibm1.com%2Fim%2Fsh%2F-ZKi9iWRt98b.jpg%3Fu%3DWtVElij8PJZGehGzHGKmQv4TQX39E8bS&amp;t=1722814209&amp;ymreqid=a1e28384-e738-286e-1c85-60002401c900&amp;sig=1MQH78PjAkfrZF6PpcZ5eA--~D\" border=\"0\" data-inlineimagemanipulating=\"true\" \/><\/td>\n<\/tr>\n<\/tbody>\n<\/table>\n<\/td>\n<\/tr>\n<\/tbody>\n<\/table>\n<\/th>\n<\/tr>\n<\/tbody>\n<\/table>\n<\/td>\n<\/tr>\n<\/tbody>\n<\/table>\n<table class=\"ydp239c2359yiv3629606919r7-o\" border=\"0\" width=\"100%\" cellspacing=\"0\" cellpadding=\"0\" align=\"center\">\n<tbody>\n<tr>\n<td class=\"ydp239c2359yiv3629606919r9-i\">\n<table border=\"0\" width=\"100%\" cellspacing=\"0\" cellpadding=\"0\">\n<tbody>\n<tr>\n<th class=\"ydp239c2359yiv3629606919r5-c\" valign=\"top\" width=\"100%\">\n<table class=\"ydp239c2359yiv3629606919r6-o\" border=\"0\" width=\"100%\" cellspacing=\"0\" cellpadding=\"0\">\n<tbody>\n<tr>\n<td class=\"ydp239c2359yiv3629606919r16-i\" valign=\"top\">\n<table border=\"0\" width=\"100%\" cellspacing=\"0\" cellpadding=\"0\">\n<tbody>\n<tr>\n<td class=\"ydp239c2359yiv3629606919r27-c ydp239c2359yiv3629606919nl2go-default-textstyle\" align=\"left\">\n<div>\n<p><strong>TIPS CONSUMO RACIONAL DE ENERG\u00cdA<\/strong><\/p>\n<p>Las<strong>\u00a0luces encendidas<\/strong>\u00a0<strong>representan entre el 25 y el 35 % de la electricidad total consumida<\/strong>\u00a0en casa.<\/p>\n<p>La\u00a0<strong>iluminaci\u00f3n eficiente<\/strong>\u00a0contribuye a minimizar esta proporci\u00f3n, a reducir la demanda el\u00e9ctrica y por lo tanto a\u00a0<strong>ahorrar dinero.<\/strong><\/p>\n<ul>\n<li><strong>Mantener persianas levantadas<\/strong>\u00a0y cortinas replegadas para aprovechar al m\u00e1ximo la luz solar.<\/li>\n<li><strong>Mantener apagadas las luces de los ambientes desocupados\u00a0<\/strong>y\/o con generosa luz natural.<\/li>\n<li>Evitar el uso de estanter\u00edas, biombos, muebles que tapan la luz natural e incrementan el uso de luz artificial.<\/li>\n<li><strong>Limpiar las l\u00e1mparas con frecuencia, para que conserven su luminosidad original.\u00a0<\/strong><\/li>\n<\/ul>\n<p><em><strong>Antes de iluminar y aclimatar la casa<\/strong><\/em><\/p>\n<ul>\n<li>Las<strong>\u00a0l\u00e1mparas LED consumen 8 veces menos<\/strong>\u00a0electricidad\u00a0<strong>y duran 7.5 veces m\u00e1s<\/strong>\u00a0tiempo que las l\u00e1mparas tradicionales o hal\u00f3genas.<\/li>\n<li><strong>En invierno<\/strong>\u00a0tener presente que,\u00a0<strong>de los calefactores el\u00e9ctricos, el caloventor es el que consume m\u00e1s energ\u00eda<\/strong>\u00a0en una hora seguida de uso, incluso\u00a0<strong>m\u00e1s que un equipo de aire acondicionado<\/strong>.<\/li>\n<li>Un equipo de\u00a0<strong>aire acondicionado consume 12 veces m\u00e1s que un ventilador<\/strong>. Recordar esta proporci\u00f3n cuando vuelva el verano.<\/li>\n<\/ul>\n<p><strong><em>Variables directamente proporcionales<\/em>\u00a0<\/strong><\/p>\n<ul>\n<li>Cuando uses el<strong>\u00a0lavarropas<\/strong>, respetar la cantidad indicada de jab\u00f3n l\u00edquido o en polvo: cuando se supera,\u00a0<strong>el ciclo de enjuagado consume m\u00e1s energ\u00eda.\u00a0<\/strong><\/li>\n<li><strong>Cinco minutos antes de que la comida est\u00e9 a punto en el horno el\u00e9ctrico, apagarlo\u00a0<\/strong>y dejar que el calor residual termine la cocci\u00f3n.<\/li>\n<li>Hacer lo mismo con la comida que se cocine o se caliente sobre hornallas el\u00e9ctricas.<\/li>\n<\/ul>\n<p><em><strong>Por otro consumo racional<\/strong><\/em><\/p>\n<ul>\n<li>El\u00a0<strong>consumo energ\u00e9tico del termotanque el\u00e9ctrico es proporcional a la cantidad de agua utilizada<\/strong>. Evitar derrocharla al ba\u00f1arse y lavar los platos.<\/li>\n<li><strong>Regular la temperatura del agua desde el termotanque el\u00e9ctrico<\/strong>. Se le exige\u00a0<strong>mayor consumo energ\u00e9tico cuando se mezcla las aguas fr\u00eda y caliente desde las canillas.\u00a0<\/strong><\/li>\n<li>El lavarropas\u00a0<strong>consume m\u00e1s electricidad cuando usa agua caliente<\/strong>. De hecho, el 80 % de la energ\u00eda utilizada sirve para calentar agua durante el lavado.<\/li>\n<li><strong>La mayor parte de la energ\u00eda que consume el lavavajillas tambi\u00e9n sirve para calentar el agua.\u00a0<\/strong><\/li>\n<\/ul>\n<\/div>\n<\/td>\n<\/tr>\n<\/tbody>\n<\/table>\n<\/td>\n<\/tr>\n<\/tbody>\n<\/table>\n<\/th>\n<\/tr>\n<\/tbody>\n<\/table>\n<\/td>\n<\/tr>\n<\/tbody>\n<\/table>\n<table class=\"ydp239c2359yiv3629606919r7-o\" border=\"0\" width=\"100%\" cellspacing=\"0\" cellpadding=\"0\" align=\"center\">\n<tbody>\n<tr>\n<td class=\"ydp239c2359yiv3629606919r9-i\">\n<table border=\"0\" width=\"100%\" cellspacing=\"0\" cellpadding=\"0\">\n<tbody>\n<tr>\n<th class=\"ydp239c2359yiv3629606919r5-c\" valign=\"top\" width=\"100%\">\n<table class=\"ydp239c2359yiv3629606919r6-o\" border=\"0\" width=\"100%\" cellspacing=\"0\" cellpadding=\"0\">\n<tbody>\n<tr>\n<td class=\"ydp239c2359yiv3629606919r16-i\" valign=\"top\">\n<table border=\"0\" width=\"100%\" cellspacing=\"0\" cellpadding=\"0\">\n<tbody>\n<tr>\n<td class=\"ydp239c2359yiv3629606919r19-c\" align=\"center\">\n<table border=\"0\" width=\"100%\" cellspacing=\"0\" cellpadding=\"0\">\n<tbody>\n<tr>\n<td height=\"0\">\u00ad<\/td>\n<\/tr>\n<\/tbody>\n<\/table>\n<\/td>\n<\/tr>\n<\/tbody>\n<\/table>\n<\/td>\n<\/tr>\n<\/tbody>\n<\/table>\n<\/th>\n<\/tr>\n<\/tbody>\n<\/table>\n<\/td>\n<\/tr>\n<\/tbody>\n<\/table>\n<table class=\"ydp239c2359yiv3629606919r7-o\" border=\"0\" width=\"100%\" cellspacing=\"0\" cellpadding=\"0\" align=\"center\">\n<tbody>\n<tr>\n<td class=\"ydp239c2359yiv3629606919r28-i\">\n<table border=\"0\" width=\"100%\" cellspacing=\"0\" cellpadding=\"0\">\n<tbody>\n<tr>\n<th class=\"ydp239c2359yiv3629606919r5-c\" valign=\"top\" width=\"100%\">\n<table class=\"ydp239c2359yiv3629606919r10-o\" border=\"0\" width=\"100%\" cellspacing=\"0\" cellpadding=\"0\" align=\"left\">\n<tbody>\n<tr>\n<td class=\"ydp239c2359yiv3629606919r11-i ydp239c2359yiv3629606919nl2go-default-textstyle\" valign=\"top\">\n<div>\n<p>El Uso Racional de la Energ\u00eda El\u00e9ctrica nos beneficia a todos.<\/p>\n<\/div>\n<\/td>\n<\/tr>\n<\/tbody>\n<\/table>\n<\/th>\n<\/tr>\n<\/tbody>\n<\/table>\n<\/td>\n<\/tr>\n<\/tbody>\n<\/table>\n<table class=\"ydp239c2359yiv3629606919r7-o\" border=\"0\" width=\"100%\" cellspacing=\"0\" cellpadding=\"0\" align=\"center\">\n<tbody>\n<tr>\n<td class=\"ydp239c2359yiv3629606919r29-i\"><\/td>\n<\/tr>\n<\/tbody>\n<\/table>\n<\/td>\n<\/tr>\n<\/tbody>\n<\/table>\n<\/td>\n<\/tr>\n<\/tbody>\n<\/table>\n<\/div>\n<\/div>\n<p>&nbsp;<\/p>\n<p>&nbsp;<\/p>\n<p>&nbsp;<\/p>\n","protected":false},"excerpt":{"rendered":"<p>INFORME.<\/p>\n","protected":false},"author":3,"featured_media":26178,"comment_status":"open","ping_status":"open","sticky":false,"template":"","format":"standard","meta":{"footnotes":"","jetpack_publicize_message":"","jetpack_publicize_feature_enabled":true,"jetpack_social_post_already_shared":true,"jetpack_social_options":{"image_generator_settings":{"template":"highway","default_image_id":0,"font":"","enabled":false},"version":2}},"categories":[5],"tags":[780,29,848],"class_list":["post-26176","post","type-post","status-publish","format-standard","has-post-thumbnail","hentry","category-aqui-parada-robles","tag-agosto","tag-cepral","tag-informe"],"jetpack_publicize_connections":[],"jetpack_featured_media_url":"https:\/\/revistaepocadigital.com.ar\/wp-content\/uploads\/2024\/08\/mail-1-e1722815713216.jpg","jetpack_likes_enabled":true,"_links":{"self":[{"href":"https:\/\/revistaepocadigital.com.ar\/index.php?rest_route=\/wp\/v2\/posts\/26176","targetHints":{"allow":["GET"]}}],"collection":[{"href":"https:\/\/revistaepocadigital.com.ar\/index.php?rest_route=\/wp\/v2\/posts"}],"about":[{"href":"https:\/\/revistaepocadigital.com.ar\/index.php?rest_route=\/wp\/v2\/types\/post"}],"author":[{"embeddable":true,"href":"https:\/\/revistaepocadigital.com.ar\/index.php?rest_route=\/wp\/v2\/users\/3"}],"replies":[{"embeddable":true,"href":"https:\/\/revistaepocadigital.com.ar\/index.php?rest_route=%2Fwp%2Fv2%2Fcomments&post=26176"}],"version-history":[{"count":0,"href":"https:\/\/revistaepocadigital.com.ar\/index.php?rest_route=\/wp\/v2\/posts\/26176\/revisions"}],"wp:featuredmedia":[{"embeddable":true,"href":"https:\/\/revistaepocadigital.com.ar\/index.php?rest_route=\/wp\/v2\/media\/26178"}],"wp:attachment":[{"href":"https:\/\/revistaepocadigital.com.ar\/index.php?rest_route=%2Fwp%2Fv2%2Fmedia&parent=26176"}],"wp:term":[{"taxonomy":"category","embeddable":true,"href":"https:\/\/revistaepocadigital.com.ar\/index.php?rest_route=%2Fwp%2Fv2%2Fcategories&post=26176"},{"taxonomy":"post_tag","embeddable":true,"href":"https:\/\/revistaepocadigital.com.ar\/index.php?rest_route=%2Fwp%2Fv2%2Ftags&post=26176"}],"curies":[{"name":"wp","href":"https:\/\/api.w.org\/{rel}","templated":true}]}}