{"id":2618,"date":"2019-06-12T12:12:47","date_gmt":"2019-06-12T15:12:47","guid":{"rendered":"https:\/\/revistaepocadigital.com.ar\/?p=2618"},"modified":"2019-06-28T16:22:25","modified_gmt":"2019-06-28T19:22:25","slug":"vidal-superviso-las-obras-del-hospital-heroes-de-malvinas-en-merlo","status":"publish","type":"post","link":"https:\/\/revistaepocadigital.com.ar\/?p=2618","title":{"rendered":"VIDAL SUPERVIS\u00d3 LAS OBRAS DEL HOSPITAL H\u00c9ROES DE MALVINAS EN MERLO"},"content":{"rendered":"<p><span style=\"color: #000000; font-family: arial, sans-serif;\"><strong>LA RECORRIDA DE LA GOBERNADORA POR LA PROVINCIA.<\/strong><br \/>\n<\/span><!--more--><\/p>\n<p dir=\"ltr\">Tuvo otro paso por la ciudad de Merlo, Mar\u00eda Eugenia Vidal, supervis\u00f3 las obras de renovaci\u00f3n del Servicio de Neonatolog\u00eda del Hospital Zonal General de Agudos H\u00e9roes de Malvinas, en Merlo.<\/p>\n<p dir=\"ltr\">Vidal, quien estuvo acompa\u00f1ada por el ministro de Salud bonaerense, Andr\u00e9s Scarsi, recorri\u00f3 las nuevas instalaciones del Hospital. La remodelaci\u00f3n incluy\u00f3 la demolici\u00f3n, adecuaci\u00f3n y ampliaci\u00f3n completa del sector de Neonatolog\u00eda.<\/p>\n<p dir=\"ltr\">\u00a0<img loading=\"lazy\" decoding=\"async\" class=\"aligncenter size-full wp-image-2624\" src=\"https:\/\/revistaepocadigital.com.ar\/wp-content\/uploads\/2019\/06\/vidall.jpg\" alt=\"\" width=\"1200\" height=\"784\" srcset=\"https:\/\/revistaepocadigital.com.ar\/wp-content\/uploads\/2019\/06\/vidall.jpg 1200w, https:\/\/revistaepocadigital.com.ar\/wp-content\/uploads\/2019\/06\/vidall-300x196.jpg 300w, https:\/\/revistaepocadigital.com.ar\/wp-content\/uploads\/2019\/06\/vidall-768x502.jpg 768w, https:\/\/revistaepocadigital.com.ar\/wp-content\/uploads\/2019\/06\/vidall-1024x669.jpg 1024w, https:\/\/revistaepocadigital.com.ar\/wp-content\/uploads\/2019\/06\/vidall-696x455.jpg 696w, https:\/\/revistaepocadigital.com.ar\/wp-content\/uploads\/2019\/06\/vidall-1068x698.jpg 1068w, https:\/\/revistaepocadigital.com.ar\/wp-content\/uploads\/2019\/06\/vidall-643x420.jpg 643w\" sizes=\"auto, (max-width: 1200px) 100vw, 1200px\" \/><\/p>\n<p dir=\"ltr\">Asimismo, se sumaron nuevas \u00e1reas necesarias para mejorar las condiciones de trabajo de los profesionales de salud y optimizar la atenci\u00f3n de los pacientes. Por ejemplo: sala de transferencia, sanitario y vestuario, habitaci\u00f3n para los m\u00e9dicos de guardia, sala de tableros, sala de reuniones, sala de estar de enfermer\u00eda, entre otras.<\/p>\n<p dir=\"ltr\">En diciembre de 2018, gracias a una inversi\u00f3n de $61 millones, finalizaron las obras de remodelaci\u00f3n de la guardia que en ese mismo a\u00f1o recibi\u00f3 a m\u00e1s de 47.900 personas. El proyecto contempl\u00f3 la renovaci\u00f3n del \u00e1rea de guardia y emergencia en los Servicios de Adultos y Pediatr\u00eda y la reconstrucci\u00f3n del \u00e1rea frontal del edificio. Tambi\u00e9n, se contempl\u00f3 la adecuaci\u00f3n de los consultorios externos de \u00e1rea de pediatr\u00eda.<\/p>\n<div>Fotos: Secretar\u00eda de Medios de la provincia de Buenos Aires.<\/div>\n","protected":false},"excerpt":{"rendered":"<p>LA RECORRIDA DE LA GOBERNADORA POR LA PROVINCIA.<\/p>\n","protected":false},"author":3,"featured_media":2621,"comment_status":"open","ping_status":"open","sticky":false,"template":"","format":"standard","meta":{"footnotes":"","jetpack_publicize_message":"","jetpack_publicize_feature_enabled":true,"jetpack_social_post_already_shared":false,"jetpack_social_options":{"image_generator_settings":{"template":"highway","default_image_id":0,"font":"","enabled":false},"version":2}},"categories":[17],"tags":[377,378],"class_list":["post-2618","post","type-post","status-publish","format-standard","has-post-thumbnail","hentry","category-politica","tag-gobernadora","tag-hospitales"],"jetpack_publicize_connections":[],"jetpack_featured_media_url":"https:\/\/revistaepocadigital.com.ar\/wp-content\/uploads\/2019\/06\/vidal.-1.jpg","jetpack_likes_enabled":true,"_links":{"self":[{"href":"https:\/\/revistaepocadigital.com.ar\/index.php?rest_route=\/wp\/v2\/posts\/2618","targetHints":{"allow":["GET"]}}],"collection":[{"href":"https:\/\/revistaepocadigital.com.ar\/index.php?rest_route=\/wp\/v2\/posts"}],"about":[{"href":"https:\/\/revistaepocadigital.com.ar\/index.php?rest_route=\/wp\/v2\/types\/post"}],"author":[{"embeddable":true,"href":"https:\/\/revistaepocadigital.com.ar\/index.php?rest_route=\/wp\/v2\/users\/3"}],"replies":[{"embeddable":true,"href":"https:\/\/revistaepocadigital.com.ar\/index.php?rest_route=%2Fwp%2Fv2%2Fcomments&post=2618"}],"version-history":[{"count":0,"href":"https:\/\/revistaepocadigital.com.ar\/index.php?rest_route=\/wp\/v2\/posts\/2618\/revisions"}],"wp:featuredmedia":[{"embeddable":true,"href":"https:\/\/revistaepocadigital.com.ar\/index.php?rest_route=\/wp\/v2\/media\/2621"}],"wp:attachment":[{"href":"https:\/\/revistaepocadigital.com.ar\/index.php?rest_route=%2Fwp%2Fv2%2Fmedia&parent=2618"}],"wp:term":[{"taxonomy":"category","embeddable":true,"href":"https:\/\/revistaepocadigital.com.ar\/index.php?rest_route=%2Fwp%2Fv2%2Fcategories&post=2618"},{"taxonomy":"post_tag","embeddable":true,"href":"https:\/\/revistaepocadigital.com.ar\/index.php?rest_route=%2Fwp%2Fv2%2Ftags&post=2618"}],"curies":[{"name":"wp","href":"https:\/\/api.w.org\/{rel}","templated":true}]}}