{"id":26203,"date":"2024-08-10T16:46:33","date_gmt":"2024-08-10T19:46:33","guid":{"rendered":"https:\/\/revistaepocadigital.com.ar\/?p=26203"},"modified":"2024-08-10T16:51:35","modified_gmt":"2024-08-10T19:51:35","slug":"el-dia-del-nino-el-dia-que-los-chicos-deben-vivir-y-disfrutar-lo-mejor-posible","status":"publish","type":"post","link":"https:\/\/revistaepocadigital.com.ar\/?p=26203","title":{"rendered":"EL D\u00cdA DEL NI\u00d1O, EL D\u00cdA QUE LOS CHICOS DEBEN VIVIR Y DISFRUTAR LO MEJOR POSIBLE"},"content":{"rendered":"<p><strong>NI\u00d1AS, NI\u00d1OS; CENTRO EXCLUYENTE EN LA VIDA DE DE LOS MAYORES EN EL MUNDO<\/strong>.<\/p>\n<p><strong>EN DIEGO GAYNOR.<\/strong><br \/>\n<!--more--><\/p>\n<p>Tambi\u00e9n sufrientes, acosados, maltratados, los m\u00e1s vulnerables en la espiral de tantas\u00a0 sociedades modernas. En el d\u00eda de ellos, en especial para aquellos que transitan vaya a saber cuantas necesidades, por eso tendamos la mano. Ellos vaya si lo merecen!<\/p>\n<p>&nbsp;<\/p>\n<p><img loading=\"lazy\" decoding=\"async\" class=\"aligncenter size-full wp-image-26204\" src=\"https:\/\/revistaepocadigital.com.ar\/wp-content\/uploads\/2024\/08\/gaynor-dia-ni-no.jpg\" alt=\"\" width=\"512\" height=\"720\" srcset=\"https:\/\/revistaepocadigital.com.ar\/wp-content\/uploads\/2024\/08\/gaynor-dia-ni-no.jpg 512w, https:\/\/revistaepocadigital.com.ar\/wp-content\/uploads\/2024\/08\/gaynor-dia-ni-no-213x300.jpg 213w, https:\/\/revistaepocadigital.com.ar\/wp-content\/uploads\/2024\/08\/gaynor-dia-ni-no-299x420.jpg 299w\" sizes=\"auto, (max-width: 512px) 100vw, 512px\" \/><\/p>\n<p>&nbsp;<\/p>\n","protected":false},"excerpt":{"rendered":"<p>NI\u00d1AS, NI\u00d1OS; CENTRO EXCLUYENTE EN LA VIDA DE DE LOS MAYORES EN EL MUNDO. EN DIEGO GAYNOR.<\/p>\n","protected":false},"author":3,"featured_media":26204,"comment_status":"open","ping_status":"open","sticky":false,"template":"","format":"standard","meta":{"footnotes":"","jetpack_publicize_message":"","jetpack_publicize_feature_enabled":true,"jetpack_social_post_already_shared":true,"jetpack_social_options":{"image_generator_settings":{"template":"highway","default_image_id":0,"font":"","enabled":false},"version":2}},"categories":[6],"tags":[793],"class_list":["post-26203","post","type-post","status-publish","format-standard","has-post-thumbnail","hentry","category-barrios","tag-dia-del-nino"],"jetpack_publicize_connections":[],"jetpack_featured_media_url":"https:\/\/revistaepocadigital.com.ar\/wp-content\/uploads\/2024\/08\/gaynor-dia-ni-no.jpg","jetpack_likes_enabled":true,"_links":{"self":[{"href":"https:\/\/revistaepocadigital.com.ar\/index.php?rest_route=\/wp\/v2\/posts\/26203","targetHints":{"allow":["GET"]}}],"collection":[{"href":"https:\/\/revistaepocadigital.com.ar\/index.php?rest_route=\/wp\/v2\/posts"}],"about":[{"href":"https:\/\/revistaepocadigital.com.ar\/index.php?rest_route=\/wp\/v2\/types\/post"}],"author":[{"embeddable":true,"href":"https:\/\/revistaepocadigital.com.ar\/index.php?rest_route=\/wp\/v2\/users\/3"}],"replies":[{"embeddable":true,"href":"https:\/\/revistaepocadigital.com.ar\/index.php?rest_route=%2Fwp%2Fv2%2Fcomments&post=26203"}],"version-history":[{"count":0,"href":"https:\/\/revistaepocadigital.com.ar\/index.php?rest_route=\/wp\/v2\/posts\/26203\/revisions"}],"wp:featuredmedia":[{"embeddable":true,"href":"https:\/\/revistaepocadigital.com.ar\/index.php?rest_route=\/wp\/v2\/media\/26204"}],"wp:attachment":[{"href":"https:\/\/revistaepocadigital.com.ar\/index.php?rest_route=%2Fwp%2Fv2%2Fmedia&parent=26203"}],"wp:term":[{"taxonomy":"category","embeddable":true,"href":"https:\/\/revistaepocadigital.com.ar\/index.php?rest_route=%2Fwp%2Fv2%2Fcategories&post=26203"},{"taxonomy":"post_tag","embeddable":true,"href":"https:\/\/revistaepocadigital.com.ar\/index.php?rest_route=%2Fwp%2Fv2%2Ftags&post=26203"}],"curies":[{"name":"wp","href":"https:\/\/api.w.org\/{rel}","templated":true}]}}