{"id":26206,"date":"2024-08-13T00:20:28","date_gmt":"2024-08-13T03:20:28","guid":{"rendered":"https:\/\/revistaepocadigital.com.ar\/?p=26206"},"modified":"2024-08-13T00:20:28","modified_gmt":"2024-08-13T03:20:28","slug":"los-golpes-de-alberto-fernandez-a-fabiola-yanez-el-pais-estupefacto","status":"publish","type":"post","link":"https:\/\/revistaepocadigital.com.ar\/?p=26206","title":{"rendered":"LOS GOLPES DE ALBERTO FERN\u00c1NDEZ A FABIOLA YA\u00d1EZ. EL PA\u00cdS ESTUPEFACTO"},"content":{"rendered":"<header id=\"theme-header\" class=\"theme-header header-layout-3 main-nav-dark main-nav-default-dark main-nav-below main-nav-boxed has-stream-item top-nav-active top-nav-light top-nav-default-light top-nav-above has-shadow has-normal-width-logo mobile-header-centered\">\n<div class=\"container header-container\">\n<div class=\"tie-row logo-row\">\n<div class=\"logo-wrapper\">\n<div class=\"tie-col-md-4 logo-container clearfix\"><strong>EL ESC\u00c1NDALO, EL TERREMOTO POL\u00cdTICO, LEJOS DE DETENERSE.<\/strong><\/div>\n<\/div>\n<\/div>\n<\/div>\n<div class=\"main-nav-wrapper\">\n<nav id=\"main-nav\" class=\"main-nav header-nav live-search-parent fixed fixed-not-bottom unpinned-no-transition fixed-nav fixed-unpinned\" data-skin=\"search-in-main-nav\">\n<div class=\"container\">\n<div class=\"main-menu-wrapper\">\n<div id=\"menu-components-wrap\">\n<ul class=\"components\">\n<li class=\"skin-icon menu-item custom-menu-link\"><a class=\"change-skin\" title=\"Switch skin\" href=\"https:\/\/lagacetaexaltacion.com.ar\/articulo\/la-denuncia-de-fabiola-yanez-contra-alberto-fernandez-%E2%80%9Cvenis-golpeandome-hace-tres-dias-seguidos%E2%80%9D.php?fbclid=IwY2xjawEkzsFleHRuA2FlbQIxMAABHYZIm4kDh87yw907t7r91sdeVFmycCCxr9EttbxqrLQ0w6l_4k7uQZYuNA_aem_MsofHV3r9H3SpXYRvovYpQ#\"><span class=\"screen-reader-text\">iar mo<\/span><\/a><\/li>\n<\/ul>\n<\/div>\n<\/div>\n<\/div>\n<\/nav>\n<\/div>\n<\/header>\n<p><!--more--><\/p>\n<div id=\"content\" class=\"site-content container\">\n<div id=\"main-content-row\" class=\"tie-row main-content-row\">\n<div class=\"main-content tie-col-md-8 tie-col-xs-12\" role=\"main\">\n<article id=\"the-post\" class=\"container-wrapper post-content tie-standard tie-autoloaded-post\" data-post-title=\"La denuncia de Fabiola Ya\u00f1ez contra Alberto Fern\u00e1ndez: \u201cVen\u00eds golpe\u00e1ndome hace tres d\u00edas seguidos\u201d\">\n<div class=\"featured-area\">\n<div class=\"featured-area-inner\">\n<figure class=\"single-featured-image\"><img loading=\"lazy\" decoding=\"async\" class=\"attachment-full size-full wp-post-image\" src=\"https:\/\/lagacetaexaltacion.com.ar\/images\/noticias\/7347_1723165136.png\" alt=\"\" width=\"1200\" height=\"801\" \/><\/figure>\n<\/div>\n<\/div>\n<header class=\"entry-header-outer\">\n<div class=\"entry-header\">\n<p>&nbsp;<\/p>\n<h4 class=\"post-title entry-title\"><em>La denuncia de Fabiola Ya\u00f1ez contra Alberto Fern\u00e1ndez: \u201cVen\u00eds golpe\u00e1ndome hace tres d\u00edas seguidos\u201d.\u00a0 La mujer volvi\u00f3 a declarar. La nota y fotos publicadas en Infobae<\/em><\/h4>\n<\/div>\n<\/header>\n<div class=\"entry-content entry clearfix\">\n<div id=\"contenido_articulo\">\n<p>Seg\u00fan se desprende de las capturas, parte de los golpes del ex presidente contra su ex pareja ocurrieron en agosto de 2021, plena pandemia del coronavirus.<\/p>\n<p>En las im\u00e1genes se puede ver a la ex primera dama con moretones en el brazo y la cara. Son fotos que ella le manda al ex mandatario reproch\u00e1ndole su actitud violenta:<strong>\u00a0\u201cEsto no funciona as\u00ed todo el tiempo me golpeas. Es ins\u00f3lito. No puede dejar que me hagas esto cuando yo no te hice nada. Y todo lo que trato de hacer con la mente centrada es defenderte y vos me golpeas f\u00edsicamente. No hay explicaci\u00f3n\u201d.<\/strong><\/p>\n<figure class=\"image image_resized\"><img loading=\"lazy\" decoding=\"async\" src=\"https:\/\/www.infobae.com\/new-resizer\/vP2-JkOBZrW9xCQydn8bqbOfaSA=\/420x747\/filters:format(webp):quality(85)\/cloudfront-us-east-1.images.arcpublishing.com\/infobae\/2HLN3L6MABF3XGRT2INTEZLISM.jpg%20420w\" sizes=\"auto, 100vw\" srcset=\"https:\/\/www.infobae.com\/new-resizer\/vP2-JkOBZrW9xCQydn8bqbOfaSA=\/420x747\/filters:format(webp):quality(85)\/cloudfront-us-east-1.images.arcpublishing.com\/infobae\/2HLN3L6MABF3XGRT2INTEZLISM.jpg 420w,https:\/\/www.infobae.com\/new-resizer\/AqjkL2QhQ8LyCGof4zN3om3bjP8=\/768x1365\/filters:format(webp):quality(85)\/cloudfront-us-east-1.images.arcpublishing.com\/infobae\/2HLN3L6MABF3XGRT2INTEZLISM.jpg 768w,https:\/\/www.infobae.com\/new-resizer\/daNnicXMWq1faAKecK-AhNl12PI=\/992x1764\/filters:format(webp):quality(85)\/cloudfront-us-east-1.images.arcpublishing.com\/infobae\/2HLN3L6MABF3XGRT2INTEZLISM.jpg 992w,https:\/\/www.infobae.com\/new-resizer\/pZ6jGvM2OzNm82Xg6c07M3EmWVs=\/1200x2133\/filters:format(webp):quality(85)\/cloudfront-us-east-1.images.arcpublishing.com\/infobae\/2HLN3L6MABF3XGRT2INTEZLISM.jpg 1200w\" alt=\"Parte de la conversaci\u00f3n entre la ex primera dama y Alberto Fern\u00e1ndez\" width=\"1920\" height=\"3235\" \/><\/figure>\n<p>En las capturas tambi\u00e9n aparece la respuesta del ex jefe de Estado: \u201cPero deja de discutir. Al final terminamos peleados nosotros por todos los dem\u00e1s. Por favor. Ven\u00ed\u201d.<\/p>\n<p>Ante esto, Ya\u00f1ez insiste: \u201cMe volves a golpear. Est\u00e1s loco\u201d. Y Fern\u00e1ndez replica: \u201cMe siento mal\u201d. \u201cVen\u00eds golpe\u00e1ndome hace 3 d\u00edas seguidos\u201d, responde, contundente, Ya\u00f1ez, a lo que el ex presidente reacciona: \u201cMe cuesta respirar. Por favor par\u00e1. Me siento muy mal\u201d.<\/p>\n<figure class=\"image image_resized\"><img loading=\"lazy\" decoding=\"async\" src=\"https:\/\/www.infobae.com\/new-resizer\/njnsqUsnEj-F-CaLfqe2RQAD7Ts=\/420x630\/filters:format(webp):quality(85)\/cloudfront-us-east-1.images.arcpublishing.com\/infobae\/NZOXXGPYMRC6ZOY3CEJY76LUAU.jpg%20420w\" sizes=\"auto, 100vw\" srcset=\"https:\/\/www.infobae.com\/new-resizer\/njnsqUsnEj-F-CaLfqe2RQAD7Ts=\/420x630\/filters:format(webp):quality(85)\/cloudfront-us-east-1.images.arcpublishing.com\/infobae\/NZOXXGPYMRC6ZOY3CEJY76LUAU.jpg 420w,https:\/\/www.infobae.com\/new-resizer\/jPpTx6f2dE0LQAhVLJtI8kZ3mtA=\/768x1152\/filters:format(webp):quality(85)\/cloudfront-us-east-1.images.arcpublishing.com\/infobae\/NZOXXGPYMRC6ZOY3CEJY76LUAU.jpg 768w,https:\/\/www.infobae.com\/new-resizer\/9_rDxyICM9YYlMNksmQmgI2qc8E=\/992x1488\/filters:format(webp):quality(85)\/cloudfront-us-east-1.images.arcpublishing.com\/infobae\/NZOXXGPYMRC6ZOY3CEJY76LUAU.jpg 992w,https:\/\/www.infobae.com\/new-resizer\/E57OMCUIcnCJ7EabyIIckV3k0ns=\/1200x1800\/filters:format(webp):quality(85)\/cloudfront-us-east-1.images.arcpublishing.com\/infobae\/NZOXXGPYMRC6ZOY3CEJY76LUAU.jpg 1200w\" alt=\"&quot;Me ven\u00eds golpeando hace tres d\u00edas seguidos&quot;, le dice Fabiola Ya\u00f1ez a Alberto Fern\u00e1ndez\" width=\"1920\" height=\"3011\" \/><\/figure>\n<p>Ya\u00f1ez le enviaba las fotos a Fern\u00e1ndez reclam\u00e1ndole por su actitud violenta:\u00a0<strong>\u201cY cuando me samarreaste de los brazos me dejaste moretones. Esto es cuando me samarreaste\u201d.<\/strong><\/p>\n<p>Luego le env\u00eda una foto del ojo totalmente morado y le dice, ir\u00f3nicamente: \u201cEsto es cuando me pegaste sin querer\u201d.<\/p>\n<figure class=\"image image_resized\"><img loading=\"lazy\" decoding=\"async\" src=\"https:\/\/www.infobae.com\/new-resizer\/eYQoWH2PQSB0AR3Hr5XLC18gJ4c=\/420x560\/filters:format(webp):quality(85)\/cloudfront-us-east-1.images.arcpublishing.com\/infobae\/AGQWHNQZVVDIRKF4E43FZGTVXM.jpg%20420w\" sizes=\"auto, 100vw\" srcset=\"https:\/\/www.infobae.com\/new-resizer\/eYQoWH2PQSB0AR3Hr5XLC18gJ4c=\/420x560\/filters:format(webp):quality(85)\/cloudfront-us-east-1.images.arcpublishing.com\/infobae\/AGQWHNQZVVDIRKF4E43FZGTVXM.jpg 420w,https:\/\/www.infobae.com\/new-resizer\/k8A8Dm9MSUxgM4k-nG9iFf9sh_8=\/768x1024\/filters:format(webp):quality(85)\/cloudfront-us-east-1.images.arcpublishing.com\/infobae\/AGQWHNQZVVDIRKF4E43FZGTVXM.jpg 768w,https:\/\/www.infobae.com\/new-resizer\/mjwVkSI7DLVrzQOFFcGs_TdRgmg=\/992x1323\/filters:format(webp):quality(85)\/cloudfront-us-east-1.images.arcpublishing.com\/infobae\/AGQWHNQZVVDIRKF4E43FZGTVXM.jpg 992w,https:\/\/www.infobae.com\/new-resizer\/9chOwiz1ZurGgtZ3tT8GwBg914Q=\/1200x1600\/filters:format(webp):quality(85)\/cloudfront-us-east-1.images.arcpublishing.com\/infobae\/AGQWHNQZVVDIRKF4E43FZGTVXM.jpg 1200w\" alt=\"La foto del ojo morado tras la golpiza\" width=\"1920\" height=\"2455\" \/><\/figure>\n<p>Fabiola Ya\u00f1ez concret\u00f3 la denuncia contra Alberto Fern\u00e1ndez el martes 6 de agosto. Lo hizo durante una comunicaci\u00f3n por videoconferencia con el juez federal Juli\u00e1n Ercolini, quien imput\u00f3 al ex presidente por lesiones leves.<\/p>\n<figure class=\"image image_resized\"><img loading=\"lazy\" decoding=\"async\" src=\"https:\/\/www.infobae.com\/new-resizer\/xo3vxu94AfitOnCO-MDKpkAfihg=\/420x560\/filters:format(webp):quality(85)\/cloudfront-us-east-1.images.arcpublishing.com\/infobae\/RCW3P3UVONDPXMVD5TBJNYWW6A.jpg%20420w\" sizes=\"auto, 100vw\" srcset=\"https:\/\/www.infobae.com\/new-resizer\/xo3vxu94AfitOnCO-MDKpkAfihg=\/420x560\/filters:format(webp):quality(85)\/cloudfront-us-east-1.images.arcpublishing.com\/infobae\/RCW3P3UVONDPXMVD5TBJNYWW6A.jpg 420w,https:\/\/www.infobae.com\/new-resizer\/FbkYc7tvgu0ifmIululdiNPI2CA=\/768x1024\/filters:format(webp):quality(85)\/cloudfront-us-east-1.images.arcpublishing.com\/infobae\/RCW3P3UVONDPXMVD5TBJNYWW6A.jpg 768w,https:\/\/www.infobae.com\/new-resizer\/MQQWxyWnlC0GVl-fKt0cqpwfJBY=\/992x1323\/filters:format(webp):quality(85)\/cloudfront-us-east-1.images.arcpublishing.com\/infobae\/RCW3P3UVONDPXMVD5TBJNYWW6A.jpg 992w,https:\/\/www.infobae.com\/new-resizer\/9RcPD0Ng20IPdbfwmSpDrCkfoRY=\/1200x1600\/filters:format(webp):quality(85)\/cloudfront-us-east-1.images.arcpublishing.com\/infobae\/RCW3P3UVONDPXMVD5TBJNYWW6A.jpg 1200w\" alt=\"Una de las fotos que Fabiola Ya\u00f1ez present\u00f3 ante la Justicia \" width=\"1920\" height=\"2395\" \/><\/figure>\n<p>Ercolini contaba con material audiovisual que alertaba sobre hechos de violencia de g\u00e9nero contra la ex primera dama, a partir del peritaje del tel\u00e9fono celular de Mar\u00eda Cantero, hist\u00f3rica secretaria de Alberto Fern\u00e1ndez, en el marco de otra causa en la que el ex jefe de Estado es investigado por presunto tr\u00e1fico de influencia.<\/p>\n<p>Advertido de tal documentaci\u00f3n, Ercolini dispuso abrir una carpeta paralela y darle participaci\u00f3n a la oficina especializada en violencia de g\u00e9nero del Poder Judicial de la Naci\u00f3n. Fueron los funcionarios de esta \u00e1rea quien se contactaron con Ya\u00f1ez y le ofrecieron garant\u00edas en caso de que decidiera formalizar la acusaci\u00f3n contra Fern\u00e1ndez.<\/p>\n<p>Una vez que esto ocurri\u00f3, el juez dict\u00f3 una serie de medidas de restricci\u00f3n contra el ex presidente. Fueron notificadas oficialmente este jueves 8 de agosto. Alberto Fern\u00e1ndez tiene prohibido salir del pa\u00eds, acercarse a la denunciante y comunicarse con ella por cualquier v\u00eda. Esto \u00faltimo se puso de relevancia, ya que Ya\u00f1ez dijo estar sufriendo terrorismo psicol\u00f3gico en su contacto con Ercolini.<\/p>\n<p>Uno de los pr\u00f3ximos pasos en el expediente es la declaraci\u00f3n de la ex primera dama, que si bien a\u00fan no tiene fecha, podr\u00eda darse en breve. Como antesala de ese paso procesal, Ya\u00f1ez mantuvo un encuentro con especialistas de la fiscal\u00eda especializada en<\/p>\n<\/div>\n<\/div>\n<\/article>\n<\/div>\n<\/div>\n<\/div>\n","protected":false},"excerpt":{"rendered":"<p>EL ESC\u00c1NDALO, EL TERREMOTO POL\u00cdTICO, LEJOS DE DETENERSE. iar mo<\/p>\n","protected":false},"author":3,"featured_media":26245,"comment_status":"open","ping_status":"open","sticky":false,"template":"","format":"standard","meta":{"footnotes":"","jetpack_publicize_message":"","jetpack_publicize_feature_enabled":true,"jetpack_social_post_already_shared":true,"jetpack_social_options":{"image_generator_settings":{"template":"highway","default_image_id":0,"font":"","enabled":false},"version":2}},"categories":[13],"tags":[2657,2835],"class_list":["post-26206","post","type-post","status-publish","format-standard","has-post-thumbnail","hentry","category-interes-general","tag-alberto-fernandez","tag-fabiola-yanez"],"jetpack_publicize_connections":[],"jetpack_featured_media_url":"https:\/\/revistaepocadigital.com.ar\/wp-content\/uploads\/2024\/08\/5555.avif","jetpack_likes_enabled":true,"_links":{"self":[{"href":"https:\/\/revistaepocadigital.com.ar\/index.php?rest_route=\/wp\/v2\/posts\/26206","targetHints":{"allow":["GET"]}}],"collection":[{"href":"https:\/\/revistaepocadigital.com.ar\/index.php?rest_route=\/wp\/v2\/posts"}],"about":[{"href":"https:\/\/revistaepocadigital.com.ar\/index.php?rest_route=\/wp\/v2\/types\/post"}],"author":[{"embeddable":true,"href":"https:\/\/revistaepocadigital.com.ar\/index.php?rest_route=\/wp\/v2\/users\/3"}],"replies":[{"embeddable":true,"href":"https:\/\/revistaepocadigital.com.ar\/index.php?rest_route=%2Fwp%2Fv2%2Fcomments&post=26206"}],"version-history":[{"count":0,"href":"https:\/\/revistaepocadigital.com.ar\/index.php?rest_route=\/wp\/v2\/posts\/26206\/revisions"}],"wp:featuredmedia":[{"embeddable":true,"href":"https:\/\/revistaepocadigital.com.ar\/index.php?rest_route=\/wp\/v2\/media\/26245"}],"wp:attachment":[{"href":"https:\/\/revistaepocadigital.com.ar\/index.php?rest_route=%2Fwp%2Fv2%2Fmedia&parent=26206"}],"wp:term":[{"taxonomy":"category","embeddable":true,"href":"https:\/\/revistaepocadigital.com.ar\/index.php?rest_route=%2Fwp%2Fv2%2Fcategories&post=26206"},{"taxonomy":"post_tag","embeddable":true,"href":"https:\/\/revistaepocadigital.com.ar\/index.php?rest_route=%2Fwp%2Fv2%2Ftags&post=26206"}],"curies":[{"name":"wp","href":"https:\/\/api.w.org\/{rel}","templated":true}]}}