{"id":26211,"date":"2024-08-12T01:06:54","date_gmt":"2024-08-12T04:06:54","guid":{"rendered":"https:\/\/revistaepocadigital.com.ar\/?p=26211"},"modified":"2024-08-12T01:23:41","modified_gmt":"2024-08-12T04:23:41","slug":"denisa-veron-concejal-de-milei-la-casta-politica-existe-en-el-distrito-y-la-representa-los-politicos-que-nos-gobiernan-hace-mas-de-20-anos","status":"publish","type":"post","link":"https:\/\/revistaepocadigital.com.ar\/?p=26211","title":{"rendered":"DENISA VER\u00d3N, CONCEJAL DE MILEI. &#8220;La casta pol\u00edtica existe en Exaltaci\u00f3n de la Cruz, y la representa los pol\u00edticos que nos gobiernan hace m\u00e1s de 20 a\u00f1os&#8221;"},"content":{"rendered":"<p><strong>EN EL TERRENO POL\u00cdTICO.<\/strong><!--more--><\/p>\n<p><strong>Denisa Ver\u00f3n<\/strong>, la joven mujer, profesora de geograf\u00eda, una hija, vecina de Los Cardales, se acerc\u00f3 al liberal libertario Javier Milei, cuando el actual presidente daba sus primeros pasos en el terreno pol\u00edtico que en 2023 lo depositar\u00eda en la Casa Rosada como nuevo presidente de los argentinos. Ver\u00f3n se consustanci\u00f3 con el ideario pol\u00edtico y econ\u00f3mico del l\u00edder de La Libertad Avanza y comenz\u00f3 a trabajar de lleno para llevarlo a la pr\u00e1ctica. Convertida en referente de LLA en Exaltaci\u00f3n de la Cruz, y candidata a concejal, como en el pa\u00eds Milei para ser elegido presidente, la mujer tambi\u00e9n sorprendi\u00f3 por los votos obtenidos y fue elegida concejal junto a Esteban Lizaso, tambi\u00e9n hombre de LLA, produci\u00e9ndose una novedad en el mapa del HCD. Con Ver\u00f3n habl\u00f3 EPOCA.<\/p>\n<p><strong>-Transcurridos los primeros ocho meses como concejal de La Libertad Avanza (LLA) en el Concejo Deliberante de Exaltaci\u00f3n de la Cruz, \u00bfQu\u00e9 sensaciones le depara el ejercicio del cargo?, vista la pol\u00edtica desde adentro \u00bftu visi\u00f3n va cambiando?<\/strong><br \/>\n<em>-Desde que asum\u00ed como concejal por LLA, estoy haciendo todo lo mejor que est\u00e1 en mi como servidora p\u00fablica. Siempre al servicio de la comunidad de Exaltaci\u00f3n de la Cruz como corresponde, nuestro objetivo es avanzar. Hasta el momento hemos soportado muchos palos en la rueda pero no importa, seguimos proyectando, caminando los barrios, fomentando el di\u00e1logo en las comisiones del HCD.<\/em><br \/>\n<em>Con respeto, aunque en la mayor\u00eda de los casos hay muchas controversias y aflora mi car\u00e1cter!. Como siempre digo, si las cosas se hacen mal, las voy a decir o las voy a denunciar. Y si es algo que beneficie a la gente no tengo problema en acompa\u00f1ar; siempre y cuando no se trate de un tongo pol\u00edtico.<\/em><br \/>\n<em>As\u00ed como tambi\u00e9n recalco que llegamos al 2024 con una Argentina devastada, por la mala gesti\u00f3n kirchnerista, por toda la corrupci\u00f3n instalada como vemos casi a diario lo sucedido. Es una batalla dur\u00edsima que el gobierno del presidente Javier Milei est\u00e1 enfrentando con todas sus fuerzas y convicci\u00f3n.<\/em><br \/>\n<em>Ahora bien, me interesa hacer hincapi\u00e9 que estoy trabajando, cumpliendo con mi rol de concejal, porque Dios lo permiti\u00f3 por alguna raz\u00f3n, y voy a cumplir con lo que me corresponde, siempre. No hay matices para m\u00ed, por eso insisto que vamos a seguir trabajando para mejorar cada situaci\u00f3n que se le presenten a los vecinos del distrito.<\/em><\/p>\n<figure id=\"attachment_26222\" aria-describedby=\"caption-attachment-26222\" style=\"width: 432px\" class=\"wp-caption aligncenter\"><img loading=\"lazy\" decoding=\"async\" class=\"size-full wp-image-26222\" src=\"https:\/\/revistaepocadigital.com.ar\/wp-content\/uploads\/2024\/08\/VERON-DENISA-HCD.jpg\" alt=\"\" width=\"432\" height=\"432\" srcset=\"https:\/\/revistaepocadigital.com.ar\/wp-content\/uploads\/2024\/08\/VERON-DENISA-HCD.jpg 432w, https:\/\/revistaepocadigital.com.ar\/wp-content\/uploads\/2024\/08\/VERON-DENISA-HCD-300x300.jpg 300w, https:\/\/revistaepocadigital.com.ar\/wp-content\/uploads\/2024\/08\/VERON-DENISA-HCD-150x150.jpg 150w, https:\/\/revistaepocadigital.com.ar\/wp-content\/uploads\/2024\/08\/VERON-DENISA-HCD-420x420.jpg 420w\" sizes=\"auto, (max-width: 432px) 100vw, 432px\" \/><figcaption id=\"caption-attachment-26222\" class=\"wp-caption-text\">En el Concejo Deliberante al inicio de su incorporaci\u00f3n.<\/figcaption><\/figure>\n<p>&#8211;<strong>Que v\u00ednculo nota que atraviesa el gobierno municipal encabezado por Diego Nanni, con el gobierno nacional del presidente Milei?, \u00bfC\u00f3mo concejal ha estado dispuesta a que haya di\u00e1logo, interrelaci\u00f3n, siempre apuntando a Exaltaci\u00f3n de la Cruz?<\/strong><br \/>\n<em>-La gesti\u00f3n como intendente de Diego Nanni, reitera lo que hacen todos; act\u00faan seg\u00fan lo que le dicen, o hacen algo por compromiso, por agenda. No veo que apliquen el sentido com\u00fan, no lo noto por cierto. En cambio, lo que s\u00ed veo, la existencia de muchos intereses personales y una pol\u00edtica de adoctrinamiento.<\/em><br \/>\n<em>Y voy a un ejemplo de hace poco, en ocasi\u00f3n del acto del 9 de Julio, la conmemoraci\u00f3n termin\u00f3 siendo un acto pol\u00edtico. Una verg\u00fcenza. No hay respeto alguno, no existe en cambio s\u00ed est\u00e1 clara la imposici\u00f3n partidaria.<\/em><br \/>\n<em>Lo que digo hace a mi postura pol\u00edtica, no soy hip\u00f3crita; si dejaran la pomposidad pol\u00edtica que ostentan con carteles, contrataciones millonarias de bandas musicales cuando el pa\u00eds se encontraba en plena crisis, entre otras cuestiones, hubiera sido posible haber realizado cosas que son prioritarias para los vecinos. Soy clara, y obviamente siempre estoy abierta al di\u00e1logo; de eso se trata, pero por lo visto todo est\u00e1 rodeado de controversias<\/em>.<\/p>\n<p>&#8211;<strong>Que papel est\u00e1 jugando el bloque de LLA en el HCD?<\/strong><br \/>\n<em>-A ver, de nuevo; quiero hablar con claridad. El rol de LLA es pura y exclusivamente opositora, y a la vez al completo servicio de la comunidad, con proyecciones positivas para avanzar, para crecer y para buscar soluciones.<\/em><\/p>\n<p><strong>-La nueva conformaci\u00f3n del Concejo Deliberante, con la incorporaci\u00f3n al cuerpo de concejales de LLA, surgido de la elecciones del a\u00f1o pasado, \u00bfmuestra m\u00e1s debate, m\u00e1s equilibrio de fuerzas; son analizados en forma m\u00e1s adecuada y consistentes proyectos de ordenanzas, de comunicaciones a tratarse?, o bien de todas maneras persiste la &#8220;rosca&#8221; pol\u00edtica?<\/strong><br \/>\n<em>-En las comisiones hay debate, puedo decir que se trabaja con todos los bloques. Ahora, la uni\u00f3n de fuerzas al tratar distintos temas, la tenemos con Juntos por el Cambio. Es as\u00ed como conseguimos la aprobaci\u00f3n de los proyectos presentados, aunque luego el Ejecutivo los vaya a vetar.<\/em><\/p>\n<p><strong>-\u00bfCual son los temas m\u00e1s graves, m\u00e1s importantes que percibe en torno al presente y al futuro para Exaltaci\u00f3n de la Cruz?<\/strong><br \/>\n<em>-Y&#8230;, existen muchos temas importantes y graves. Considero que todos son importantes, pero al mismo existen las prioridades. Si miramos el sistema de salud, es una gran preocupaci\u00f3n actual; un sistema donde tenemos empleados que cobran una miseria, donde falta personal m\u00e9dico, m\u00e1s inversi\u00f3n tecnol\u00f3gica, entre tantas carencias. Cabe destacar que todos los salarios de empleados municipales (referido al \u00e1rea) est\u00e1n por debajo del salario m\u00ednimo, vital y m\u00f3vil, eso es realmente preocupante.<\/em><br \/>\n<em>Por otro lado est\u00e1 la educaci\u00f3n, de gran importancia; bueno, existe un dinero destinado para las escuelas del partido que no lo veo aplicado y reflejado en las escuelas. Tambi\u00e9n debemos seguir muy de cerca el tema de la seguridad; en Exaltaci\u00f3n de la Cruz nos estamos enfrentando todos los d\u00edas con diferentes casos de inseguridad; la polic\u00eda est\u00e1 trabajando como puede pero no es suficiente. Falta un plan m\u00e1s efectivo y, tomar cartas sobre el asunto en forma urgente como necesitan los vecinos. Vamos a estar de acuerdo que no es el mismo partido de Exaltaci\u00f3n de la Cruz en el que viv\u00edamos en \u00e9pocas pasadas. <\/em><\/p>\n<p><img loading=\"lazy\" decoding=\"async\" class=\"alignleft size-full wp-image-26224\" src=\"https:\/\/revistaepocadigital.com.ar\/wp-content\/uploads\/2024\/08\/VERONDENISA-1.jpg\" alt=\"\" width=\"428\" height=\"527\" srcset=\"https:\/\/revistaepocadigital.com.ar\/wp-content\/uploads\/2024\/08\/VERONDENISA-1.jpg 428w, https:\/\/revistaepocadigital.com.ar\/wp-content\/uploads\/2024\/08\/VERONDENISA-1-244x300.jpg 244w, https:\/\/revistaepocadigital.com.ar\/wp-content\/uploads\/2024\/08\/VERONDENISA-1-324x400.jpg 324w, https:\/\/revistaepocadigital.com.ar\/wp-content\/uploads\/2024\/08\/VERONDENISA-1-341x420.jpg 341w\" sizes=\"auto, (max-width: 428px) 100vw, 428px\" \/><\/p>\n<p><em>Vale mencionar un ejemplo nom\u00e1s de lo que significa la seguridad o inseguridad; nuestros j\u00f3venes est\u00e1n en la edad de disfrutar del pueblo, y sin embargo, a plena luz del d\u00eda hay hechos delictivos&#8230;<\/em><br \/>\n<em>Otra cuesti\u00f3n de suma importancia tambi\u00e9n es la econom\u00eda, y en esto hay que ponerse en los zapatos de los comerciantes y emprendedor locales que luchan d\u00eda a d\u00eda, para hacer, crecer y desde ya, obtener la l\u00f3gica rentabilidad. Sin embargo, no tienen respiro por las tasas municipales y exigencias. Quien quiere abrir un negocio u otro emprendimiento, se da cuenta que lamentablemente no le dan los n\u00fameros por los costos para habilitar.<\/em><br \/>\n<em>En definitiva, desde el municipio se castiga siempre al que seg\u00fan ellos tiene capital, y no es as\u00ed. No hay que castigar a la clase media, al contrario!, necesita apoyo; es uno de los grandes motores de nuestro distrito y desde ya, de la Argentina. Y eso no est\u00e1 sucediendo, en el distrito te roban con las tasas, cada a\u00f1o aumentan m\u00e1s, y adem\u00e1s hay que acabar con los curros como est\u00e1 haciendo el presidente Milei<\/em>.<\/p>\n<p><strong>-A nivel distrital, \u00bfde que forma est\u00e1 encuadrado LLA desde lo legal, se ha constitu\u00eddo como partido pol\u00edtico?<\/strong><br \/>\n<em>-Legalmente estamos bien, tras encabezar junto con Karina Milei un masivo acto de afiliaci\u00f3n en el municipio de Mor\u00f3n; el armador del partido en la provincia de Buenos Aires y futuro presidente de LLA, Sebasti\u00e1n Pareja, confirm\u00f3 que el partido ya contaba con los 4.000 avales necesarios para obtener la personer\u00eda jur\u00eddica definitiva, y as\u00ed quedar habilitado para competir en las elecciones bonaerenses en 2025.<\/em><\/p>\n<p><strong>-Acerca de la relaci\u00f3n con el PRO-Juntos por el Cambio, as\u00ed como se ha dado en provincias y en la Naci\u00f3n pese a diferencias y rencillas como se han conocido \u00faltimamente, \u00bfpueden trabajar en forma conjunta, y acaso hacer una alianza o incluso fusionarse?<\/strong><br \/>\n<em>-Nuestra alianza, hablo en cuanto a lo local, siempre va a ser con Juntos por el Cambio, siempre y cuando ellos quieran. Lo que percibo desde que ingres\u00e9 al Concejo, es la predisposici\u00f3n para aunarse y trabajar en forma mancomunada. Eso s\u00ed, desde lo personal siempre mantengo mi postura firme, llevando a cabo nuestra pol\u00edtica de LLA, y totalmente abierta a trabajar en forma coordinada con Juntos por el Cambio<\/em>.<\/p>\n<p><strong>-El presidente Milei ha acu\u00f1ado el t\u00e9rmino la &#8220;casta&#8221;, y lo acompa\u00f1ar\u00e1 siempre se descarta. Ahora bien, \u00bfexiste la casta en Exaltaci\u00f3n de la Cruz?<\/strong><br \/>\n<em>-La casta pol\u00edtica existe y est\u00e1 representada por los pol\u00edticos que nos gobiernan hace m\u00e1s de 20 a\u00f1os en Exaltaci\u00f3n de la Cruz.<\/em><\/p>\n<p>&nbsp;<\/p>\n","protected":false},"excerpt":{"rendered":"<p>EN EL TERRENO POL\u00cdTICO.<\/p>\n","protected":false},"author":4,"featured_media":26229,"comment_status":"open","ping_status":"open","sticky":false,"template":"","format":"standard","meta":{"footnotes":"","jetpack_publicize_message":"","jetpack_publicize_feature_enabled":true,"jetpack_social_post_already_shared":true,"jetpack_social_options":{"image_generator_settings":{"template":"highway","default_image_id":0,"font":"","enabled":false},"version":2}},"categories":[17],"tags":[],"class_list":["post-26211","post","type-post","status-publish","format-standard","has-post-thumbnail","hentry","category-politica"],"jetpack_publicize_connections":[],"jetpack_featured_media_url":"https:\/\/revistaepocadigital.com.ar\/wp-content\/uploads\/2024\/08\/veron1-denisa11.png","jetpack_likes_enabled":true,"_links":{"self":[{"href":"https:\/\/revistaepocadigital.com.ar\/index.php?rest_route=\/wp\/v2\/posts\/26211","targetHints":{"allow":["GET"]}}],"collection":[{"href":"https:\/\/revistaepocadigital.com.ar\/index.php?rest_route=\/wp\/v2\/posts"}],"about":[{"href":"https:\/\/revistaepocadigital.com.ar\/index.php?rest_route=\/wp\/v2\/types\/post"}],"author":[{"embeddable":true,"href":"https:\/\/revistaepocadigital.com.ar\/index.php?rest_route=\/wp\/v2\/users\/4"}],"replies":[{"embeddable":true,"href":"https:\/\/revistaepocadigital.com.ar\/index.php?rest_route=%2Fwp%2Fv2%2Fcomments&post=26211"}],"version-history":[{"count":0,"href":"https:\/\/revistaepocadigital.com.ar\/index.php?rest_route=\/wp\/v2\/posts\/26211\/revisions"}],"wp:featuredmedia":[{"embeddable":true,"href":"https:\/\/revistaepocadigital.com.ar\/index.php?rest_route=\/wp\/v2\/media\/26229"}],"wp:attachment":[{"href":"https:\/\/revistaepocadigital.com.ar\/index.php?rest_route=%2Fwp%2Fv2%2Fmedia&parent=26211"}],"wp:term":[{"taxonomy":"category","embeddable":true,"href":"https:\/\/revistaepocadigital.com.ar\/index.php?rest_route=%2Fwp%2Fv2%2Fcategories&post=26211"},{"taxonomy":"post_tag","embeddable":true,"href":"https:\/\/revistaepocadigital.com.ar\/index.php?rest_route=%2Fwp%2Fv2%2Ftags&post=26211"}],"curies":[{"name":"wp","href":"https:\/\/api.w.org\/{rel}","templated":true}]}}