{"id":26231,"date":"2024-08-12T01:44:16","date_gmt":"2024-08-12T04:44:16","guid":{"rendered":"https:\/\/revistaepocadigital.com.ar\/?p=26231"},"modified":"2024-08-12T01:50:54","modified_gmt":"2024-08-12T04:50:54","slug":"final-de-los-juegos-olimpicos-argentinos-gracias-por-representarnos-con-entrega-y-dignidad","status":"publish","type":"post","link":"https:\/\/revistaepocadigital.com.ar\/?p=26231","title":{"rendered":"FINAL DE LOS JUEGOS OL\u00cdMPICOS. ARGENTINOS \u00a1GRACIAS POR REPRESENTARNOS CON ENTREGA Y DIGNIDAD!"},"content":{"rendered":"<div class=\"xdj266r x11i5rnm xat24cr x1mh8g0r x1vvkbs x126k92a\">\n<h3 dir=\"auto\"><strong>El Maligno Torres y Eugenia Bosco fueron los abanderados en la Ceremonia de Clausura de los Juegos Ol\u00edmpicos de Par\u00eds 2024 <\/strong><\/h3>\n<\/div>\n<p><!--more--><\/p>\n<div dir=\"auto\"><strong>PAR\u00cdS QUED\u00d3 ATR\u00c1S, AHORA AGUARDA LOS ANGELES EN 2028<\/strong><\/div>\n<div dir=\"auto\"><\/div>\n<div class=\"x11i5rnm xat24cr x1mh8g0r x1vvkbs xtlvy1s x126k92a\">\n<div dir=\"auto\"><img loading=\"lazy\" decoding=\"async\" class=\"alignleft size-full wp-image-26232\" src=\"https:\/\/revistaepocadigital.com.ar\/wp-content\/uploads\/2024\/08\/455112138_1108563163965675_8012264625447910379_n.jpg\" alt=\"\" width=\"512\" height=\"640\" srcset=\"https:\/\/revistaepocadigital.com.ar\/wp-content\/uploads\/2024\/08\/455112138_1108563163965675_8012264625447910379_n.jpg 512w, https:\/\/revistaepocadigital.com.ar\/wp-content\/uploads\/2024\/08\/455112138_1108563163965675_8012264625447910379_n-240x300.jpg 240w, https:\/\/revistaepocadigital.com.ar\/wp-content\/uploads\/2024\/08\/455112138_1108563163965675_8012264625447910379_n-336x420.jpg 336w\" sizes=\"auto, (max-width: 512px) 100vw, 512px\" \/><\/div>\n<\/div>\n<p>&nbsp;<\/p>\n<p><strong>Argentina termin\u00f3 su participaci\u00f3n en #Paris2024, ubic\u00e1ndose en el puesto 52 del medallero general y consiguiendo 3 medallas ol\u00edmpicas.<\/strong><br \/>\n<strong>\ud83e\udd47 &#8220;Maligno&#8221; Torres en BMX<\/strong><br \/>\n<strong>\ud83e\udd48 Majdalani y Bosco en Vela<\/strong><br \/>\n<strong>\ud83e\udd49 Las Leonas en Hockey sobre c\u00e9sped<\/strong><\/p>\n","protected":false},"excerpt":{"rendered":"<p>El Maligno Torres y Eugenia Bosco fueron los abanderados en la Ceremonia de Clausura de los Juegos Ol\u00edmpicos de Par\u00eds 2024<\/p>\n","protected":false},"author":4,"featured_media":26232,"comment_status":"open","ping_status":"open","sticky":false,"template":"","format":"standard","meta":{"footnotes":"","jetpack_publicize_message":"","jetpack_publicize_feature_enabled":true,"jetpack_social_post_already_shared":true,"jetpack_social_options":{"image_generator_settings":{"template":"highway","default_image_id":0,"font":"","enabled":false},"version":2}},"categories":[13],"tags":[2836,2837],"class_list":["post-26231","post","type-post","status-publish","format-standard","has-post-thumbnail","hentry","category-interes-general","tag-juegos-olimpicos","tag-paris-2024"],"jetpack_publicize_connections":[],"jetpack_featured_media_url":"https:\/\/revistaepocadigital.com.ar\/wp-content\/uploads\/2024\/08\/455112138_1108563163965675_8012264625447910379_n.jpg","jetpack_likes_enabled":true,"_links":{"self":[{"href":"https:\/\/revistaepocadigital.com.ar\/index.php?rest_route=\/wp\/v2\/posts\/26231","targetHints":{"allow":["GET"]}}],"collection":[{"href":"https:\/\/revistaepocadigital.com.ar\/index.php?rest_route=\/wp\/v2\/posts"}],"about":[{"href":"https:\/\/revistaepocadigital.com.ar\/index.php?rest_route=\/wp\/v2\/types\/post"}],"author":[{"embeddable":true,"href":"https:\/\/revistaepocadigital.com.ar\/index.php?rest_route=\/wp\/v2\/users\/4"}],"replies":[{"embeddable":true,"href":"https:\/\/revistaepocadigital.com.ar\/index.php?rest_route=%2Fwp%2Fv2%2Fcomments&post=26231"}],"version-history":[{"count":0,"href":"https:\/\/revistaepocadigital.com.ar\/index.php?rest_route=\/wp\/v2\/posts\/26231\/revisions"}],"wp:featuredmedia":[{"embeddable":true,"href":"https:\/\/revistaepocadigital.com.ar\/index.php?rest_route=\/wp\/v2\/media\/26232"}],"wp:attachment":[{"href":"https:\/\/revistaepocadigital.com.ar\/index.php?rest_route=%2Fwp%2Fv2%2Fmedia&parent=26231"}],"wp:term":[{"taxonomy":"category","embeddable":true,"href":"https:\/\/revistaepocadigital.com.ar\/index.php?rest_route=%2Fwp%2Fv2%2Fcategories&post=26231"},{"taxonomy":"post_tag","embeddable":true,"href":"https:\/\/revistaepocadigital.com.ar\/index.php?rest_route=%2Fwp%2Fv2%2Ftags&post=26231"}],"curies":[{"name":"wp","href":"https:\/\/api.w.org\/{rel}","templated":true}]}}