{"id":26239,"date":"2024-08-19T00:24:23","date_gmt":"2024-08-19T03:24:23","guid":{"rendered":"https:\/\/revistaepocadigital.com.ar\/?p=26239"},"modified":"2024-08-20T02:57:39","modified_gmt":"2024-08-20T05:57:39","slug":"juni-pera-presenta-su-linea-de-productos-dermocosmeticos","status":"publish","type":"post","link":"https:\/\/revistaepocadigital.com.ar\/?p=26239","title":{"rendered":"JUN\u00cd PER\u00c1 PRESENTA SU L\u00cdNEA DE PRODUCTOS DERMOCOSM\u00c9TICOS"},"content":{"rendered":"<div class=\"msg-body P_wpofO mq_AS\" data-test-id=\"message-view-body-content\">\n<div class=\"jb_0 X_6MGW N_6Fd5\">\n<div>\n<div id=\"yiv0934250022\">\n<div dir=\"ltr\">\n<div>\n<p class=\"yiv0934250022MsoNormal\" style=\"text-align: left;\" align=\"center\"><b><span lang=\"es\">Una propuesta refrescante y especializada en productos sostenibles.<!--more--><\/span><\/b><\/p>\n<p class=\"yiv0934250022MsoNormal\"><span lang=\"es\">\u00a0<\/span><span lang=\"es\">La marca de cosm\u00e9ticos, Jun\u00ed Per\u00e1, es una propuesta refrescante y especializada en productos sostenibles, con una filosof\u00eda de respeto hacia el medio ambiente que se refleja en cada una de sus f\u00f3rmulas.<\/span><\/p>\n<p class=\"yiv0934250022MsoNormal\"><span lang=\"es\">\u00a0<\/span><\/p>\n<p class=\"yiv0934250022MsoNormal\"><span lang=\"es\">Sus productos ofrecen soluciones para el cuidado b\u00e1sico de la piel: limpieza, hidrataci\u00f3n y nutrici\u00f3n, tanto para rostro, el cuerpo y el cabello. Tambi\u00e9n desarrolla una l\u00ednea de productos -bajo la marca RYZOMA- para necesidades especiales de la piel: ca\u00edda de cabello, arrugas, manchas, dermatitis, ara\u00f1itas vasculares, ojeras, entre otras.<\/span><\/p>\n<p class=\"yiv0934250022MsoNormal\"><span lang=\"es\"> <img loading=\"lazy\" decoding=\"async\" class=\"alignleft size-full wp-image-26243\" src=\"https:\/\/revistaepocadigital.com.ar\/wp-content\/uploads\/2024\/08\/EMULSION-CORPORAL.jpg\" alt=\"\" width=\"432\" height=\"280\" srcset=\"https:\/\/revistaepocadigital.com.ar\/wp-content\/uploads\/2024\/08\/EMULSION-CORPORAL.jpg 432w, https:\/\/revistaepocadigital.com.ar\/wp-content\/uploads\/2024\/08\/EMULSION-CORPORAL-300x194.jpg 300w\" sizes=\"auto, (max-width: 432px) 100vw, 432px\" \/><\/span><\/p>\n<p class=\"yiv0934250022MsoNormal\"><span lang=\"es\">Podr\u00e1n ver toda su l\u00ednea en:\u00a0<a href=\"https:\/\/www.junipera.com.ar\/\" target=\"_blank\" rel=\"nofollow noopener noreferrer\">https:\/\/www.junipera.com.ar\/<\/a><\/span><\/p>\n<p class=\"yiv0934250022MsoNormal\"><span lang=\"es\">\u00a0<\/span><\/p>\n<p class=\"yiv0934250022MsoNormal\"><span lang=\"es\">Jun\u00ed Per\u00e1 innova, diferenciando sus dermocosm\u00e9ticos al formularlos con el 99% al 100% de ingredientes de origen natural y desarrollarlos bajo estrictas normas y evidencia cient\u00edfica. Dentro de los ingredientes seleccionados, en funci\u00f3n del aporte de principios activos, encontramos: el extracto de Aloe Vera, el aceite org\u00e1nico de Jojoba y el de Rosa Mosqueta\u00a0 (origen: Patagonia y Noroeste Argentino) y el Aceite de Lavanda (origen: Mont Blanc, Francia).<\/span><\/p>\n<p class=\"yiv0934250022MsoNormal\"><span lang=\"es\">\u00a0<\/span><\/p>\n<p class=\"yiv0934250022MsoNormal\"><span lang=\"es\">Los productos Jun\u00ed Per\u00e1 &#8211; RYZOMA, dada su condici\u00f3n natural, est\u00e1n libres de fragancias sint\u00e9ticas y de compuestos altamente alergenos, por esta raz\u00f3n y sumada a su alta eficacia<\/span><\/p>\n<p class=\"yiv0934250022MsoNormal\"><span lang=\"es\">son recomendados por profesionales de la piel y la est\u00e9tica para personas con pieles sensibles y patolog\u00edas d\u00e9rmicas.<\/span><\/p>\n<p class=\"yiv0934250022MsoNormal\"><span lang=\"es\">\u00a0<\/span><\/p>\n<p class=\"yiv0934250022MsoNormal\"><span lang=\"es\">La seguridad y la eficacia son pilares fundamentales para la creadora de Jun\u00ed Per\u00e1, la bioqu\u00edmica y emprendedora Carolina Kranewitter, quien asegura que todos sus productos est\u00e1n testeados cl\u00ednicamente.<\/span><\/p>\n<p class=\"yiv0934250022MsoNormal\"><span lang=\"es\">\u00a0<\/span><\/p>\n<p class=\"yiv0934250022MsoNormal\"><span lang=\"es\">Con un compromiso claro hacia la sostenibilidad, Jun\u00ed Per\u00e1 posee envases primarios reciclables y tambi\u00e9n utiliza envolturas biodegradables.<\/span><\/p>\n<p class=\"yiv0934250022MsoNormal\"><b><span lang=\"es\">Para m\u00e1s informaci\u00f3n:<\/span><\/b><\/p>\n<p class=\"yiv0934250022MsoNormal\"><span lang=\"es\"><a href=\"https:\/\/www.junipera.com.ar\/\" target=\"_blank\" rel=\"nofollow noopener noreferrer\">https:\/\/www.junipera.com.ar\/<\/a><u><\/u><\/span><\/p>\n<p class=\"yiv0934250022MsoNormal\"><span lang=\"es\"><a href=\"https:\/\/www.instagram.com\/juni.pera\/\" target=\"_blank\" rel=\"nofollow noopener noreferrer\">https:\/\/www.instagram.com\/juni.pera\/<\/a><u><\/u><\/span><\/p>\n<\/div>\n<div class=\"yiv0934250022gmail_signature\" dir=\"ltr\">\n<div dir=\"ltr\">\n<div><\/div>\n<\/div>\n<\/div>\n<\/div>\n<\/div>\n<\/div>\n<\/div>\n<\/div>\n<p>&nbsp;<\/p>\n","protected":false},"excerpt":{"rendered":"<p>Una propuesta refrescante y especializada en productos sostenibles.<\/p>\n","protected":false},"author":3,"featured_media":26242,"comment_status":"open","ping_status":"open","sticky":false,"template":"","format":"standard","meta":{"footnotes":"","jetpack_publicize_message":"","jetpack_publicize_feature_enabled":true,"jetpack_social_post_already_shared":true,"jetpack_social_options":{"image_generator_settings":{"template":"highway","default_image_id":0,"font":"","enabled":false},"version":2}},"categories":[5],"tags":[2722],"class_list":["post-26239","post","type-post","status-publish","format-standard","has-post-thumbnail","hentry","category-aqui-parada-robles","tag-juni-pera"],"jetpack_publicize_connections":[],"jetpack_featured_media_url":"https:\/\/revistaepocadigital.com.ar\/wp-content\/uploads\/2024\/08\/1.jpg","jetpack_likes_enabled":true,"_links":{"self":[{"href":"https:\/\/revistaepocadigital.com.ar\/index.php?rest_route=\/wp\/v2\/posts\/26239","targetHints":{"allow":["GET"]}}],"collection":[{"href":"https:\/\/revistaepocadigital.com.ar\/index.php?rest_route=\/wp\/v2\/posts"}],"about":[{"href":"https:\/\/revistaepocadigital.com.ar\/index.php?rest_route=\/wp\/v2\/types\/post"}],"author":[{"embeddable":true,"href":"https:\/\/revistaepocadigital.com.ar\/index.php?rest_route=\/wp\/v2\/users\/3"}],"replies":[{"embeddable":true,"href":"https:\/\/revistaepocadigital.com.ar\/index.php?rest_route=%2Fwp%2Fv2%2Fcomments&post=26239"}],"version-history":[{"count":0,"href":"https:\/\/revistaepocadigital.com.ar\/index.php?rest_route=\/wp\/v2\/posts\/26239\/revisions"}],"wp:featuredmedia":[{"embeddable":true,"href":"https:\/\/revistaepocadigital.com.ar\/index.php?rest_route=\/wp\/v2\/media\/26242"}],"wp:attachment":[{"href":"https:\/\/revistaepocadigital.com.ar\/index.php?rest_route=%2Fwp%2Fv2%2Fmedia&parent=26239"}],"wp:term":[{"taxonomy":"category","embeddable":true,"href":"https:\/\/revistaepocadigital.com.ar\/index.php?rest_route=%2Fwp%2Fv2%2Fcategories&post=26239"},{"taxonomy":"post_tag","embeddable":true,"href":"https:\/\/revistaepocadigital.com.ar\/index.php?rest_route=%2Fwp%2Fv2%2Ftags&post=26239"}],"curies":[{"name":"wp","href":"https:\/\/api.w.org\/{rel}","templated":true}]}}