{"id":26248,"date":"2024-08-16T03:01:52","date_gmt":"2024-08-16T06:01:52","guid":{"rendered":"https:\/\/revistaepocadigital.com.ar\/?p=26248"},"modified":"2024-08-16T03:06:11","modified_gmt":"2024-08-16T06:06:11","slug":"en-cepral-entre-viernes-y-lunes-mantenimiento-tecnico-en-el-sistema-de-reclamos","status":"publish","type":"post","link":"https:\/\/revistaepocadigital.com.ar\/?p=26248","title":{"rendered":"EN CEPRAL, ENTRE VIERNES Y LUNES, MANTENIMIENTO T\u00c9CNICO EN EL SISTEMA DE RECLAMOS"},"content":{"rendered":"<p><strong>INFORMACI\u00d3N \u00daTIL.<\/strong><!--more--><\/p>\n<p>Desde el Consejo de Administraci\u00f3n de CEPRAL fue informado que desde el Viernes 16\/08\/2024 a partir de las 15 horas hasta el Lunes 19\/08\/2024 a las 9 horas, estar\u00e1n haciendo mantenimiento t\u00e9cnico en el sistema de reclamos.<\/p>\n<p>Por lo cual, para efectuar reclamos durante dicho per\u00edodo, usuarios, clientes, deber\u00e1n realizarlo comunic\u00e1ndose telef\u00f3nicamente a los siguientes n\u00fameros:<\/p>\n<p>Desde un tel\u00e9fono de l\u00ednea: marcando el n\u00famero abreviado 114 o al 0800 999 1346 (modalidad gratuita)<br \/>\nDesde un tel\u00e9fono de l\u00ednea o celular: al 02323 478113<\/p>\n","protected":false},"excerpt":{"rendered":"<p>INFORMACI\u00d3N \u00daTIL.<\/p>\n","protected":false},"author":3,"featured_media":26249,"comment_status":"open","ping_status":"open","sticky":false,"template":"","format":"standard","meta":{"footnotes":"","jetpack_publicize_message":"","jetpack_publicize_feature_enabled":true,"jetpack_social_post_already_shared":true,"jetpack_social_options":{"image_generator_settings":{"template":"highway","default_image_id":0,"font":"","enabled":false},"version":2}},"categories":[5],"tags":[29,2839],"class_list":["post-26248","post","type-post","status-publish","format-standard","has-post-thumbnail","hentry","category-aqui-parada-robles","tag-cepral","tag-mantenimiento-reclamos"],"jetpack_publicize_connections":[],"jetpack_featured_media_url":"https:\/\/revistaepocadigital.com.ar\/wp-content\/uploads\/2024\/08\/mail.jpeg","jetpack_likes_enabled":true,"_links":{"self":[{"href":"https:\/\/revistaepocadigital.com.ar\/index.php?rest_route=\/wp\/v2\/posts\/26248","targetHints":{"allow":["GET"]}}],"collection":[{"href":"https:\/\/revistaepocadigital.com.ar\/index.php?rest_route=\/wp\/v2\/posts"}],"about":[{"href":"https:\/\/revistaepocadigital.com.ar\/index.php?rest_route=\/wp\/v2\/types\/post"}],"author":[{"embeddable":true,"href":"https:\/\/revistaepocadigital.com.ar\/index.php?rest_route=\/wp\/v2\/users\/3"}],"replies":[{"embeddable":true,"href":"https:\/\/revistaepocadigital.com.ar\/index.php?rest_route=%2Fwp%2Fv2%2Fcomments&post=26248"}],"version-history":[{"count":0,"href":"https:\/\/revistaepocadigital.com.ar\/index.php?rest_route=\/wp\/v2\/posts\/26248\/revisions"}],"wp:featuredmedia":[{"embeddable":true,"href":"https:\/\/revistaepocadigital.com.ar\/index.php?rest_route=\/wp\/v2\/media\/26249"}],"wp:attachment":[{"href":"https:\/\/revistaepocadigital.com.ar\/index.php?rest_route=%2Fwp%2Fv2%2Fmedia&parent=26248"}],"wp:term":[{"taxonomy":"category","embeddable":true,"href":"https:\/\/revistaepocadigital.com.ar\/index.php?rest_route=%2Fwp%2Fv2%2Fcategories&post=26248"},{"taxonomy":"post_tag","embeddable":true,"href":"https:\/\/revistaepocadigital.com.ar\/index.php?rest_route=%2Fwp%2Fv2%2Ftags&post=26248"}],"curies":[{"name":"wp","href":"https:\/\/api.w.org\/{rel}","templated":true}]}}