{"id":26253,"date":"2024-08-16T02:45:26","date_gmt":"2024-08-16T05:45:26","guid":{"rendered":"https:\/\/revistaepocadigital.com.ar\/?p=26253"},"modified":"2024-08-16T02:51:07","modified_gmt":"2024-08-16T05:51:07","slug":"egresados-y-mas-de-500-estudiantes-en-el-centro-universitario-de-capilla-del-senor","status":"publish","type":"post","link":"https:\/\/revistaepocadigital.com.ar\/?p=26253","title":{"rendered":"EGRESADOS Y MAS DE 500 ESTUDIANTES EN EL CENTRO UNIVERSITARIO DE CAPILLA DEL SE\u00d1OR"},"content":{"rendered":"<p><strong>EN OCASI\u00d3N DEL ACTO DE ENTREGAS DE DIPLOMAS A QUIENES SE RECIBIERON.<\/strong><!--more--><\/p>\n<p>El intendente Nanni habl\u00f3 acerca de la sede universitaria que funciona en Capilla del Se\u00f1or, &#8220;<em>a\u00f1os atr\u00e1s se tomaba la decisi\u00f3n de ahondar en pol\u00edticas de educaci\u00f3n p\u00fablica e ir por m\u00e1s en la oferta de formaci\u00f3n dentro del distrito. Asumimos el compromiso y destinamos recursos del Estado al proyecto de tener educaci\u00f3n terciaria y universitaria, al alcance de los vecinos exaltacrucenses.<\/em><\/p>\n<p><em>Dos a\u00f1os despu\u00e9s<\/em> -agreg\u00f3-<em> , ya con alumnos cursando y teniendo los primeros egresados de las carreras propuestas, fuimos por m\u00e1s y decidimos CONSTRUIR una casa de estudios universitarios, apostamos a la infraestructura que materializa la decisi\u00f3n de tener sede universitaria en Exaltaci\u00f3n de la Cruz.<\/em><\/p>\n<p><img loading=\"lazy\" decoding=\"async\" class=\"aligncenter size-large wp-image-26258\" src=\"https:\/\/revistaepocadigital.com.ar\/wp-content\/uploads\/2024\/08\/graauados-2-1200x799.jpg\" alt=\"\" width=\"696\" height=\"463\" srcset=\"https:\/\/revistaepocadigital.com.ar\/wp-content\/uploads\/2024\/08\/graauados-2-1200x799.jpg 1200w, https:\/\/revistaepocadigital.com.ar\/wp-content\/uploads\/2024\/08\/graauados-2-300x200.jpg 300w, https:\/\/revistaepocadigital.com.ar\/wp-content\/uploads\/2024\/08\/graauados-2-768x511.jpg 768w, https:\/\/revistaepocadigital.com.ar\/wp-content\/uploads\/2024\/08\/graauados-2-696x463.jpg 696w, https:\/\/revistaepocadigital.com.ar\/wp-content\/uploads\/2024\/08\/graauados-2-1068x711.jpg 1068w, https:\/\/revistaepocadigital.com.ar\/wp-content\/uploads\/2024\/08\/graauados-2-631x420.jpg 631w, https:\/\/revistaepocadigital.com.ar\/wp-content\/uploads\/2024\/08\/graauados-2-1262x840.jpg 1262w, https:\/\/revistaepocadigital.com.ar\/wp-content\/uploads\/2024\/08\/graauados-2.jpg 1280w\" sizes=\"auto, (max-width: 696px) 100vw, 696px\" \/><\/p>\n<p>Particip\u00e9 del acto de colaci\u00f3n de 18 alumnos, y ya son 50 quienes se recibieron en la Universidad P\u00fablica que funciona y crece, al tal punto que estamos ampliando las instalaciones de nuestra casa de Estudios.\u00a0 Son m\u00e1s de 500 alumnas y alumnos que encuentran la oportunidad de formarse, crecer, transformar su realidad e ir en busca de nuevas posibilidades laborales.<\/p>\n<p>Finalmente felicit\u00f3 a &#8220;<em>los alumnos y sus familias, agradezco a la UNSAdA por la confianza de tener su sede en Exaltaci\u00f3n y por supuesto a NUESTRO equipo de trabajo, que le di\u00f3 contenido a lo que en alg\u00fan momento fue una iniciativa. Esto es el ESTADO, atendiendo las necesidades de progreso de nuestra gente, esta es una pol\u00edtica de transformaci\u00f3n y crecimiento, esta es la evoluci\u00f3n de nuestro distrito&#8221;.<\/em><\/p>\n","protected":false},"excerpt":{"rendered":"<p>EN OCASI\u00d3N DEL ACTO DE ENTREGAS DE DIPLOMAS A QUIENES SE RECIBIERON.<\/p>\n","protected":false},"author":3,"featured_media":26257,"comment_status":"open","ping_status":"open","sticky":false,"template":"","format":"standard","meta":{"footnotes":"","jetpack_publicize_message":"","jetpack_publicize_feature_enabled":true,"jetpack_social_post_already_shared":true,"jetpack_social_options":{"image_generator_settings":{"template":"highway","default_image_id":0,"font":"","enabled":false},"version":2}},"categories":[15],"tags":[37,2838],"class_list":["post-26253","post","type-post","status-publish","format-standard","has-post-thumbnail","hentry","category-lo-que-tenes-que-saber","tag-destacada","tag-sede-universitaria"],"jetpack_publicize_connections":[],"jetpack_featured_media_url":"https:\/\/revistaepocadigital.com.ar\/wp-content\/uploads\/2024\/08\/graduados.jpg","jetpack_likes_enabled":true,"_links":{"self":[{"href":"https:\/\/revistaepocadigital.com.ar\/index.php?rest_route=\/wp\/v2\/posts\/26253","targetHints":{"allow":["GET"]}}],"collection":[{"href":"https:\/\/revistaepocadigital.com.ar\/index.php?rest_route=\/wp\/v2\/posts"}],"about":[{"href":"https:\/\/revistaepocadigital.com.ar\/index.php?rest_route=\/wp\/v2\/types\/post"}],"author":[{"embeddable":true,"href":"https:\/\/revistaepocadigital.com.ar\/index.php?rest_route=\/wp\/v2\/users\/3"}],"replies":[{"embeddable":true,"href":"https:\/\/revistaepocadigital.com.ar\/index.php?rest_route=%2Fwp%2Fv2%2Fcomments&post=26253"}],"version-history":[{"count":0,"href":"https:\/\/revistaepocadigital.com.ar\/index.php?rest_route=\/wp\/v2\/posts\/26253\/revisions"}],"wp:featuredmedia":[{"embeddable":true,"href":"https:\/\/revistaepocadigital.com.ar\/index.php?rest_route=\/wp\/v2\/media\/26257"}],"wp:attachment":[{"href":"https:\/\/revistaepocadigital.com.ar\/index.php?rest_route=%2Fwp%2Fv2%2Fmedia&parent=26253"}],"wp:term":[{"taxonomy":"category","embeddable":true,"href":"https:\/\/revistaepocadigital.com.ar\/index.php?rest_route=%2Fwp%2Fv2%2Fcategories&post=26253"},{"taxonomy":"post_tag","embeddable":true,"href":"https:\/\/revistaepocadigital.com.ar\/index.php?rest_route=%2Fwp%2Fv2%2Ftags&post=26253"}],"curies":[{"name":"wp","href":"https:\/\/api.w.org\/{rel}","templated":true}]}}