{"id":26270,"date":"2024-08-20T02:55:19","date_gmt":"2024-08-20T05:55:19","guid":{"rendered":"https:\/\/revistaepocadigital.com.ar\/?p=26270"},"modified":"2024-08-20T02:55:19","modified_gmt":"2024-08-20T05:55:19","slug":"adicciones-tremenda-problematica-mas-charlas-en-los-colegios-secundarios","status":"publish","type":"post","link":"https:\/\/revistaepocadigital.com.ar\/?p=26270","title":{"rendered":"ADICCIONES, TREMENDA PROBLEM\u00c1TICA. M\u00c1S CHARLAS EN LOS COLEGIOS SECUNDARIOS"},"content":{"rendered":"<div class=\"xdj266r x11i5rnm xat24cr x1mh8g0r x1vvkbs x126k92a\">\n<div dir=\"auto\"><strong>PROGRAMA.<!--more--><\/strong><\/div>\n<div dir=\"auto\"><\/div>\n<div dir=\"auto\">El equipo del Programa Municipal de Adicciones a cargo de los Licenciados Andrea Giovanelli y Mat\u00edas Ponce de Le\u00f3n, contin\u00faan realizando charlas y talleres en las escuelas secundarias del partido sobre h\u00e1bitos saludables, adolescencia y consumos problem\u00e1ticos (sustancias, redes sociales, ludopat\u00eda) y cualquier inquietud que aparezca en los encuentros.<\/div>\n<div dir=\"auto\"><\/div>\n<\/div>\n<p><strong>Muy serias problem\u00e1ticas que golpean a tantos jovenes (y mayores desde ya) en nuestro pa\u00eds, en el mundo y no escapa desde ya el partido de Exaltaci\u00f3n de la Cruz.<\/strong><\/p>\n<p>En esta oportunidad los alumnos de la Escuela secundaria N\u00b0 3 del Barrio Mar\u00edn en Capilla del Se\u00f1or y de la Escuela Media N\u00b0 1, de Los Cardales, participaron de la charla. Este trabajo favorece el<strong> conocimiento y la concientizaci\u00f3n sobre h\u00e1bitos saludables en pos de la salud mental. Algo esencial.<\/strong><\/p>\n","protected":false},"excerpt":{"rendered":"<p>PROGRAMA.<\/p>\n","protected":false},"author":4,"featured_media":26272,"comment_status":"open","ping_status":"open","sticky":false,"template":"","format":"standard","meta":{"footnotes":"","jetpack_publicize_message":"","jetpack_publicize_feature_enabled":true,"jetpack_social_post_already_shared":true,"jetpack_social_options":{"image_generator_settings":{"template":"highway","default_image_id":0,"font":"","enabled":false},"version":2}},"categories":[4],"tags":[2046],"class_list":["post-26270","post","type-post","status-publish","format-standard","has-post-thumbnail","hentry","category-aqui-los-cardales","tag-adicciones"],"jetpack_publicize_connections":[],"jetpack_featured_media_url":"https:\/\/revistaepocadigital.com.ar\/wp-content\/uploads\/2024\/08\/ADICCIONES-CHARLAS.jpg","jetpack_likes_enabled":true,"_links":{"self":[{"href":"https:\/\/revistaepocadigital.com.ar\/index.php?rest_route=\/wp\/v2\/posts\/26270","targetHints":{"allow":["GET"]}}],"collection":[{"href":"https:\/\/revistaepocadigital.com.ar\/index.php?rest_route=\/wp\/v2\/posts"}],"about":[{"href":"https:\/\/revistaepocadigital.com.ar\/index.php?rest_route=\/wp\/v2\/types\/post"}],"author":[{"embeddable":true,"href":"https:\/\/revistaepocadigital.com.ar\/index.php?rest_route=\/wp\/v2\/users\/4"}],"replies":[{"embeddable":true,"href":"https:\/\/revistaepocadigital.com.ar\/index.php?rest_route=%2Fwp%2Fv2%2Fcomments&post=26270"}],"version-history":[{"count":0,"href":"https:\/\/revistaepocadigital.com.ar\/index.php?rest_route=\/wp\/v2\/posts\/26270\/revisions"}],"wp:featuredmedia":[{"embeddable":true,"href":"https:\/\/revistaepocadigital.com.ar\/index.php?rest_route=\/wp\/v2\/media\/26272"}],"wp:attachment":[{"href":"https:\/\/revistaepocadigital.com.ar\/index.php?rest_route=%2Fwp%2Fv2%2Fmedia&parent=26270"}],"wp:term":[{"taxonomy":"category","embeddable":true,"href":"https:\/\/revistaepocadigital.com.ar\/index.php?rest_route=%2Fwp%2Fv2%2Fcategories&post=26270"},{"taxonomy":"post_tag","embeddable":true,"href":"https:\/\/revistaepocadigital.com.ar\/index.php?rest_route=%2Fwp%2Fv2%2Ftags&post=26270"}],"curies":[{"name":"wp","href":"https:\/\/api.w.org\/{rel}","templated":true}]}}