{"id":26279,"date":"2024-08-21T02:43:20","date_gmt":"2024-08-21T05:43:20","guid":{"rendered":"https:\/\/revistaepocadigital.com.ar\/?p=26279"},"modified":"2024-08-24T01:21:07","modified_gmt":"2024-08-24T04:21:07","slug":"los-radicales-van-a-elecciones-internas","status":"publish","type":"post","link":"https:\/\/revistaepocadigital.com.ar\/?p=26279","title":{"rendered":"LOS RADICALES VAN A ELECCIONES INTERNAS EL 6 DE OCTUBRE. LA CONVOCATORIA"},"content":{"rendered":"<div><strong>COMO EN TODA LA UCR, TAMBI\u00c9N EN EXALTACI\u00d3N DE LA CRUZ.<\/strong><\/div>\n<p><!--more--><\/p>\n<div><\/div>\n<div>Las elecciones internas previstas en la Uni\u00f3n C\u00edvica Radical, seguramente apuntan a provocar la salida del partido del letargo en que se encuentra y comenzar a delinear los pasos y estrategias de cara a las elecciones legislativas.<\/div>\n<div><\/div>\n<div><strong>Ivan Gambra,<\/strong> el m\u00e9dico presidente del radicalismo y de la Junta Electoral, coment\u00f3 a EPOCA, acerca de las internas.<\/div>\n<div><\/div>\n<div>&#8211;<strong>\u00bfEstima que habr\u00e1n de presentarse m\u00e1s de una l\u00ednea interna en el distrito, a las elecciones partidarias<\/strong>?<\/div>\n<div><em>&#8211; Bueno, a ver; a\u00fan no se sabe en forma fehaciente y formal, las listas que ir\u00e1n a competir en las internas. De todas formas, estimo que habr\u00e1 m\u00e1s de una lista, y lo que es seguro, que tendremos elecciones internas en Exaltaci\u00f3n de la Cruz.<\/em><\/div>\n<div><\/div>\n<div>Acot\u00f3<strong> Gambra<\/strong> que\u00a0 &#8220;<em>el Comit\u00e9 Provincia de la UCR, hace poco public\u00f3 la informaci\u00f3n acerca de las elecciones internas, en el pa\u00eds y desde ya en nuestro distrito&#8221;<\/em>. El m\u00e9dico en relaci\u00f3n a si se postular\u00e1 para continuar en la presidencia del partido, sostuvo,<em> &#8220;estamos evaluando presentarnos porque como est\u00e1 el radicalismo a nivel provincial y nacional, no se nota demasiada inter\u00e9s por participar&#8221;.<\/em><\/div>\n<div><\/div>\n<div>En Exaltaci\u00f3n de la Cruz, existen dos l\u00edneas bien marcadas y diferenciadoras<em>. &#8220;El sector de Evoluci\u00f3n que dicho sea de paso, entregaron la propiedad donde funcionara el Comit\u00e9 Radical\u00a0 y el restante sector desde no funcionara los de evoluci\u00f3n\u00a0 que entregaron el comit\u00e9 y del otro lado la gente radical de Cardales\u00a0 y nosotros quedamos en el medio sin poder juntar la voluntad radical\u00a0 por ambiciones pol\u00edticas&#8221;,<\/em> apunt\u00f3 Gambra.<\/div>\n<div><\/div>\n<div><strong>-\u00bfCual es el rol que cumple Pablo Recavarren, dirigente local en el presente?<\/strong><\/div>\n<div><em>-Dentro de las autoridades del partido, actualmente no cumple ninguna funci\u00f3n oficialmente a nivel local; s\u00ed est\u00e1 muy bien conectado a nivel provincial,\u00a0 pero no colabora con la UCR local, desde poco despu\u00e9s a poco de\u00a0 haber ganado la anterior interna.<\/em><\/div>\n<div><\/div>\n<div>\n<div><strong>-\u00bfCon que sector interno se identifica la actual conducci\u00f3n de la UCR local?<\/strong><\/div>\n<div><em>-La UCR que yo presido, junto a la gente que nos apoya, respaldamos a &#8220;Adelante Radicales&#8221; presidida por Maxi Abad.<\/em><\/div>\n<\/div>\n<div><\/div>\n<div><strong>-\u00bfQue ocurri\u00f3 finalmente, con la controversia planteada por la posesi\u00f3n del Comit\u00e9 Radical de Capilla del Se\u00f1or?<\/strong><\/div>\n<div>\n<div><em>-El comit\u00e9 <\/em>(a las nuevas autoridades partidarias surgidas de las \u00faltimas elecciones internas),\u00a0 <em>no fue entregado por decisi\u00f3n de Marcelo Aner; adem\u00e1s esa actitud alej\u00f3 la posibilidad de que se concretara la uni\u00f3n de la UCR en Exaltaci\u00f3n de la Cruz, con el objetivo de poder volver a trabajar y hacer crecer a nuestro partido centenario, de todas formas, igual eso es responsabilidad de todos, inclusive nosotros.<\/em><\/div>\n<\/div>\n<div><\/div>\n<div><\/div>\n<div style=\"text-align: center;\"><\/div>\n<div style=\"text-align: center;\"><strong>LA CONVOCATORIA<\/strong><\/div>\n<div><\/div>\n<div><img loading=\"lazy\" decoding=\"async\" class=\"aligncenter size-full wp-image-26300\" src=\"https:\/\/revistaepocadigital.com.ar\/wp-content\/uploads\/2024\/08\/ucr-int.jpg\" alt=\"\" width=\"584\" height=\"845\" srcset=\"https:\/\/revistaepocadigital.com.ar\/wp-content\/uploads\/2024\/08\/ucr-int.jpg 584w, https:\/\/revistaepocadigital.com.ar\/wp-content\/uploads\/2024\/08\/ucr-int-207x300.jpg 207w, https:\/\/revistaepocadigital.com.ar\/wp-content\/uploads\/2024\/08\/ucr-int-290x420.jpg 290w, https:\/\/revistaepocadigital.com.ar\/wp-content\/uploads\/2024\/08\/ucr-int-581x840.jpg 581w\" sizes=\"auto, (max-width: 584px) 100vw, 584px\" \/><\/div>\n<p>&nbsp;<\/p>\n<p>Finalmente <strong>Gambra<\/strong> dio a conocer la direcci\u00f3n de correo electr\u00f3nico, <em>&#8220;donde deben enviarse las listas que participar\u00e1n en las internas, sumando desde ya la documentaci\u00f3n requerida&#8221;.<\/em><\/p>\n<p>La direcci\u00f3n es:\u00a0radicalismototal@outlook.com<\/p>\n","protected":false},"excerpt":{"rendered":"<p>COMO EN TODA LA UCR, TAMBI\u00c9N EN EXALTACI\u00d3N DE LA CRUZ.<\/p>\n","protected":false},"author":4,"featured_media":26285,"comment_status":"open","ping_status":"open","sticky":false,"template":"","format":"standard","meta":{"footnotes":"","jetpack_publicize_message":"","jetpack_publicize_feature_enabled":true,"jetpack_social_post_already_shared":true,"jetpack_social_options":{"image_generator_settings":{"template":"highway","default_image_id":0,"font":"","enabled":false},"version":2}},"categories":[17],"tags":[2842],"class_list":["post-26279","post","type-post","status-publish","format-standard","has-post-thumbnail","hentry","category-politica","tag-internasa-uca"],"jetpack_publicize_connections":[],"jetpack_featured_media_url":"https:\/\/revistaepocadigital.com.ar\/wp-content\/uploads\/2024\/08\/777777.jpg","jetpack_likes_enabled":true,"_links":{"self":[{"href":"https:\/\/revistaepocadigital.com.ar\/index.php?rest_route=\/wp\/v2\/posts\/26279","targetHints":{"allow":["GET"]}}],"collection":[{"href":"https:\/\/revistaepocadigital.com.ar\/index.php?rest_route=\/wp\/v2\/posts"}],"about":[{"href":"https:\/\/revistaepocadigital.com.ar\/index.php?rest_route=\/wp\/v2\/types\/post"}],"author":[{"embeddable":true,"href":"https:\/\/revistaepocadigital.com.ar\/index.php?rest_route=\/wp\/v2\/users\/4"}],"replies":[{"embeddable":true,"href":"https:\/\/revistaepocadigital.com.ar\/index.php?rest_route=%2Fwp%2Fv2%2Fcomments&post=26279"}],"version-history":[{"count":0,"href":"https:\/\/revistaepocadigital.com.ar\/index.php?rest_route=\/wp\/v2\/posts\/26279\/revisions"}],"wp:featuredmedia":[{"embeddable":true,"href":"https:\/\/revistaepocadigital.com.ar\/index.php?rest_route=\/wp\/v2\/media\/26285"}],"wp:attachment":[{"href":"https:\/\/revistaepocadigital.com.ar\/index.php?rest_route=%2Fwp%2Fv2%2Fmedia&parent=26279"}],"wp:term":[{"taxonomy":"category","embeddable":true,"href":"https:\/\/revistaepocadigital.com.ar\/index.php?rest_route=%2Fwp%2Fv2%2Fcategories&post=26279"},{"taxonomy":"post_tag","embeddable":true,"href":"https:\/\/revistaepocadigital.com.ar\/index.php?rest_route=%2Fwp%2Fv2%2Ftags&post=26279"}],"curies":[{"name":"wp","href":"https:\/\/api.w.org\/{rel}","templated":true}]}}