{"id":26307,"date":"2024-08-20T02:47:41","date_gmt":"2024-08-20T05:47:41","guid":{"rendered":"https:\/\/revistaepocadigital.com.ar\/?p=26307"},"modified":"2024-08-20T10:12:47","modified_gmt":"2024-08-20T13:12:47","slug":"jorge-gajo-ramos-presidente-de-la-pena-de-boca-en-capilla-lleva-los-colores-en-el-alma","status":"publish","type":"post","link":"https:\/\/revistaepocadigital.com.ar\/?p=26307","title":{"rendered":"Jorge &#8220;Gajo&#8221; Ramos, presidente de la Pe\u00f1a de Boca en Capilla, lleva los colores en el alma."},"content":{"rendered":"<p><strong>BOCA, GIGANTE EN LA ARGENTINA Y RECONOCIDO EN EL MUNDO.<\/strong><!--more--><\/p>\n<p>&nbsp;<\/p>\n<p><strong>Jorge Ramos,<\/strong> un activo vecino de Capilla del Se\u00f1or, se anota siempre cuando, m\u00e1s all\u00e1 de su trabajo profesional, se trata de participar en entidades muy vinculadas a la comunidad. Y desde hace tiempo, vuelca su <strong>pasi\u00f3n por Boca como presidente de la Pe\u00f1a Exaltaci\u00f3n Xeneize <\/strong>de Capilla del Se\u00f1or. &#8220;<strong>Gajo <\/strong>explica, <em>&#8220;me pusieron el apodo desde chico, cuando ten\u00eda 12 a\u00f1os y trabajaba en Marr\u00f3n Caf\u00e9, recordada confiter\u00eda que funcion\u00f3 en el centro\u00a0 de la ciudad. &#8220;Gajo porque soy el m\u00e1s chico de los Ramos, mi familia, ja&#8221;. <\/em>Ramos es profesor de teatro nivel inicial, primario, secundario y terciario; actor y director del grupo de Teatro Municipal de Capilla del Se\u00f1or y Los Cardales.<\/p>\n<figure id=\"attachment_26311\" aria-describedby=\"caption-attachment-26311\" style=\"width: 493px\" class=\"wp-caption aligncenter\"><img loading=\"lazy\" decoding=\"async\" class=\"size-full wp-image-26311\" src=\"https:\/\/revistaepocadigital.com.ar\/wp-content\/uploads\/2024\/08\/ra4.jpg\" alt=\"\" width=\"493\" height=\"383\" srcset=\"https:\/\/revistaepocadigital.com.ar\/wp-content\/uploads\/2024\/08\/ra4.jpg 493w, https:\/\/revistaepocadigital.com.ar\/wp-content\/uploads\/2024\/08\/ra4-300x233.jpg 300w\" sizes=\"auto, (max-width: 493px) 100vw, 493px\" \/><figcaption id=\"caption-attachment-26311\" class=\"wp-caption-text\">En el templo de los hinchas de Boca. La Bombonera.<\/figcaption><\/figure>\n<p>La Pe\u00f1a Exaltaci\u00f3n Xeneize fue creada hace 25 a\u00f1os, y nuclea a hinchas de Boca, uno de los dos clubes m\u00e1s importantes y populares de la Argentina y en el f\u00fatbol del mundo. <em>&#8220;La actual comisi\u00f3n directiva de la Pe\u00f1a la integran junto a m\u00ed, Bautista Albarenque como vicepresidente; Karina Guarnochea, secretaria; tesorero Daniel Marcheti; protesorera Mariana Mart\u00ednez y los vocales son Pablo Miranda, Esteban J\u00e1uregui, Blas Miranda entre otros&#8221;,<\/em> comenta Jorge y resalta el apoyo permanente recibido por<strong> Carlos Colombo,<\/strong> a cargo del Departamento m\u00e9dico de Boca como instituci\u00f3n, de Pablo Miranda quien tambi\u00e9n cumple funciones en Boca, en el sector de habilitaciones de pe\u00f1as, as\u00ed como de Daniel Marcheti, del mismo modo, desempe\u00f1andose en el Club.<\/p>\n<p>Le brota el orgullo a Gajo por ser hin<em>cha de Boca<\/em>, y al frente de la Pe\u00f1a apunta a desarrollar una tarea diversificada,<em> &#8220;la impronta que le intento dar y que se hab\u00eda perdido de alguna manera. Por eso, en principio, arm\u00e9 varias comisiones en el plano de Boca Social, pensado en los vecinos, en la comunidad. Tambi\u00e9n Boca te Abriga, realizando distintas acciones como campa\u00f1as para recolectar ropa y seguimos haci\u00e9ndolo. As\u00ed, hemos estado distribuyendo ropa en la Escuela de Diego Gaynor, en la de Puente Fierro, en el SEC 801 de Capilla y continuaremos, y tambi\u00e9n durante las vacaciones de invierno, pasamos una pel\u00edcula para los chicos en nuestra sede y organizamos una chocolateada&#8221;.<\/em><\/p>\n<p>Para poder llevar adelante las diversas actividades, <em>&#8220;desde ya, necesitamos reunir fondos, por eso con ese objetivo colocamos un stand de la Pe\u00f1a en las fiestas patronales de Diego Gaynor, que fue un gran \u00e9xito por la gran cantidad de gente que hubo. En nuesto stand vendimos productos de Boca y nos fue bien&#8221;,<\/em> agrega Gajo Ramos.<\/p>\n<p>Formar parte de la Pe\u00f1a Exaltaci\u00f3n Xeneize, <em>&#8220;hay que ser socio de Boca y tambi\u00e9n asociarse a la Pe\u00f1a&#8221;, <\/em>informa Ramos quien a su vez agrega que en la actualidad, <em>&#8220;contamos con 220 socios activos. Y con el cometido de reunir m\u00e1s fondos, han organizado una rifa que se encuentra a la venta<\/em> (cuesta 1000 pesos)&#8221;, cuyo premio ser\u00e1 sorteado el 14 de Septiembre venidero en ocasi\u00f3n de los Festejos Patronales. <em>&#8220;Ese d\u00eda tambi\u00e9n, vamos a instalar un stand donde vamos a vender cosas que se encuentran en kioscos y tambi\u00e9n productos oficiales de Boca, bueno los fondos recaudados por todos los conceptos, los volcamos en actividades, dado que el funcionamiento de la Pe\u00f1a propiamente dicho, se sostiene con el cobro de las cuotas de socios&#8221;.<\/em><\/p>\n<p>Amante y tambi\u00e9n apasionado por el<strong> teatro<\/strong>, en su condici\u00f3n de actor, ha actuado en numerosas obras e incluso dirigido, Ramos ha impulsado a su vez Talleres Culturales, &#8220;<em>por ahora se ense\u00f1a canto y la profesora a cargo es Irina Conil, y vale la pena aclarar, que se encuentra abierto a toda la comunidad, de la misma forma que pretendemos que la Pe\u00f1a funcione con las puertas abiertas para todos. En un futuro tenemos pensado ofrecer obras de teatro, y hacer que nuestra sede sea un espacio abierto para todos los vecinos, para realizar distintas actividades como talleres o eventos culturales&#8221;.<\/em><\/p>\n<p>Desde ya, el leit-motiv principal de la entidad es <strong>seguir la campa\u00f1a de Boca<\/strong> en el f\u00fatbol de la liga argentina y en partidos v\u00e1lidos por copas internacionales. <em>&#8220;Los partidos de Boca como local, los vemos en una pantalla gigante que tenemos instalada en la sede que cuenta con un capacidad de alrededor de 50 personas. Y para completar el encuentro de hinchas de Boca, ofremos pizza en cono y bebidas. S\u00ed, pueden ir todos aquellos que lo deseen, no es necesario ser hincha de Boca&#8221;.<\/em><\/p>\n<p>Siguiendo con los objetivos que se ha planteado como presidente de la Pe\u00f1a, <strong>Ramos<\/strong> explic\u00f3 que otra idea de importancia que analiza es que <em>&#8220;la Pe\u00f1a tenga una actividad en lo social cada vez m\u00e1s fuerte, y que continuemos incorporando m\u00e1s socios hinchas de Boca, as\u00ed somos m\u00e1s los que amamos a Boca en Exaltaci\u00f3n de la Cruz; por de pronto sigue acercando gente, y son muchos los que viven en Cardales y quieren sumarse a la Pe\u00f1a&#8221;.<\/em><\/p>\n<p><em>&#8220;En definitiva<\/em> -sostiene Ramos- l<em>a idea que tenemos en la comisi\u00f3n directiva es que la Pe\u00f1a sea un lugar de encuentro y que, desde ya, acerque a los hinchas al tremendo club que tenemos; que en materia de socios, Boca cuenta con 100 mil socios activos y m\u00e1s de 300 mil socios adherentes quienes con el paso del tiempo se convertir\u00e1n en activos y de esa forma, poder ir a la Bombonera en todos los partidos&#8221;.<\/em><\/p>\n<figure id=\"attachment_26312\" aria-describedby=\"caption-attachment-26312\" style=\"width: 411px\" class=\"wp-caption alignleft\"><img loading=\"lazy\" decoding=\"async\" class=\"size-full wp-image-26312\" src=\"https:\/\/revistaepocadigital.com.ar\/wp-content\/uploads\/2024\/08\/ra2.jpg\" alt=\"\" width=\"411\" height=\"653\" srcset=\"https:\/\/revistaepocadigital.com.ar\/wp-content\/uploads\/2024\/08\/ra2.jpg 411w, https:\/\/revistaepocadigital.com.ar\/wp-content\/uploads\/2024\/08\/ra2-189x300.jpg 189w, https:\/\/revistaepocadigital.com.ar\/wp-content\/uploads\/2024\/08\/ra2-264x420.jpg 264w\" sizes=\"auto, (max-width: 411px) 100vw, 411px\" \/><figcaption id=\"caption-attachment-26312\" class=\"wp-caption-text\">Jorge y Boca un solo coraz\u00f3n. Con la Bombonera de fondo junto a su ahijado Sabas Ramos.<\/figcaption><\/figure>\n<p><em>&#8220;Somos una de las Pe\u00f1as m\u00e1s fuerte en la zona<\/em> -recalca Ramos-<em>, y eso queda demostrado por ejemplo en el n\u00famero de carnet de socios que desde el Club nos habilitan, mayor al de otras pe\u00f1as, para ir a ver los partidos de Boca como local. Y s\u00ed, las pe\u00f1as con que cuenta Boca, saben alinearse pol\u00edticamente con quienes est\u00e9n al frente del Club, si se coinciden en los postulados y pol\u00edticas a llevar adelante. Por ejemplo cuando fue presidente Angelici, no nos prestaba atenci\u00f3n, en cambio con Rom\u00e1n (<\/em>Riquelme)<em> al frente de Boca, nos sentimos alineados y respaldados&#8221;.<\/em><\/p>\n<p><strong>Jorge Ramos es hincha de Boca<\/strong> desde siempre, &#8220;<em>la verdad, de alguna manera m\u00e1s de una vez me llama la atenci\u00f3n dado que en mi familia, ninguno es futbolero Yo en cambio, desde chiquito sigo a Boca, recuerdo que a los 12 a\u00f1os escuchaba los partidos por la radio y anotaba todo, resultados de las fechas, tablas de posiciones, calendarios y tantas otras cosas. A los 17 a\u00f1os, me hice fan\u00e1tico de Boca, me hice socio y empec\u00e9 a ir a ver los partidos como local en la Bombonera&#8221;.<\/em> Gajo est\u00e1 casado con la capillense Julieta Cos Hij\u00f3s, y tienen dos hijos, Juana de 8 a\u00f1os y Bautista de 21. S\u00ed, claro, todos fan\u00e1ticos de Boca como deb\u00eda ser!<\/p>\n","protected":false},"excerpt":{"rendered":"<p>BOCA, GIGANTE EN LA ARGENTINA Y RECONOCIDO EN EL MUNDO.<\/p>\n","protected":false},"author":4,"featured_media":26310,"comment_status":"open","ping_status":"open","sticky":false,"template":"","format":"standard","meta":{"footnotes":"","jetpack_publicize_message":"","jetpack_publicize_feature_enabled":true,"jetpack_social_post_already_shared":true,"jetpack_social_options":{"image_generator_settings":{"template":"highway","default_image_id":0,"font":"","enabled":false},"version":2}},"categories":[15],"tags":[37,2844,1580],"class_list":["post-26307","post","type-post","status-publish","format-standard","has-post-thumbnail","hentry","category-lo-que-tenes-que-saber","tag-destacada","tag-gajo-ramos","tag-pena-boca"],"jetpack_publicize_connections":[],"jetpack_featured_media_url":"https:\/\/revistaepocadigital.com.ar\/wp-content\/uploads\/2024\/08\/ramos-e-hija-boca.jpg","jetpack_likes_enabled":true,"_links":{"self":[{"href":"https:\/\/revistaepocadigital.com.ar\/index.php?rest_route=\/wp\/v2\/posts\/26307","targetHints":{"allow":["GET"]}}],"collection":[{"href":"https:\/\/revistaepocadigital.com.ar\/index.php?rest_route=\/wp\/v2\/posts"}],"about":[{"href":"https:\/\/revistaepocadigital.com.ar\/index.php?rest_route=\/wp\/v2\/types\/post"}],"author":[{"embeddable":true,"href":"https:\/\/revistaepocadigital.com.ar\/index.php?rest_route=\/wp\/v2\/users\/4"}],"replies":[{"embeddable":true,"href":"https:\/\/revistaepocadigital.com.ar\/index.php?rest_route=%2Fwp%2Fv2%2Fcomments&post=26307"}],"version-history":[{"count":0,"href":"https:\/\/revistaepocadigital.com.ar\/index.php?rest_route=\/wp\/v2\/posts\/26307\/revisions"}],"wp:featuredmedia":[{"embeddable":true,"href":"https:\/\/revistaepocadigital.com.ar\/index.php?rest_route=\/wp\/v2\/media\/26310"}],"wp:attachment":[{"href":"https:\/\/revistaepocadigital.com.ar\/index.php?rest_route=%2Fwp%2Fv2%2Fmedia&parent=26307"}],"wp:term":[{"taxonomy":"category","embeddable":true,"href":"https:\/\/revistaepocadigital.com.ar\/index.php?rest_route=%2Fwp%2Fv2%2Fcategories&post=26307"},{"taxonomy":"post_tag","embeddable":true,"href":"https:\/\/revistaepocadigital.com.ar\/index.php?rest_route=%2Fwp%2Fv2%2Ftags&post=26307"}],"curies":[{"name":"wp","href":"https:\/\/api.w.org\/{rel}","templated":true}]}}