{"id":26329,"date":"2024-08-21T01:37:25","date_gmt":"2024-08-21T04:37:25","guid":{"rendered":"https:\/\/revistaepocadigital.com.ar\/?p=26329"},"modified":"2024-08-21T01:49:11","modified_gmt":"2024-08-21T04:49:11","slug":"derrota-de-la-impostura-de-genero-los-penes-de-madera-y-el-lenguaje-seudo-inclusivo","status":"publish","type":"post","link":"https:\/\/revistaepocadigital.com.ar\/?p=26329","title":{"rendered":"Derrota de la impostura de g\u00e9nero, los penes de madera y el lenguaje seudo inclusivo"},"content":{"rendered":"<div class=\"top page-container\"><\/div>\n<section class=\"article-section page-container\">\n<header class=\"article-header-wrapper\">\n<div class=\"article-header\">\n<h4 class=\"article-subheadline left\"><strong>El berret\u00edn feminista, y \u00faltimamente no binario, de la gesti\u00f3n kirchnerista, sumado al discurso del \u201cgoce\u201d y del \u201cfumo\u201d en plena crisis, no le dio r\u00e9ditos al gobierno en 2021. Oficialismo -y oposici\u00f3n- deber\u00edan tomar nota: no es esa la agenda de los argentinos. Ac\u00e1 la nota de Claudia Peir\u00f3 en Infobae.com <\/strong>publicada en 2021.<strong> &#8220;Escrib\u00ed que todo esto del g\u00e9nero y el feminismo era una impostura, y una coartada para una p\u00e9sima gesti\u00f3n. A esa mascarada se prestaron felices muchas referentes feministas. Ahora se revela adem\u00e1s la extensi\u00f3n de la hipocres\u00eda&#8221;, comento Peir\u00f3 aluciendo a lo que sucede en la actualidad.<\/strong><\/h4>\n<div class=\"byline\">\n<div class=\"byline-image-ctn\"><\/div>\n<\/div>\n<\/div>\n<\/header>\n<article class=\"article\">\n<div class=\"sharebar-container\">\n<div class=\"sharebar-buttons-container\">\n<div class=\"sharebar-buttons-separator\"><\/div>\n<p>&nbsp;<\/p>\n<\/div>\n<\/div>\n<div class=\"body-article\">\n<div class=\"visual__image\"><\/div>\n<p class=\"paragraph\" data-mrf-recirculation=\"Links inline\">Una de las \u00faltimas jugadas de campa\u00f1a de Alberto Fern\u00e1ndez, 21-7-21, fue <b>un decreto presidencial que habilit\u00f3 la concesi\u00f3n de documentos de identidad en los que no se consigna el sexo<\/b>\u00a0del portador. En la jerga actual: no binario.<\/p>\n<div class=\"news-module\" data-mrf-recirculation=\"IL_GBLs3HYWRq2RgU4Qz8MM1Q\" data-testid=\"text-html\" data-mrf-experience=\"IL_GBLs3HYWRq2RgU4Qz8MM1Q\">\n<div class=\"recommended-card__info\">Esta man\u00eda del gobierno actual (que encabezara Alberto Fern\u00e1ndez) por someter la legislaci\u00f3n y las instituciones del pa\u00eds -un conjunto que deber\u00eda ser s\u00f3lido, coherente y lo m\u00e1s estable posible- a los <b>caprichos de tribus urbanas que tienen m\u00e1s pantalla que arraigo social\u00a0<\/b>se fue acentuando\u00a0<b>a medida que crec\u00eda la impotencia para resolver los dramas estructurales de la sociedad: pobreza, desempleo, inseguridad, desinversi\u00f3n, deuda, deterioro educativo.<\/b><\/div>\n<\/div>\n<div class=\"teads-inread sm-screen\">\n<div>\n<div class=\"teads-ui-components-label\"><\/div>\n<div id=\"teads0\" class=\"teads-player\"><\/div>\n<\/div>\n<\/div>\n<div class=\"inline ad-wrapper\">\n<div class=\"dfpAd ad-inline\">\n<div id=\"infobae\/opinion\/nota\/inline\" class=\"infobae\/opinion\/nota\/inline arcad\" data-google-query-id=\"COmJudKbhYgDFS9KuAQdAlwnlg\">\n<div id=\"google_ads_iframe_\/1058609\/infobae\/opinion\/nota\/inline_0__container__\">En plena pandemia, con el pa\u00eds parado, el Gobierno no encontr\u00f3 mejor idea que poner el pie en el acelerador de la agenda de g\u00e9nero.<\/div>\n<\/div>\n<\/div>\n<\/div>\n<div class=\"news-module\" data-mrf-recirculation=\"IL_m3kiGo-8SVS6m0U7OqrZLw\" data-testid=\"text-html\" data-mrf-experience=\"IL_m3kiGo-8SVS6m0U7OqrZLw\">\n<div class=\"recommended-card__image-container\"><\/div>\n<\/div>\n<p class=\"paragraph\" data-mrf-recirculation=\"Links inline\">A una sociedad angustiada por el largo parate econ\u00f3mico y productivo, le respondi\u00f3 con el\u00a0<b>DNI no binario y la Gesti\u00f3n Menstrual.<\/b><\/p>\n<p class=\"paragraph\" data-mrf-recirculation=\"Links inline\">A la incertidumbre de los inversores y los empresarios, con un\u00a0<b>Presupuesto con perspectiva de g\u00e9nero.<\/b><\/p>\n<p class=\"paragraph\" data-mrf-recirculation=\"Links inline\">A las familias desesperadas <b>frente a la no educaci\u00f3n de sus hijos, con penes de madera.<\/b><\/p>\n<p class=\"paragraph\" data-mrf-recirculation=\"Links inline\">A los j\u00f3venes acorralados por la falta de futuro, el precandidato porte\u00f1o del oficialismo (en 2021) les dijo que <b>se puede ser felices sin trabajo y con fumo.<\/b><\/p>\n<div><\/div>\n<p class=\"paragraph\" data-mrf-recirculation=\"Links inline\"><b>A los pobres, que cada d\u00eda son m\u00e1s, con misoprostol, la droga abortiva.\u00a0<\/b>Tanto o m\u00e1s grave que la legalizaci\u00f3n del aborto es\u00a0<b>el entusiasmo antinatalista del gobierno<\/b>: el aborto no es la \u00faltima opci\u00f3n, sino la primera alternativa ofrecida a la mujer de condici\u00f3n humilde. Aunque se llenen la boca con la palabra inclusi\u00f3n lo suyo es la exclusi\u00f3n, bajo la forma de la <b>eugenesia social.<\/b><\/p>\n<p class=\"paragraph\" data-mrf-recirculation=\"Links inline\">A los argentinos que a lo largo y ancho del pa\u00eds respetaron y sobre todo padecieron las restricciones por la pandemia,\u00a0<b>el Gobierno les respondi\u00f3 con el vacunatorio VIP, las fiestas clandestinas del poder y, sobre todo, con infinita soberbia.<\/b><\/p>\n<p class=\"paragraph\" data-mrf-recirculation=\"Links inline\">El Gobierno que encabezara el ahora ex-presidente Fern\u00e1ndez, sin plan dispuso <a href=\"https:\/\/www.infobae.com\/economia\/2020\/09\/20\/el-gobierno-destinara-13-billones-el-152-del-presupuesto-2021-a-programas-con-perspectiva-de-genero\/\" target=\"_blank\" rel=\"noopener noreferrer\" data-mrf-link=\"https:\/\/www.infobae.com\/economia\/2020\/09\/20\/el-gobierno-destinara-13-billones-el-152-del-presupuesto-2021-a-programas-con-perspectiva-de-genero\/\">destinar\u00a0<b>3,4 por ciento del PBI para la perspectiva de g\u00e9nero<\/b>: cuatro veces m\u00e1s que lo destinado a Defensa o Seguridad y 10 veces m\u00e1s que el gasto del Poder Judicial.<\/a><\/p>\n<p class=\"paragraph\" data-mrf-recirculation=\"Links inline\"><mark class=\"hl_yellow\">No tengo programa econ\u00f3mico, no tengo soluci\u00f3n para la inflaci\u00f3n, no puedo combatir con eficacia el delito, no termino de negociar con el fondo; no importa: soy feminista.<\/mark><\/p>\n<p class=\"paragraph\" data-mrf-recirculation=\"Links inline\">La gente necesita trabajo, educaci\u00f3n, salud, libertad y seguridad; pero<b>\u00a0la demanda insatisfecha detectada por el oficialismo fue la de las personas que no se identifican con ninguno de los dos sexos<\/b>.<\/p>\n<p class=\"paragraph\" data-mrf-recirculation=\"Links inline\">No alcanz\u00f3 con crear un innecesario Ministerio de la Mujer y etc\u00e9teras; casi\u00a0<b>cada cartera del Gabinete nacional tiene su Secretar\u00eda o Direcci\u00f3n de la Mujer.\u00a0<\/b>En Econom\u00eda hay tambi\u00e9n un centro de estudios que se dedica a producir documentos en los que hacen\u00a0<b>malabares para dibujar una brecha salarial de g\u00e9nero inexistente.\u00a0<\/b>En la Argentina, y desde hace d\u00e9cadas, a igual trabajo, igual remuneraci\u00f3n.\u00a0<b>La \u00fanica verdadera brecha de ingresos es que un m\u00e9dico, var\u00f3n o mujer, con diez a\u00f1os de experiencia, gane 70 u 80 mil pesos<\/b>\u00a0en un hospital p\u00fablico bonaerense. Pero resolver la brecha entre lo que gana un m\u00e9dico, un maestro o un polic\u00eda -del g\u00e9nero que sea- y lo que gana un legislador, un juez o un ministro es mucho m\u00e1s costoso y complicado; entonces, invento una brecha que no existe y me dedico a pelear contra molinos de viento.<\/p>\n<div class=\"visual__image\"><img loading=\"lazy\" decoding=\"async\" class=\"\" src=\"https:\/\/www.infobae.com\/new-resizer\/GKUM9McjqrUwu832RAEtjvGKHRA=\/992x850\/filters:format(webp):quality(85)\/cloudfront-us-east-1.images.arcpublishing.com\/infobae\/4QS52PYBARDSTNHAWROQOUY55Q.jpg%20992w\" sizes=\"auto, (min-width: 1560px) 856px, (min-width: 1000px) calc(74.63vw - 293px), (min-width: 780px) calc(100vw - 376px), (min-width: 580px) calc(100vw - 32px), 100vw\" srcset=\"https:\/\/www.infobae.com\/new-resizer\/GKUM9McjqrUwu832RAEtjvGKHRA=\/992x850\/filters:format(webp):quality(85)\/cloudfront-us-east-1.images.arcpublishing.com\/infobae\/4QS52PYBARDSTNHAWROQOUY55Q.jpg 992w\" alt=\"En la Argentina, a igual tarea, igual remuneraci\u00f3n, desde hace d\u00e9cadas. La brecha salarial de g\u00e9nero como falacia (Shutterstock)\" width=\"6000\" height=\"5036\" data-src=\"https:\/\/www.infobae.com\/new-resizer\/GKUM9McjqrUwu832RAEtjvGKHRA=\/992x850\/filters:format(webp):quality(85)\/cloudfront-us-east-1.images.arcpublishing.com\/infobae\/4QS52PYBARDSTNHAWROQOUY55Q.jpg 992w\" \/>En la Argentina, a igual tarea, igual remuneraci\u00f3n, desde hace d\u00e9cadas. La brecha salarial de g\u00e9nero como falacia (Shutterstock)<\/div>\n<div><\/div>\n<p class=\"paragraph\" data-mrf-recirculation=\"Links inline\"><b>No hay patriarcado en la Argentina:\u00a0<\/b>no existe ninguna ley -ni penal, ni civil, ni previsional- que consagre la superioridad del var\u00f3n sobre la mujer. Ninguna. A la inversa, existen leyes que privilegian a la mujer, como el r\u00e9gimen jubilatorio. Ni hablar de la Ley del Aborto que no le da al var\u00f3n ni voto ni voz en la decisi\u00f3n de poner fin a la vida del hijo gestado.<\/p>\n<p class=\"paragraph\" data-mrf-recirculation=\"Links inline\">La foto de un pol\u00edtico votando sobre<b>\u00a0fondo de pizarr\u00f3n de escuela con la consigna \u201cBienvenides\u201d<\/b>\u00a0es otro s\u00edntoma de lo que sucede. El lenguaje inclusivo, es decir,\u00a0<b>la deformaci\u00f3n del idioma, algo que en un contexto normal ser\u00eda inadmisible en una escuela, es promovido por el Gobierno\u00a0<\/b>con fervor digno de mejor causa.<\/p>\n<p class=\"paragraph\" data-mrf-recirculation=\"Links inline\">El idioma evoluciona, dicen. Por supuesto. Evoluciona, no se impone por capricho. Un t\u00e9rmino nuevo se incorpora luego de a\u00f1os de uso y de aceptaci\u00f3n generalizada.<\/p>\n<p class=\"paragraph\" data-mrf-recirculation=\"Links inline\">Eso s\u00ed,\u00a0<b>los mismos docentes que se arrogan el derecho de hablarles as\u00ed a los ni\u00f1os\u00a0<\/b>que las familias mandan a la escuela para que reciban lo mejor, lo excelente, del conocimiento humano acumulado\u00a0<b>fueron los m\u00e1s activos en negarse a la presencialidad.<\/b>\u00a0Y eso suced\u00eda al mismo tiempo que m\u00e9dicos, enfermeros, camilleros, polic\u00edas, bomberos, soldados, personal de limpieza y maestranza y choferes del transporte p\u00fablico sal\u00edan a la calle a sostener la m\u00ednima infraestructura de servicios para que el pa\u00eds no colapsara.<\/p>\n<div class=\"visual__image\"><img loading=\"lazy\" decoding=\"async\" class=\"\" src=\"https:\/\/www.infobae.com\/new-resizer\/zgi_FafGUUnEEQKr7ppj8wgurYQ=\/420x236\/filters:format(webp):quality(85)\/cloudfront-us-east-1.images.arcpublishing.com\/infobae\/XRP7LCMKFZBORJCFPQOQMND5SI.jpeg%20420w\" sizes=\"auto, (min-width: 1560px) 856px, (min-width: 1000px) calc(74.63vw - 293px), (min-width: 780px) calc(100vw - 376px), (min-width: 580px) calc(100vw - 32px), 100vw\" srcset=\"https:\/\/www.infobae.com\/new-resizer\/zgi_FafGUUnEEQKr7ppj8wgurYQ=\/420x236\/filters:format(webp):quality(85)\/cloudfront-us-east-1.images.arcpublishing.com\/infobae\/XRP7LCMKFZBORJCFPQOQMND5SI.jpeg 420w,https:\/\/www.infobae.com\/new-resizer\/56x-CsgjnqmmmeUqPrQAjDVBY3c=\/768x432\/filters:format(webp):quality(85)\/cloudfront-us-east-1.images.arcpublishing.com\/infobae\/XRP7LCMKFZBORJCFPQOQMND5SI.jpeg 768w,https:\/\/www.infobae.com\/new-resizer\/qma9guNhwpsTKgfYOktt-fxl6NA=\/992x558\/filters:format(webp):quality(85)\/cloudfront-us-east-1.images.arcpublishing.com\/infobae\/XRP7LCMKFZBORJCFPQOQMND5SI.jpeg 992w,https:\/\/www.infobae.com\/new-resizer\/XVthyG0Srd-UcIhk6Zwjjxf1k10=\/1200x675\/filters:format(webp):quality(85)\/cloudfront-us-east-1.images.arcpublishing.com\/infobae\/XRP7LCMKFZBORJCFPQOQMND5SI.jpeg 1200w,https:\/\/www.infobae.com\/new-resizer\/HHHPOvJBxMxYAsoNRoY8l6LRvWw=\/1440x810\/filters:format(webp):quality(85)\/cloudfront-us-east-1.images.arcpublishing.com\/infobae\/XRP7LCMKFZBORJCFPQOQMND5SI.jpeg 1440w\" alt=\"Los docentes, opuestos a la presencialidad, pero promotores de la deformaci\u00f3n del idioma\" width=\"1920\" height=\"1080\" data-src=\"https:\/\/www.infobae.com\/new-resizer\/zgi_FafGUUnEEQKr7ppj8wgurYQ=\/420x236\/filters:format(webp):quality(85)\/cloudfront-us-east-1.images.arcpublishing.com\/infobae\/XRP7LCMKFZBORJCFPQOQMND5SI.jpeg 420w\" \/>Los docentes, opuestos a la presencialidad, pero promotores de la deformaci\u00f3n del idioma<\/div>\n<div class=\"undefined ad-wrapper\">\n<div class=\"dfpAd \">\n<div id=\"infobae\/opinion\/nota\/undefined\" class=\"infobae\/opinion\/nota\/undefined arcad\"><\/div>\n<\/div>\n<\/div>\n<p class=\"paragraph\" data-mrf-recirculation=\"Links inline\"><mark class=\"hl_yellow\">Los importadores de penes de madera dejaron sin instrucci\u00f3n a millones de chicos durante un a\u00f1o. Militaron el cierre de escuelas en paralelo con la ESI, la nueva panacea.<\/mark>\u00a0La educaci\u00f3n sexual existe por Ley desde el 2006 y se aplica. \u00bfCu\u00e1nto tiempo es necesario dedicarle? Dos charlas en el a\u00f1o con toda la furia alcanzan y sobran para explicar c\u00f3mo funciona el sistema reproductivo y c\u00f3mo se evita que funcione, eso que tanto les preocupa. Pero no,\u00a0<b>la ESI es el nuevo berret\u00edn, la puerta por la cual quieren colar la naturalizaci\u00f3n del aborto y la negaci\u00f3n de toda diferencia biol\u00f3gica\u00a0<\/b>entre los sexos. Los chicos tienen que recibirse de sex\u00f3logos. Leer, escribir, sumar y restar: ya veremos.<\/p>\n<p class=\"paragraph\" data-mrf-recirculation=\"Links inline\">El candidato del kirchnerismo porte\u00f1o de entonces <b>-consciente de que es dif\u00edcil prometer trabajo con una administraci\u00f3n a la que no se le cae una idea sobre c\u00f3mo reactivar la econom\u00eda<\/b>&#8211; se puso a hablar del \u201cgoce\u201d, el \u201cconsumo recreativo\u201d de marihuana y otras frivolidades, mientras los argentinos velaban a los seres queridos que no pudieron despedir.<\/p>\n<p class=\"paragraph\" data-mrf-recirculation=\"Links inline\"><mark class=\"hl_yellow\">Con soberbia infinita, el oficialismo K de aquellos a\u00f1os, crey\u00f3 que pod\u00eda venderles a los argentinos una realidad paralela. Una en la cual los problemas del pa\u00eds se resolv\u00edan con gesti\u00f3n menstrual, documentos no binarios y penes de madera.<\/mark><\/p>\n<p class=\"paragraph\" data-mrf-recirculation=\"Links inline\">Una soberbia que, m\u00e1s all\u00e1 de la escena montada en la noche electoral, con Alberto Fern\u00e1ndez como \u00fanico orador, no fue exclusividad suya ni mucho menos. Recordemos que<a href=\"https:\/\/www.infobae.com\/opinion\/2021\/02\/21\/la-campora-te-vacuna-no-son-errores-ni-travesuras-es-un-plan\/\" target=\"_blank\" rel=\"noopener noreferrer\" data-mrf-link=\"https:\/\/www.infobae.com\/opinion\/2021\/02\/21\/la-campora-te-vacuna-no-son-errores-ni-travesuras-es-un-plan\/\">\u00a0la foto fatal de Olivos estuvo precedida por la campa\u00f1a\u00a0<b>\u201cLa C\u00e1mpora te vacuna\u201d,<\/b><\/a><b>\u00a0<\/b>es decir, el intento de esa agrupaci\u00f3n por apropiarse partidariamente de una pol\u00edtica que s\u00f3lo debe ser p\u00fablica, de Estado, y adem\u00e1s acompa\u00f1ada, como m\u00fasica de fondo, por los discursos de\u00a0<b>los principales referentes del cristinismo -M\u00e1ximo Kirchner y Axel Kicillof- que fatigaron los o\u00eddos con chicanas, acusaciones y pases de factura<\/b>\u00a0y, nunca, jam\u00e1s, con un sesgo de cercan\u00eda, empat\u00eda o humildad.<\/p>\n<div class=\"visual__image\"><img loading=\"lazy\" decoding=\"async\" class=\"\" src=\"https:\/\/www.infobae.com\/new-resizer\/WcTbyQnsvmRjT70trkaDCT7Xzjc=\/420x236\/filters:format(webp):quality(85)\/cloudfront-us-east-1.images.arcpublishing.com\/infobae\/W23PRWXUKFCJFNROPE7V7F4HYA.jpg%20420w\" sizes=\"auto, (min-width: 1560px) 856px, (min-width: 1000px) calc(74.63vw - 293px), (min-width: 780px) calc(100vw - 376px), (min-width: 580px) calc(100vw - 32px), 100vw\" srcset=\"https:\/\/www.infobae.com\/new-resizer\/WcTbyQnsvmRjT70trkaDCT7Xzjc=\/420x236\/filters:format(webp):quality(85)\/cloudfront-us-east-1.images.arcpublishing.com\/infobae\/W23PRWXUKFCJFNROPE7V7F4HYA.jpg 420w,https:\/\/www.infobae.com\/new-resizer\/WpHb_v3DKsFphiI-8gmIaqz-il4=\/768x432\/filters:format(webp):quality(85)\/cloudfront-us-east-1.images.arcpublishing.com\/infobae\/W23PRWXUKFCJFNROPE7V7F4HYA.jpg 768w,https:\/\/www.infobae.com\/new-resizer\/K4QrSdZHKZ3Yl0PYYk0sXF6ZIHI=\/992x558\/filters:format(webp):quality(85)\/cloudfront-us-east-1.images.arcpublishing.com\/infobae\/W23PRWXUKFCJFNROPE7V7F4HYA.jpg 992w,https:\/\/www.infobae.com\/new-resizer\/x_2Irs705ZH7nxdyFSO9T8F0SHg=\/1200x675\/filters:format(webp):quality(85)\/cloudfront-us-east-1.images.arcpublishing.com\/infobae\/W23PRWXUKFCJFNROPE7V7F4HYA.jpg 1200w,https:\/\/www.infobae.com\/new-resizer\/3bX8cHMbRlG91of9iRWKn7m0bdw=\/1440x810\/filters:format(webp):quality(85)\/cloudfront-us-east-1.images.arcpublishing.com\/infobae\/W23PRWXUKFCJFNROPE7V7F4HYA.jpg 1440w\" alt=\"Axel Kicillof, Cristina y M\u00e1ximo Kirchner\" width=\"1920\" height=\"1080\" data-src=\"https:\/\/www.infobae.com\/new-resizer\/WcTbyQnsvmRjT70trkaDCT7Xzjc=\/420x236\/filters:format(webp):quality(85)\/cloudfront-us-east-1.images.arcpublishing.com\/infobae\/W23PRWXUKFCJFNROPE7V7F4HYA.jpg 420w\" \/>\u00a0 \u00a0 \u00a0\u00a0<em>\u00a0 \u00a0 \u00a0 \u00a0 \u00a0 \u00a0 \u00a0 \u00a0 Kicillof, Cristina y M\u00e1ximo.\u00a0 \u00a0 \u00a0<\/em><\/div>\n<div><\/div>\n<p class=\"paragraph\" data-mrf-recirculation=\"Links inline\">A fines del a\u00f1o pasado, el Presidente, traicionando promesas hechas,<b>\u00a0forz\u00f3 la legalizaci\u00f3n del aborto,\u00a0<\/b>para colmo con\u00a0<b>un proyecto bestial redactado por su amiga Vilma Ibarra<\/b>\u00a0que no fija l\u00edmite temporal para terminar con la vida de un ser humano en gestaci\u00f3n, como lo demuestra el caso que se ventila en la Justicia en Salta de\u00a0<b>un feto de seis meses que bien podr\u00eda configurar infanticidio.<\/b><\/p>\n<p class=\"paragraph\" data-mrf-recirculation=\"Links inline\">Alberto Fern\u00e1ndez fue testigo del debate de 2018;\u00a0<b>sab\u00eda muy bien que los argentinos mayoritariamente est\u00e1n en contra de la legalizaci\u00f3n del aborto.<\/b>\u00a0Por eso el proyecto fue rechazado. De hecho,\u00a0<b>en 2020, tuvo que violentar la conciencia de varios gobernadores y senadores\u00a0<\/b>para que se aprobara.<\/p>\n<p class=\"paragraph\" data-mrf-recirculation=\"Links inline\">Es decir, que su berret\u00edn con el g\u00e9nero, la ESI, lo no binario, la falsa brecha salarial y el aborto<b>\u00a0tambi\u00e9n configura una traici\u00f3n a buena parte de su fuerza\u00a0<\/b>o, dicho de otro modo, no es representativa del peronismo en su conjunto aunque muchos est\u00e9n acobardados y no defiendan su doctrina ni su historia.<\/p>\n<p class=\"paragraph\" data-mrf-recirculation=\"Links inline\">Entre los opositores, sucede lo mismo.\u00a0<b>Esa agenda est\u00e1 lejos de despertar la unanimidad en Juntos por el Cambio.<\/b><\/p>\n<div class=\"visual__image\"><img loading=\"lazy\" decoding=\"async\" class=\"\" src=\"https:\/\/www.infobae.com\/new-resizer\/bUm9Yp7bCelN8ARXYBbcGbSCH2Y=\/420x280\/filters:format(webp):quality(85)\/cloudfront-us-east-1.images.arcpublishing.com\/infobae\/HVUCOREZWVCRPGYMSZGCJEHOEE.jpg%20420w\" sizes=\"auto, (min-width: 1560px) 856px, (min-width: 1000px) calc(74.63vw - 293px), (min-width: 780px) calc(100vw - 376px), (min-width: 580px) calc(100vw - 32px), 100vw\" srcset=\"https:\/\/www.infobae.com\/new-resizer\/bUm9Yp7bCelN8ARXYBbcGbSCH2Y=\/420x280\/filters:format(webp):quality(85)\/cloudfront-us-east-1.images.arcpublishing.com\/infobae\/HVUCOREZWVCRPGYMSZGCJEHOEE.jpg 420w,https:\/\/www.infobae.com\/new-resizer\/FNdfgggUJ4lpXN8nigRn6SZHr1U=\/768x512\/filters:format(webp):quality(85)\/cloudfront-us-east-1.images.arcpublishing.com\/infobae\/HVUCOREZWVCRPGYMSZGCJEHOEE.jpg 768w,https:\/\/www.infobae.com\/new-resizer\/f1L2ABYueQVm878x2eV8kYaiJaU=\/992x661\/filters:format(webp):quality(85)\/cloudfront-us-east-1.images.arcpublishing.com\/infobae\/HVUCOREZWVCRPGYMSZGCJEHOEE.jpg 992w,https:\/\/www.infobae.com\/new-resizer\/pK1UnhM-7Y5dkNDD75aNERjbMZQ=\/1200x800\/filters:format(webp):quality(85)\/cloudfront-us-east-1.images.arcpublishing.com\/infobae\/HVUCOREZWVCRPGYMSZGCJEHOEE.jpg 1200w,https:\/\/www.infobae.com\/new-resizer\/Jw3i8nlddtFmhvx5p72pOkIZpjk=\/1440x960\/filters:format(webp):quality(85)\/cloudfront-us-east-1.images.arcpublishing.com\/infobae\/HVUCOREZWVCRPGYMSZGCJEHOEE.jpg 1440w\" alt=\"Vilma Ibarra, Secretaria Legal y T\u00e9cnica, en el acto de promulgaci\u00f3n de la Ley de aborto de la que es autora (Franco Fafasuli)\" width=\"1920\" height=\"1280\" data-src=\"https:\/\/www.infobae.com\/new-resizer\/bUm9Yp7bCelN8ARXYBbcGbSCH2Y=\/420x280\/filters:format(webp):quality(85)\/cloudfront-us-east-1.images.arcpublishing.com\/infobae\/HVUCOREZWVCRPGYMSZGCJEHOEE.jpg 420w\" \/><em>La en aquellos a\u00f1os Vilma Ibarra, Secretaria Legal y T\u00e9cnica, en el acto de promulgaci\u00f3n de la Ley de aborto de la que fue<\/em><em> autora (foto Franco Fafasuli)<\/em><\/div>\n<div><\/div>\n<p class=\"paragraph\" data-mrf-recirculation=\"Links inline\">Por eso, m\u00e1s all\u00e1 de la meritoria defensa de la vida que hace cierta militancia,\u00a0<b>antes que un partido celeste lo eficaz es dar la batalla en el seno de las grandes corrientes<\/b>, porque en ellas la opini\u00f3n est\u00e1 dividida y lejos de ser mayoritaria en el sentido que cree Alberto Fern\u00e1ndez.<\/p>\n<p class=\"paragraph\" data-mrf-recirculation=\"Links inline\">Las distintas listas de precandidatos opositores no hicieron eje en la perspectiva de g\u00e9nero y la agenda verde en general -con excepci\u00f3n de la izquierda anticapitalista que no tiene otro programa m\u00e1s que ese-; es de esperar entonces\u00a0<b>que los principales referentes de los partidos favorecidos en esta elecci\u00f3n primaria tomen nota: la inmensa mayor\u00eda de los argentinos no son fr\u00edvolos, relativistas ni superficiales.<\/b>\u00a0Su imaginaci\u00f3n, sus sue\u00f1os y sus esperanzas son profundos y hacen a la esencia de la vida:<b>\u00a0la familia, el trabajo, el esfuerzo, el estudio, las realizaciones, la dignidad.<\/b><\/p>\n<p class=\"paragraph\" data-mrf-recirculation=\"Links inline\">\n<\/div>\n<\/article>\n<\/section>\n","protected":false},"excerpt":{"rendered":"<p>El berret\u00edn feminista, y \u00faltimamente no binario, de la gesti\u00f3n kirchnerista, sumado al discurso del \u201cgoce\u201d y del \u201cfumo\u201d en plena crisis, no le dio r\u00e9ditos al gobierno en 2021. Oficialismo -y oposici\u00f3n- deber\u00edan tomar nota: no es esa la agenda de los argentinos. Ac\u00e1 la nota de Claudia Peir\u00f3 en Infobae.com publicada en 2021. [&hellip;]<\/p>\n","protected":false},"author":3,"featured_media":26331,"comment_status":"open","ping_status":"open","sticky":false,"template":"","format":"standard","meta":{"footnotes":"","jetpack_publicize_message":"","jetpack_publicize_feature_enabled":true,"jetpack_social_post_already_shared":true,"jetpack_social_options":{"image_generator_settings":{"template":"highway","default_image_id":0,"font":"","enabled":false},"version":2}},"categories":[17],"tags":[2657],"class_list":["post-26329","post","type-post","status-publish","format-standard","has-post-thumbnail","hentry","category-politica","tag-alberto-fernandez"],"jetpack_publicize_connections":[],"jetpack_featured_media_url":"https:\/\/revistaepocadigital.com.ar\/wp-content\/uploads\/2024\/08\/BERENXQP3FGWFF2A6BB36JPRJE.avif","jetpack_likes_enabled":true,"_links":{"self":[{"href":"https:\/\/revistaepocadigital.com.ar\/index.php?rest_route=\/wp\/v2\/posts\/26329","targetHints":{"allow":["GET"]}}],"collection":[{"href":"https:\/\/revistaepocadigital.com.ar\/index.php?rest_route=\/wp\/v2\/posts"}],"about":[{"href":"https:\/\/revistaepocadigital.com.ar\/index.php?rest_route=\/wp\/v2\/types\/post"}],"author":[{"embeddable":true,"href":"https:\/\/revistaepocadigital.com.ar\/index.php?rest_route=\/wp\/v2\/users\/3"}],"replies":[{"embeddable":true,"href":"https:\/\/revistaepocadigital.com.ar\/index.php?rest_route=%2Fwp%2Fv2%2Fcomments&post=26329"}],"version-history":[{"count":0,"href":"https:\/\/revistaepocadigital.com.ar\/index.php?rest_route=\/wp\/v2\/posts\/26329\/revisions"}],"wp:featuredmedia":[{"embeddable":true,"href":"https:\/\/revistaepocadigital.com.ar\/index.php?rest_route=\/wp\/v2\/media\/26331"}],"wp:attachment":[{"href":"https:\/\/revistaepocadigital.com.ar\/index.php?rest_route=%2Fwp%2Fv2%2Fmedia&parent=26329"}],"wp:term":[{"taxonomy":"category","embeddable":true,"href":"https:\/\/revistaepocadigital.com.ar\/index.php?rest_route=%2Fwp%2Fv2%2Fcategories&post=26329"},{"taxonomy":"post_tag","embeddable":true,"href":"https:\/\/revistaepocadigital.com.ar\/index.php?rest_route=%2Fwp%2Fv2%2Ftags&post=26329"}],"curies":[{"name":"wp","href":"https:\/\/api.w.org\/{rel}","templated":true}]}}