{"id":2633,"date":"2019-06-17T16:39:56","date_gmt":"2019-06-17T19:39:56","guid":{"rendered":"https:\/\/revistaepocadigital.com.ar\/?p=2633"},"modified":"2019-06-17T18:54:31","modified_gmt":"2019-06-17T21:54:31","slug":"los-agroquimicos-levantaron-la-temperatura-en-el-concejo-deliberante","status":"publish","type":"post","link":"https:\/\/revistaepocadigital.com.ar\/?p=2633","title":{"rendered":"Los agroqu\u00edmicos levantaron la temperatura en el Concejo Deliberante"},"content":{"rendered":"<div id=\"js_a\" class=\"_5pbx userContent _3576\" data-testid=\"post_message\" data-ft=\"{&quot;tn&quot;:&quot;K&quot;}\">\n<p><strong>LAS DURAS REFLEXIONES DEL CONCEJAL MARTIN FAURE, ACERCA DE LA RECIENTE SESI\u00d3N.<!--more--><\/strong><\/p>\n<p><em>&#8220;Fue una sesi\u00f3n caliente la del pasado martes en el Concejo Deliberante, donde vecinos y vecinas preocupados por la salud en los barrios San Jos\u00e9 y Esperanza participaron de la presentaci\u00f3n de proyectos relacionados con la regulaci\u00f3n de agroqu\u00edmicos.<\/em><\/p>\n<p><em>Es real y necesario ocuparse de estas cuestiones que tienen que ver con la salud p\u00fablica en nuestro distrito, m\u00e1s cuando el \u00edndice de enfermedades es notablemente mayor dada la poblaci\u00f3n de esos barrios de Exaltaci\u00f3n.<\/em><\/p>\n<p><em>Ninguno de los que conformamos esta comunidad puede relativizar est\u00e1 cuesti\u00f3n, ni ninguno de los miembros este Cuerpo Deliberativo va a desconocer esta problem\u00e1tica genuina y actuar para conocer sus causas. <\/em><em>Y lo digo para que entiendan los militantes de la mentira que quieren instalar. NINGUNO de los que est\u00e1bamos all\u00ed mira para otro lado ante estos temas.<\/em><\/p>\n<p><em>Pero lo que ocurri\u00f3 est\u00e1 lejos de ser un inter\u00e9s genuino cuando pretende ser llevado a la contienda electoral por un grupo pol\u00edtico desesperado por atraer esos temas, con una mirada mezquina de cara a las pr\u00f3ximas elecciones.<\/em><\/p>\n<\/div>\n<figure id=\"attachment_2639\" aria-describedby=\"caption-attachment-2639\" style=\"width: 960px\" class=\"wp-caption aligncenter\"><img loading=\"lazy\" decoding=\"async\" class=\"size-full wp-image-2639\" src=\"https:\/\/revistaepocadigital.com.ar\/wp-content\/uploads\/2019\/06\/faure-m.jpg\" alt=\"\" width=\"960\" height=\"640\" srcset=\"https:\/\/revistaepocadigital.com.ar\/wp-content\/uploads\/2019\/06\/faure-m.jpg 960w, https:\/\/revistaepocadigital.com.ar\/wp-content\/uploads\/2019\/06\/faure-m-300x200.jpg 300w, https:\/\/revistaepocadigital.com.ar\/wp-content\/uploads\/2019\/06\/faure-m-768x512.jpg 768w, https:\/\/revistaepocadigital.com.ar\/wp-content\/uploads\/2019\/06\/faure-m-696x464.jpg 696w, https:\/\/revistaepocadigital.com.ar\/wp-content\/uploads\/2019\/06\/faure-m-630x420.jpg 630w\" sizes=\"auto, (max-width: 960px) 100vw, 960px\" \/><figcaption id=\"caption-attachment-2639\" class=\"wp-caption-text\">Los vecinos de los barrios hicieron escuchar su l\u00f3gica preocupaci\u00f3n.<\/figcaption><\/figure>\n<div id=\"js_a\" class=\"_5pbx userContent _3576\" data-testid=\"post_message\" data-ft=\"{&quot;tn&quot;:&quot;K&quot;}\">\n<p><em>Porque frente a la imposibilidad de establecer alg\u00fan di\u00e1logo entre los miembros del Cuerpo se opt\u00f3 a la estrategia de proponer el tratamiento de un proyecto a los empujones, de la forma soberbia e irresponsable a la que nos tiene acostumbrados la concejal Andrea Melo, que cree que el r\u00e9dito pol\u00edtico es el \u00fanico objetivo a obtener, tal como lo expresaban algunos vecinos que ped\u00edan que desistiera de su actitud. Porque el trabajo legislativo enriquece, promueve miradas orientadas al bien com\u00fan, muy lejos de la mezquindad de sectores obsesionados y desesperados ante un proceso electoral cuyos resultados son inevitables.<\/em><\/p>\n<p><em>Y lo digo como vecino de siempre de estos pagos. Porque toda mi vida he caminado los rincones de Exaltaci\u00f3n con el inter\u00e9s puesto en dar una mano a quien m\u00e1s lo necesita, tratando de promover ideas que construyan una Exaltaci\u00f3n mejor, con desarrollo, generaci\u00f3n de empleo, oportunidades para los j\u00f3venes, mayores niveles de igualdad para todos, dejando de lado el agravio como herramienta y la soberbia como costumbre al momento de construir algo distinto.<\/em><\/p>\n<p><em>El martes (11-6) nos llamaron &#8220;asesinos&#8221;, &#8220;genocidas&#8221;, c\u00f3mplices de no s\u00e9 qu\u00e9 cosa, desconociendo, por ignorancia o maldad, la historia y los pasos dados todo este tiempo de quien se mete en pol\u00edtica para transformar.<\/em><br \/>\n<em>Impunemente<\/em> (tal como se observa en el video)<em> sufrimos aprietes de un sector que quer\u00eda llevar el reclamo y la preocupaci\u00f3n genuina a un terreno sucio, embarrado de malas intenciones, que en \u00faltima instancia desvirtuaron el pedido de los vecinos y vecinas. Pero no eran todos, ya que se o\u00edan veces en el recinto que le ped\u00edan a la concejal y su grupo que desistan de su actitud frente a la posibilidad de no poder tratar el proyecto en comisi\u00f3n parlamentaria.\u00a0 <\/em><em>Pero pudo m\u00e1s la chicana de la mala pol\u00edtica y la desesperaci\u00f3n que el reclamo, acompa\u00f1ado en su contenido pero que chocaba con la prepotencia y soberbia de qui\u00e9n lo presentaba.<\/em><\/p>\n<p><em>De m\u00e1s est\u00e1 decir que formo parte del Partido Justicialista desde que nac\u00ed, cuyas convicciones me formaron, no s\u00f3lo para la pol\u00edtica sino tambi\u00e9n como forma de vida. De m\u00e1s est\u00e1 decir que las publicaciones que me vinculan al partido vecinal Defensa Comunal tienen el s\u00f3lo objetivo de disputar los s\u00edmbolos que est\u00e1n perdiendo, que saben que van a perder por la manera en que plantean la lucha. Porque las convicciones y lo hecho no desaparecen con publicaciones pagadas ni con manipulaciones mentirosas de la opini\u00f3n p\u00fablica. Pero son zonceras como dec\u00eda el gran Jauretche , que se caen por su propio peso y por el peso de la verdad. Y se nota mucho.<\/em><\/p>\n<p><em>Doy clases, camino por las calles de mi pueblo, saludo como siempre, respeto a quien piense distinto, y eso no me hace mejor. Nos hacemos mejores y m\u00e1s valiosos para el de al lado cuando creemos en la pol\u00edtica como herramienta para la felicidad de nuestros semejantes. <\/em><br \/>\n<em>Quien no lo vea as\u00ed y la use como forma de instalar m\u00e1s mentiras que se dedique a otra cosa, pero no a esto. <\/em><em>Y a seguir poniendo el cuerpo, que hay mucho por hacer&#8221;.<\/em><\/p>\n<\/div>\n<p>&nbsp;<\/p>\n","protected":false},"excerpt":{"rendered":"<p>LAS DURAS REFLEXIONES DEL CONCEJAL MARTIN FAURE, ACERCA DE LA RECIENTE SESI\u00d3N.<\/p>\n","protected":false},"author":3,"featured_media":2637,"comment_status":"open","ping_status":"open","sticky":false,"template":"","format":"standard","meta":{"footnotes":"","jetpack_publicize_message":"","jetpack_publicize_feature_enabled":true,"jetpack_social_post_already_shared":false,"jetpack_social_options":{"image_generator_settings":{"template":"highway","default_image_id":0,"font":"","enabled":false},"version":2}},"categories":[13],"tags":[302,379],"class_list":["post-2633","post","type-post","status-publish","format-standard","has-post-thumbnail","hentry","category-interes-general","tag-agroquimicos","tag-hcd"],"jetpack_publicize_connections":[],"jetpack_featured_media_url":"https:\/\/revistaepocadigital.com.ar\/wp-content\/uploads\/2019\/06\/faure-martin-fb19.jpg","jetpack_likes_enabled":true,"_links":{"self":[{"href":"https:\/\/revistaepocadigital.com.ar\/index.php?rest_route=\/wp\/v2\/posts\/2633","targetHints":{"allow":["GET"]}}],"collection":[{"href":"https:\/\/revistaepocadigital.com.ar\/index.php?rest_route=\/wp\/v2\/posts"}],"about":[{"href":"https:\/\/revistaepocadigital.com.ar\/index.php?rest_route=\/wp\/v2\/types\/post"}],"author":[{"embeddable":true,"href":"https:\/\/revistaepocadigital.com.ar\/index.php?rest_route=\/wp\/v2\/users\/3"}],"replies":[{"embeddable":true,"href":"https:\/\/revistaepocadigital.com.ar\/index.php?rest_route=%2Fwp%2Fv2%2Fcomments&post=2633"}],"version-history":[{"count":0,"href":"https:\/\/revistaepocadigital.com.ar\/index.php?rest_route=\/wp\/v2\/posts\/2633\/revisions"}],"wp:featuredmedia":[{"embeddable":true,"href":"https:\/\/revistaepocadigital.com.ar\/index.php?rest_route=\/wp\/v2\/media\/2637"}],"wp:attachment":[{"href":"https:\/\/revistaepocadigital.com.ar\/index.php?rest_route=%2Fwp%2Fv2%2Fmedia&parent=2633"}],"wp:term":[{"taxonomy":"category","embeddable":true,"href":"https:\/\/revistaepocadigital.com.ar\/index.php?rest_route=%2Fwp%2Fv2%2Fcategories&post=2633"},{"taxonomy":"post_tag","embeddable":true,"href":"https:\/\/revistaepocadigital.com.ar\/index.php?rest_route=%2Fwp%2Fv2%2Ftags&post=2633"}],"curies":[{"name":"wp","href":"https:\/\/api.w.org\/{rel}","templated":true}]}}