{"id":26343,"date":"2024-08-21T01:18:16","date_gmt":"2024-08-21T04:18:16","guid":{"rendered":"https:\/\/revistaepocadigital.com.ar\/?p=26343"},"modified":"2024-08-26T11:50:18","modified_gmt":"2024-08-26T14:50:18","slug":"protejamos-a-los-chicos","status":"publish","type":"post","link":"https:\/\/revistaepocadigital.com.ar\/?p=26343","title":{"rendered":"\u00a1PROTEJAMOS A LOS CHICOS! HOY M\u00c1S QUE NUNCA"},"content":{"rendered":"<div class=\"html-div xdj266r x11i5rnm xat24cr x1mh8g0r xexx8yu x4uap5 x18d9i69 xkhd6sd\">\n<div class=\"html-div xdj266r x11i5rnm xat24cr x1mh8g0r xexx8yu x4uap5 x18d9i69 xkhd6sd\" dir=\"auto\">\n<div id=\":r1ik:\" class=\"x1iorvi4 x1pi30zi x1l90r2v x1swvt13\" data-ad-comet-preview=\"message\" data-ad-preview=\"message\">\n<div class=\"x78zum5 xdt5ytf xz62fqu x16ldp7u\">\n<div class=\"xu06os2 x1ok221b\">\n<div dir=\"auto\"><strong>EN EL DISTRITO. IMPORTANTE CAPACITACI\u00d3N.<!--more--><\/strong><\/div>\n<div dir=\"auto\"><\/div>\n<div class=\"x11i5rnm xat24cr x1mh8g0r x1vvkbs xtlvy1s x126k92a\">\n<div dir=\"auto\">En el marco de la Ley 15.348, se llev\u00f3 a cabo la primera capacitaci\u00f3n sobre Promoci\u00f3n del Buen Trato en el distrito, con el objetivo de garantizar una infancia libre de violencia y promover el bienestar integral de ni\u00f1as, ni\u00f1os y adolescentes.<\/div>\n<div dir=\"auto\"><\/div>\n<\/div>\n<div class=\"x11i5rnm xat24cr x1mh8g0r x1vvkbs xtlvy1s x126k92a\">\n<div dir=\"auto\">La iniciativa, impulsada por el Servicio Zonal de Promoci\u00f3n y Protecci\u00f3n de los Derechos del Ni\u00f1o, coordinado por Bel\u00e9n Ledesma, se desarroll\u00f3 en las instalaciones de La Cosmopolita de Capilla del Se\u00f1or, con el apoyo del intendente Diego Nanni y su gabinete.<\/div>\n<div dir=\"auto\"><\/div>\n<\/div>\n<div class=\"x11i5rnm xat24cr x1mh8g0r x1vvkbs xtlvy1s x126k92a\">\n<div dir=\"auto\">A trav\u00e9s de este taller presencial, se busc\u00f3 sensibilizar a los participantes sobre las distintas formas de violencia y maltrato infantil, promoviendo la reflexi\u00f3n sobre las pr\u00e1cticas cotidianas y la importancia de construir relaciones basadas en el respeto y el cuidado.<\/div>\n<div dir=\"auto\"><\/div>\n<\/div>\n<div class=\"x11i5rnm xat24cr x1mh8g0r x1vvkbs xtlvy1s x126k92a\">\n<div dir=\"auto\">Profesionales y referentes de diversas instituciones estuvieron presentes para reflexionar sobre la importancia de promover el buen trato en todos los \u00e1mbitos y construir una comunidad m\u00e1s protectora.<\/div>\n<\/div>\n<\/div>\n<\/div>\n<\/div>\n<\/div>\n<div id=\":r1il:\" class=\"html-div xdj266r x11i5rnm xat24cr x1mh8g0r xexx8yu x4uap5 x18d9i69 xkhd6sd x1n2onr6\">\n<div class=\"html-div xdj266r x11i5rnm xat24cr x1mh8g0r xexx8yu x4uap5 x18d9i69 xkhd6sd x1n2onr6\">\n<div class=\"html-div xdj266r x11i5rnm xat24cr x1mh8g0r xexx8yu x4uap5 x18d9i69 xkhd6sd\">\n<div class=\"x1n2onr6\">\n<div class=\"x1n2onr6\">\n<div class=\"x6ikm8r x10wlt62 x10l6tqk\">\n<div class=\"html-div xdj266r x11i5rnm xat24cr x1mh8g0r xexx8yu x4uap5 x18d9i69 xkhd6sd x6ikm8r x10wlt62\">\n<div class=\"xqtp20y x6ikm8r x10wlt62 x1n2onr6\">\n<div class=\"x10l6tqk x13vifvy\"><img decoding=\"async\" class=\"xz74otr x1ey2m1c xds687c x5yr21d x10l6tqk x17qophe x13vifvy xh8yej3\" src=\"https:\/\/scontent-eze1-1.xx.fbcdn.net\/v\/t39.30808-6\/456377361_965304755609656_1407410009861562860_n.jpg?stp=cp6_dst-jpg_s600x600&amp;_nc_cat=100&amp;ccb=1-7&amp;_nc_sid=127cfc&amp;_nc_eui2=AeFvsOFz8gPRlnQZEOFWGlOuAIBqNIJzsbQAgGo0gnOxtExRqfP86P4naS3OBEVK__4&amp;_nc_ohc=xO9tAN9oWSkQ7kNvgFThWP_&amp;_nc_ht=scontent-eze1-1.xx&amp;oh=00_AYDxjScAw_iv9CnoZyFVs2-qQR04VxW_n5xV_q8_z7h5Ew&amp;oe=66CDF142\" alt=\"\" \/><\/div>\n<\/div>\n<div class=\"html-div xdj266r x11i5rnm xat24cr x1mh8g0r xexx8yu x4uap5 x18d9i69 xkhd6sd x1nb4dca x1q0q8m5 xso031l x1exxf4d x13fuv20 x178xt8z x1ey2m1c x9f619 xds687c x47corl x10l6tqk x17qophe x13vifvy\"><\/div>\n<\/div>\n<div class=\"x1ey2m1c xds687c x17qophe xg01cxk x47corl x10l6tqk x13vifvy x1ebt8du x19991ni x1dhq9h x1o1ewxj x3x9cwd x1e5q0jg x13rtm0m\" role=\"none\" data-visualcompletion=\"ignore\"><\/div>\n<\/div>\n<div class=\"x6ikm8r x10wlt62 x10l6tqk\">\n<div class=\"html-div xdj266r x11i5rnm xat24cr x1mh8g0r xexx8yu x4uap5 x18d9i69 xkhd6sd x6ikm8r x10wlt62\">\n<div class=\"xqtp20y x6ikm8r x10wlt62 x1n2onr6\">\n<div class=\"x10l6tqk x13vifvy\"><img decoding=\"async\" class=\"xz74otr x1ey2m1c xds687c x5yr21d x10l6tqk x17qophe x13vifvy xh8yej3\" src=\"https:\/\/scontent-eze1-1.xx.fbcdn.net\/v\/t39.30808-6\/456403287_965304688942996_4309794683858595729_n.jpg?stp=cp6_dst-jpg_s600x600&amp;_nc_cat=108&amp;ccb=1-7&amp;_nc_sid=127cfc&amp;_nc_eui2=AeFYrxAqVzSOmSNh3QM8m2XUC46LSaf258ELjotJp_bnwSSdrE1yeXXHV-xz1DYrQIk&amp;_nc_ohc=64WwoUlzahcQ7kNvgFe6nKk&amp;_nc_ht=scontent-eze1-1.xx&amp;oh=00_AYC9_R6F48q2jpuItwKBbe6LhjPbAqRehd87Bgr0c2KWZw&amp;oe=66CDEB75\" alt=\"\" \/><\/div>\n<\/div>\n<div class=\"html-div xdj266r x11i5rnm xat24cr x1mh8g0r xexx8yu x4uap5 x18d9i69 xkhd6sd x1nb4dca x1q0q8m5 xso031l x1exxf4d x13fuv20 x178xt8z x1ey2m1c x9f619 xds687c x47corl x10l6tqk x17qophe x13vifvy\"><\/div>\n<\/div>\n<div class=\"x1ey2m1c xds687c x17qophe xg01cxk x47corl x10l6tqk x13vifvy x1ebt8du x19991ni x1dhq9h x1o1ewxj x3x9cwd x1e5q0jg x13rtm0m\" role=\"none\" data-visualcompletion=\"ignore\"><\/div>\n<\/div>\n<div class=\"x6ikm8r x10wlt62 x10l6tqk\">\n<div class=\"html-div xdj266r x11i5rnm xat24cr x1mh8g0r xexx8yu x4uap5 x18d9i69 xkhd6sd x6ikm8r x10wlt62\">\n<div class=\"xqtp20y x6ikm8r x10wlt62 x1n2onr6\">\n<div class=\"x10l6tqk x13vifvy\"><img decoding=\"async\" class=\"xz74otr x1ey2m1c xds687c x5yr21d x10l6tqk x17qophe x13vifvy xh8yej3\" src=\"https:\/\/scontent-eze1-1.xx.fbcdn.net\/v\/t39.30808-6\/456325935_965304735609658_4487859304121994079_n.jpg?stp=cp6_dst-jpg_s600x600&amp;_nc_cat=105&amp;ccb=1-7&amp;_nc_sid=127cfc&amp;_nc_eui2=AeFvTUhQEhBcGY1uvvVdsEifAKbf4pr1t0UApt_imvW3RQ_EkAnz-IXyhAmbj28R98c&amp;_nc_ohc=CjntvJtaVzAQ7kNvgG2ZeoK&amp;_nc_ht=scontent-eze1-1.xx&amp;oh=00_AYBXETqZRQ9QZtWP0hfU2B0Ah8yzAkdZZjm-DNyOp2Kevg&amp;oe=66CDE998\" alt=\"\" \/><\/div>\n<\/div>\n<div class=\"html-div xdj266r x11i5rnm xat24cr x1mh8g0r xexx8yu x4uap5 x18d9i69 xkhd6sd x1nb4dca x1q0q8m5 xso031l x1exxf4d x13fuv20 x178xt8z x1ey2m1c x9f619 xds687c x47corl x10l6tqk x17qophe x13vifvy\"><\/div>\n<\/div>\n<\/div>\n<\/div>\n<\/div>\n<\/div>\n<\/div>\n<\/div>\n<\/div>\n","protected":false},"excerpt":{"rendered":"<p>EN EL DISTRITO. IMPORTANTE CAPACITACI\u00d3N.<\/p>\n","protected":false},"author":3,"featured_media":26345,"comment_status":"open","ping_status":"open","sticky":false,"template":"","format":"standard","meta":{"footnotes":"","jetpack_publicize_message":"","jetpack_publicize_feature_enabled":true,"jetpack_social_post_already_shared":true,"jetpack_social_options":{"image_generator_settings":{"template":"highway","default_image_id":0,"font":"","enabled":false},"version":2}},"categories":[13],"tags":[849,2847],"class_list":["post-26343","post","type-post","status-publish","format-standard","has-post-thumbnail","hentry","category-interes-general","tag-capacitacion","tag-proteccion-ninos"],"jetpack_publicize_connections":[],"jetpack_featured_media_url":"https:\/\/revistaepocadigital.com.ar\/wp-content\/uploads\/2024\/08\/capacit-nino.jpg","jetpack_likes_enabled":true,"_links":{"self":[{"href":"https:\/\/revistaepocadigital.com.ar\/index.php?rest_route=\/wp\/v2\/posts\/26343","targetHints":{"allow":["GET"]}}],"collection":[{"href":"https:\/\/revistaepocadigital.com.ar\/index.php?rest_route=\/wp\/v2\/posts"}],"about":[{"href":"https:\/\/revistaepocadigital.com.ar\/index.php?rest_route=\/wp\/v2\/types\/post"}],"author":[{"embeddable":true,"href":"https:\/\/revistaepocadigital.com.ar\/index.php?rest_route=\/wp\/v2\/users\/3"}],"replies":[{"embeddable":true,"href":"https:\/\/revistaepocadigital.com.ar\/index.php?rest_route=%2Fwp%2Fv2%2Fcomments&post=26343"}],"version-history":[{"count":0,"href":"https:\/\/revistaepocadigital.com.ar\/index.php?rest_route=\/wp\/v2\/posts\/26343\/revisions"}],"wp:featuredmedia":[{"embeddable":true,"href":"https:\/\/revistaepocadigital.com.ar\/index.php?rest_route=\/wp\/v2\/media\/26345"}],"wp:attachment":[{"href":"https:\/\/revistaepocadigital.com.ar\/index.php?rest_route=%2Fwp%2Fv2%2Fmedia&parent=26343"}],"wp:term":[{"taxonomy":"category","embeddable":true,"href":"https:\/\/revistaepocadigital.com.ar\/index.php?rest_route=%2Fwp%2Fv2%2Fcategories&post=26343"},{"taxonomy":"post_tag","embeddable":true,"href":"https:\/\/revistaepocadigital.com.ar\/index.php?rest_route=%2Fwp%2Fv2%2Ftags&post=26343"}],"curies":[{"name":"wp","href":"https:\/\/api.w.org\/{rel}","templated":true}]}}