{"id":26366,"date":"2024-08-26T02:27:59","date_gmt":"2024-08-26T05:27:59","guid":{"rendered":"https:\/\/revistaepocadigital.com.ar\/?p=26366"},"modified":"2024-08-26T02:33:14","modified_gmt":"2024-08-26T05:33:14","slug":"26366","status":"publish","type":"post","link":"https:\/\/revistaepocadigital.com.ar\/?p=26366","title":{"rendered":"CEPRAL. EL SERVICIO DE FIBRA \u00d3PTICA CONTIN\u00daA EXTENDI\u00c9NDOSE"},"content":{"rendered":"<div><strong>INFORMACI\u00d3N \u00daTIL Y DE INTER\u00c9S.<\/strong><\/div>\n<p><!--more--><\/p>\n<div><\/div>\n<div>\n<table class=\"yiv5822731381r3-o\" role=\"presentation\" border=\"0\" width=\"100%\" cellspacing=\"0\" cellpadding=\"0\" align=\"center\">\n<tbody>\n<tr>\n<td class=\"yiv5822731381r4-i\">\n<table role=\"presentation\" border=\"0\" width=\"100%\" cellspacing=\"0\" cellpadding=\"0\">\n<tbody>\n<tr>\n<th class=\"yiv5822731381r5-c\" valign=\"top\" width=\"100%\"><\/th>\n<\/tr>\n<\/tbody>\n<\/table>\n<\/td>\n<\/tr>\n<\/tbody>\n<\/table>\n<table class=\"yiv5822731381r3-o\" role=\"presentation\" border=\"0\" width=\"100%\" cellspacing=\"0\" cellpadding=\"0\" align=\"center\">\n<tbody>\n<tr>\n<td class=\"yiv5822731381r4-i\">\n<table role=\"presentation\" border=\"0\" width=\"100%\" cellspacing=\"0\" cellpadding=\"0\">\n<tbody>\n<tr>\n<th class=\"yiv5822731381r5-c\" valign=\"top\" width=\"100%\">\n<table class=\"yiv5822731381r7-o\" role=\"presentation\" border=\"0\" width=\"590\" cellspacing=\"0\" cellpadding=\"0\" align=\"center\">\n<tbody>\n<tr>\n<td class=\"yiv5822731381r8-i\"><img decoding=\"async\" src=\"https:\/\/ecp.yusercontent.com\/mail?url=https%3A%2F%2F41sau.img.a.d.sendibm1.com%2Fim%2Fsh%2F187Dv_zWVGA8.jpg%3Fu%3DWtVElij8PJZGcrw8TYlM3EPRBDVrJBlC&amp;t=1724646253&amp;ymreqid=a1e28384-e738-286e-1cae-220000017800&amp;sig=.GBeQczgP4oaa7Y58Imccg--~D\" width=\"590\" border=\"0\" \/><\/td>\n<\/tr>\n<\/tbody>\n<\/table>\n<\/th>\n<\/tr>\n<\/tbody>\n<\/table>\n<table class=\"yiv5822731381r7-o\" role=\"presentation\" border=\"0\" width=\"100%\" cellspacing=\"0\" cellpadding=\"0\" align=\"center\">\n<tbody>\n<tr>\n<td class=\"&quot;&lt;br\"><\/td>\n<\/tr>\n<tr>\n<td class=\"yiv5822731381r11-i yiv5822731381nl2go-default-textstyle\" valign=\"top\"><strong>USUARIOS Y VECINOS<\/strong><\/p>\n<p><strong>\u00a1En Contacto!<\/strong><\/p>\n<p><strong>Servicio El\u00e9ctrico:<\/strong><\/p>\n<p><strong>Medidores Inteligentes<\/strong>, CEPRAL cont\u00f3 acerca de una tecnolog\u00eda que viene implementando desde la etapa de desarrollo y prueba que comenz\u00f3 hace casi dos a\u00f1os y que <strong>implica una importante mejora tanto en lo referido a la calidad t\u00e9cnica del Servicio como en el seguimiento que pueden realizar los usuarios a trav\u00e9s de una App.<\/strong><\/p>\n<p>Se contin\u00faa con tareas de mantenimiento de las redes de Media Tensi\u00f3n en los diversos barrios, raz\u00f3n por la cual se informa a medida que son coordinadas las actividades que implican cortes programados.<\/p>\n<p>&nbsp;<\/p>\n<p><strong>Servicio de Telecomunicaciones:\u00a0<\/strong><\/p>\n<p><strong>Finaliz\u00f3 la obra del tendido de Fibra \u00d3ptica que cubre las necesidades de todo el barrio Parque Exaltaci\u00f3n. Se<\/strong> realizan<strong> altas diarias para brindar un Servicio de excelencia a todos los vecinos que se siguen inscribiendo.<\/strong><\/p>\n<p><strong>Siguen las tareas de tendido de la red de Fibra \u00d3ptica en el<\/strong>\u00a0<strong>Barrio Parque Parada Robles.\u00a0<\/strong>De esta manera\u00a0 se alcanza el 90% de la red de Telecomunicaciones con Fibra \u00d3ptica en toda la zona de concesi\u00f3n de CEPRAL.<\/p>\n<p>&nbsp;<\/p>\n<p><strong>IMPORTANTE:\u00a0<\/strong><strong>El 30 de Noviembre se dar\u00e1 de baja definitivamente al Servicio de Internet por ADSL (red de cobre) en toda la zona de concesi\u00f3n, debido a la imposibilidad de mantenerlo, por haber sido castigado durante los \u00faltimos a\u00f1os por la invasi\u00f3n de ardillas en la zona, como tambi\u00e9n a la no existencia de materiales para su reparaci\u00f3n.<\/strong><\/p>\n<p>&nbsp;<\/p>\n<p><strong>Temporada de Poda:<\/strong><\/p>\n<p>Fue reiterado el pedido a vecinos solicit\u00e1ndoles que por favor <strong>tomen los recaudos necesarios, trabajando con personal id\u00f3neo en sus podas domiciliarias, respetando la prohibici\u00f3n de acopiar la poda debajo de las zonas donde hay red de servicios.<\/strong><\/p>\n<p><strong>Por otra parte, es necesario tomar conciencia y realizar el mantenimiento de los \u00e1rboles que invaden las l\u00edneas de los servicios p\u00fablicos, para evitar el da\u00f1o que ocasionan y la interrupci\u00f3n de servicios.<\/strong><\/p>\n<p>El Consejo de Administraci\u00f3n de CEPRAL, se encuentra a disposici\u00f3n de los usuarios por todas las v\u00edas de comunicaci\u00f3n, ante cualquier inquietud que pueda surgir.<\/p>\n<p>&nbsp;<\/td>\n<\/tr>\n<\/tbody>\n<\/table>\n<table class=\"yiv5822731381r10-o\" role=\"presentation\" border=\"0\" width=\"100%\" cellspacing=\"0\" cellpadding=\"0\" align=\"left\">\n<tbody>\n<tr>\n<td class=\"yiv5822731381r12-i yiv5822731381nl2go-default-textstyle\" valign=\"top\">\n<div>\n<p>&nbsp;<\/p>\n<p>El hurto de energ\u00eda es un delito que \u00a0pone en riesgo la vida de los vecinos adem\u00e1s de ocasionar problemas en el servicio de los usuarios.<\/p>\n<p>&nbsp;<\/p>\n<\/div>\n<\/td>\n<\/tr>\n<\/tbody>\n<\/table>\n<table class=\"yiv5822731381r7-o\" role=\"presentation\" border=\"0\" width=\"550\" cellspacing=\"0\" cellpadding=\"0\" align=\"center\">\n<tbody>\n<tr>\n<td class=\"yiv5822731381r13-i\">\n<table role=\"presentation\" border=\"0\" width=\"100%\" cellspacing=\"0\" cellpadding=\"0\">\n<tbody>\n<tr>\n<td>\n<table class=\"yiv5822731381r13-i\" role=\"presentation\" border=\"0\" width=\"100%\" cellspacing=\"0\" cellpadding=\"0\">\n<tbody>\n<tr>\n<td><\/td>\n<\/tr>\n<\/tbody>\n<\/table>\n<\/td>\n<\/tr>\n<\/tbody>\n<\/table>\n<table class=\"yiv5822731381r10-o\" role=\"presentation\" border=\"0\" width=\"100%\" cellspacing=\"0\" cellpadding=\"0\" align=\"left\">\n<tbody>\n<tr>\n<td class=\"yiv5822731381r14-i yiv5822731381nl2go-default-textstyle\" valign=\"top\">\n<div>\n<p><strong>Hagamos un uso racional de la Energ\u00eda El\u00e9ctrica<\/strong><\/p>\n<ul>\n<li>Mantengamos el aire acondicionado a 24\u00b0<\/li>\n<li>Apagarlo en los ambientes cuando quedan desocupados<\/li>\n<li>Reemplazar las l\u00e1mparas comunes por artefactos led<\/li>\n<\/ul>\n<p><strong>\u00a0\u00a0<\/strong><\/p>\n<\/div>\n<\/td>\n<\/tr>\n<\/tbody>\n<\/table>\n<table class=\"yiv5822731381r7-o\" role=\"presentation\" border=\"0\" width=\"550\" cellspacing=\"0\" cellpadding=\"0\" align=\"center\">\n<tbody>\n<tr>\n<td class=\"yiv5822731381r15-i\"><img decoding=\"async\" src=\"https:\/\/ecp.yusercontent.com\/mail?url=https%3A%2F%2F41sau.img.a.d.sendibm1.com%2Fim%2Fsh%2FRbDsmt-KTz2V.jpg%3Fu%3DWtVElij8PJZGdKGqfz9i99ZhF2tgHvTG&amp;t=1724646253&amp;ymreqid=a1e28384-e738-286e-1cae-220000017800&amp;sig=Qfnw2emgzibeaXLyn_OIMQ--~D\" width=\"550\" border=\"0\" \/><\/td>\n<\/tr>\n<\/tbody>\n<\/table>\n<\/td>\n<\/tr>\n<\/tbody>\n<\/table>\n<table class=\"yiv5822731381r7-o\" role=\"presentation\" border=\"0\" width=\"100%\" cellspacing=\"0\" cellpadding=\"0\" align=\"center\">\n<tbody>\n<tr>\n<td class=\"yiv5822731381r9-i\">\n<table role=\"presentation\" border=\"0\" width=\"100%\" cellspacing=\"0\" cellpadding=\"0\">\n<tbody>\n<tr>\n<th class=\"yiv5822731381r5-c\" valign=\"top\" width=\"100%\">\n<table class=\"yiv5822731381r6-o\" role=\"presentation\" border=\"0\" width=\"100%\" cellspacing=\"0\" cellpadding=\"0\">\n<tbody>\n<tr>\n<td class=\"yiv5822731381r16-i\" valign=\"top\">\n<table role=\"presentation\" border=\"0\" width=\"100%\" cellspacing=\"0\" cellpadding=\"0\">\n<tbody>\n<tr>\n<td class=\"yiv5822731381r17-c\" align=\"center\">&gt;<\/p>\n<table role=\"presentation\" border=\"0\" width=\"100%\" cellspacing=\"0\" cellpadding=\"0\">\n<tbody>\n<tr>\n<td height=\"0\">\u00ad<\/td>\n<\/tr>\n<tr>\n<td class=\"yiv5822731381r18-c\" align=\"center\"><img decoding=\"async\" src=\"https:\/\/ecp.yusercontent.com\/mail?url=https%3A%2F%2F41sau.img.a.d.sendibm1.com%2Fim%2Fsh%2Ff8TU4V8wEJxQ.jpg%3Fu%3DWtVElij8PJZGdmbYsPY4F4jxIsHVGfBK&amp;t=1724646253&amp;ymreqid=a1e28384-e738-286e-1cae-220000017800&amp;sig=ikQzA8g5o5ZGZhypnQPQ3g--~D\" width=\"560\" border=\"0\" \/><\/td>\n<\/tr>\n<tr>\n<td class=\"yiv5822731381r19-c\" align=\"left\">&nbsp;<\/p>\n<table class=\"yiv5822731381r10-o\" role=\"presentation\" border=\"0\" width=\"100%\" cellspacing=\"0\" cellpadding=\"0\">\n<tbody>\n<tr>\n<td class=\"yiv5822731381r20-i yiv5822731381nl2go-default-textstyle\" valign=\"top\">\n<div>\n<p><strong>Servicio El\u00e9ctrico &#8211; Medidores Inteligentes<\/strong><\/p>\n<p>&nbsp;<\/p>\n<p>Dentro del esquema de renovaci\u00f3n tecnol\u00f3gica encarado por la Cooperativa a principios de junio de 2020, el equipo t\u00e9cnico del Sector El\u00e9ctrico viene trabajando en la implementaci\u00f3n de un proyecto de Medidores con Telemetr\u00eda.<\/p>\n<p>Estos medidores est\u00e1n dise\u00f1ados para que mediante un software especial se puedan\u00a0<strong>monitorear la tensi\u00f3n, la corriente y el consumo del usuario de manera inmediata<\/strong>\u00a0desde la central de la cooperativa.<\/p>\n<p>En la primera etapa se comenz\u00f3 con barrios testigo como Indio Cu\u00e1 y Sakura y<strong> a la fecha ya existen 240 medidores instalados en la mayor\u00eda de los barrios de la concesi\u00f3n de la Cooperativa, lo que permite detectar de manera temprana las contingencias.<\/strong><\/p>\n<p>Otro de los beneficios de estos medidores es que\u00a0<strong>cuando detectan que el usuario tiene baja tensi\u00f3n, autom\u00e1ticamente corta el suministro el\u00e9ctrico evitando de esta manera desperfectos en el domicilio y protegiendo los electrodom\u00e9sticos del hogar<\/strong>.<\/p>\n<p>Pemitir\u00e1 tambi\u00e9n <strong>tomar el estado de los medidores de manera de manera remota desde la propia central<\/strong>. A su vez,\u00a0<strong>el usuario podr\u00e1 saber cu\u00e1nto est\u00e1 consumiendo en tiempo real.<\/strong><\/p>\n<p>&nbsp;<\/p>\n<\/div>\n<\/td>\n<td class=\"yiv5822731381r18-c\" align=\"center\"><img decoding=\"async\" src=\"https:\/\/ecp.yusercontent.com\/mail?url=https%3A%2F%2F41sau.img.a.d.sendibm1.com%2Fim%2Fsh%2FQw6UbDRyEoeu.jpg%3Fu%3DWtVElij8PJZGeEwH4pwQKzuDMhfKFOtO&amp;t=1724646253&amp;ymreqid=a1e28384-e738-286e-1cae-220000017800&amp;sig=pLJpl917XbaiCF0e0CM80A--~D\" width=\"560\" border=\"0\" \/><\/td>\n<td class=\"yiv5822731381r19-c\" align=\"left\">\n<table class=\"yiv5822731381r10-o\" role=\"presentation\" border=\"0\" width=\"100%\" cellspacing=\"0\" cellpadding=\"0\">\n<tbody>\n<tr>\n<td class=\"yiv5822731381r20-i yiv5822731381nl2go-default-textstyle\" valign=\"top\">\n<div>\n<p><strong>Cepral<\/strong>\u00a0viene realizando compras mensuales de estos nuevos equipos, ya que planifica \u00a0implementar un cambio de medidores de manera paulatina en toda su \u00e1rea de concesi\u00f3n.<\/p>\n<p><strong>Este importante proyecto mejora la calidad t\u00e9cnica del Servicio al mismo tiempo que permite un control exhaustivo tanto por parte de la Cooperativa como del propio usuario.<\/strong><\/p>\n<p>Mediante una App desarrollada para celulares\u00a0<strong>Android e iPhone,\u00a0<\/strong>el usuario puede<strong>\u00a0conocer en tiempo real sus consumos y verificar el estado del Servicio.\u00a0<\/strong><\/p>\n<p><strong>Por ejemplo, le permite detectar variaciones en la tensi\u00f3n, designar alertas de consumo para que se le notifique una vez que se pasa del consumo estimado para el mes.<\/strong><\/p>\n<p>Entre otros beneficios de estos medidores inteligentes que se ir\u00e1n implementando en un futuro, es que contar\u00e1n con la posibilidad de que ante un evento de sobre-tensi\u00f3n, autom\u00e1ticamente realicen un corte de energ\u00eda evitando as\u00ed desperfectos en los electrodom\u00e9sticos de los usuarios.<\/p>\n<p>El trabajo constante as\u00ed como inversiones contin\u00faan en pos de brindar cada d\u00eda mejores servicios a los usuarios de CEPRAL.<\/p>\n<p>&nbsp;<\/p>\n<\/div>\n<\/td>\n<\/tr>\n<\/tbody>\n<\/table>\n<\/td>\n<td class=\"yiv5822731381r17-c\" align=\"center\">\n<table role=\"presentation\" border=\"0\" width=\"100%\" cellspacing=\"0\" cellpadding=\"0\">\n<tbody>\n<tr>\n<td height=\"0\">\u00ad<\/td>\n<\/tr>\n<\/tbody>\n<\/table>\n<\/td>\n<td class=\"yiv5822731381r19-c\" align=\"left\">\n<table class=\"yiv5822731381r10-o\" role=\"presentation\" border=\"0\" width=\"100%\" cellspacing=\"0\" cellpadding=\"0\">\n<tbody>\n<tr>\n<td class=\"yiv5822731381r21-i yiv5822731381nl2go-default-textstyle\" valign=\"top\">\n<div>\n<p><strong>Inscripci\u00f3n al RASE para los Usuarios Residenciales Vulnerables del Servicio P\u00fablico de Energ\u00eda El\u00e9ctrica<\/strong><\/p>\n<p>&nbsp;<\/p>\n<p><strong>Seg\u00fan las Resoluciones 90\/24 y 91\/24, los usuarios que reciben la Tarifa Social y que nunca se inscribieron en el RASE (Registro de Acceso a los Subsidios a la Energ\u00eda), tienen tiempo hasta el 4 de septiembre para anotarse en el registro y as\u00ed obtener el nivel de subsidio que les corresponda.<\/strong><\/p>\n<p>&nbsp;<\/p>\n<p><strong>Recuerde: El plazo de inscripci\u00f3n vence el d\u00eda 4 de septiembre de 2024<\/strong>, y el tr\u00e1mite podr\u00e1 realizarlo de la siguiente manera:<\/p>\n<p>&nbsp;<\/p>\n<p>1. Completando el formulario de inscripci\u00f3n, que tiene car\u00e1cter de Declaraci\u00f3n Jurada, a trav\u00e9s del siguiente link:\u00a0<a href=\"https:\/\/41sau.r.a.d.sendibm1.com\/mk\/cl\/f\/sh\/1t6Af4OiGsDg0dtECwUktAHTAZdnnO\/CX4Mh9spF3gD\" target=\"_blank\" rel=\"nofollow noopener noreferrer\">https:\/\/www.argentina.gob.ar\/subsidios<\/a><\/p>\n<p>2. Documentaci\u00f3n necesaria para realizar el tr\u00e1mite:<\/p>\n<p>\u2022 El nombre de la Prestadora del servicio, el n\u00famero de medidor y el n\u00famero de usuario tal como se \u00a0encuentran en su factura.<br \/>\n\u2022 El \u00faltimo ejemplar del Documento Nacional de Identidad.<br \/>\n\u2022 El n\u00famero de CUIL de cada integrante del hogar mayor de 18 a\u00f1os.<br \/>\n\u2022 El ingreso de bolsillo de cada integrante del hogar mayor de 18 a\u00f1os.<br \/>\n\u2022 Una direcci\u00f3n de correo electr\u00f3nico.<\/p>\n<p>3. Cabe destacar que,\u00a0<strong>cumplido ese plazo, el beneficio caducar\u00e1 respecto de los usuarios que no hubieren completado la presentaci\u00f3n individual, quedando comprendidos, por defecto, en el segmento de Mayores Ingresos.<\/strong><\/p>\n<p>&nbsp;<\/p>\n<p><em><strong>\u00bfC\u00f3mo puedo averiguar si me corresponde la Tarifa Social?<\/strong><\/em><\/p>\n<p>Ingresando al siguiente link y completando con su n\u00famero de DNI:<\/p>\n<p><a href=\"https:\/\/41sau.r.a.d.sendibm1.com\/mk\/cl\/f\/sh\/1t6Af4OiGsE8LM5ebIag3QLIYOcXVS\/HKlPitJqF4QX\" target=\"_blank\" rel=\"nofollow noopener noreferrer\">https:\/\/oceba.gba.gov.ar\/tarifa_social\/pordni<\/a><\/p>\n<p><strong>En caso de tener alguna duda en relaci\u00f3n a las tarifas y a los subsidios, ingrese a:<\/strong><\/p>\n<p><a href=\"https:\/\/41sau.r.a.d.sendibm1.com\/mk\/cl\/f\/sh\/1t6Af4OiGsEag4I4zegbDgP7wDbHDW\/Kv_hNAG22phg\" target=\"_blank\" rel=\"nofollow noopener noreferrer\">https:\/\/www.oceba.gba.gov.ar\/nueva_web\/#<\/a><\/p>\n<p>OCEBA &#8211; ORGANISMO DE CONTROL DE ENERGIA ELECTRICA DE LA PROVINCIA DE BUENOS AIRES-<\/p>\n<\/div>\n<\/td>\n<\/tr>\n<\/tbody>\n<\/table>\n<\/td>\n<td class=\"yiv5822731381r17-c\" align=\"center\">&lt;\/tbod<\/p>\n<table role=\"presentation\" border=\"0\" width=\"100%\" cellspacing=\"0\" cellpadding=\"0\">\n<tbody>\n<tr>\n<td height=\"0\">\u00ad<\/td>\n<\/tr>\n<tr>\n<td class=\"yiv5822731381r19-c\" align=\"left\">\n<table class=\"yiv5822731381r10-o\" role=\"presentation\" border=\"0\" width=\"100%\" cellspacing=\"0\" cellpadding=\"0\">\n<tbody>\n<tr>\n<td class=\"yiv5822731381r22-i yiv5822731381nl2go-default-textstyle\" valign=\"top\">\n<div>\n<p><strong>Penalizaciones por Transgresiones en el Servicio El\u00e9ctrico<\/strong><\/p>\n<p>Las conexiones directas a la red, puentes o modificaciones en el medidor tanto como cualquier acci\u00f3n que altere y viole la seguridad el\u00e9ctrica de la acometida domiciliaria, est\u00e1n siendo fuertemente PENALIZADAS seg\u00fan marca el Reglamento de Servicio.<\/p>\n<p>En el \u00faltimo semestre se han penalizado a 14 usuarios, llevando a cabo Operativos Policiales con labrado de Actas e interrupci\u00f3n inmediata de los servicios con irregularidades.<\/p>\n<p><strong>Todo usuario que incurra en una transgresi\u00f3n -establecida en el mencionado Reglamento de Servicio- deber\u00e1 afrontar dichos cargos sumado a la posibilidad de cursar la DENUNCIA PENAL correspondiente<\/strong>.<\/p>\n<p>Acorde a ello, la Cooperativa tom\u00f3 la decisi\u00f3n de comenzar a elevar dichos fraudes a fueros judiciales con denuncias penales.<\/p>\n<p>Estas acciones irresponsables no solo causan prejuicios a la Cooperativa, impactan directamente en sus vecinos, afectando la calidad del servicio, como as\u00ed tambi\u00e9n ponen en juego la integridad f\u00edsica de las personas.<\/p>\n<p><strong>Se debe tomar conciencia de los riesgos a los que se expone a toda la comunidad ante un caso de fraude el\u00e9ctrico<\/strong>.<\/p>\n<\/div>\n<\/td>\n<\/tr>\n<\/tbody>\n<\/table>\n<\/td>\n<\/tr>\n<\/tbody>\n<\/table>\n<\/td>\n<\/tr>\n<\/tbody>\n<\/table>\n<table class=\"yiv5822731381r7-o\" role=\"presentation\" border=\"0\" width=\"100%\" cellspacing=\"0\" cellpadding=\"0\" align=\"center\">\n<tbody>\n<tr>\n<td class=\"yiv5822731381r9-i\">\n<table role=\"presentation\" border=\"0\" width=\"100%\" cellspacing=\"0\" cellpadding=\"0\">\n<tbody>\n<tr>\n<th class=\"yiv5822731381r5-c\" valign=\"top\" width=\"100%\">\n<table class=\"yiv5822731381r7-o\" role=\"presentation\" border=\"0\" width=\"100%\" cellspacing=\"0\" cellpadding=\"0\" align=\"center\">\n<tbody>\n<tr>\n<td class=\"yiv5822731381r9-i\">\n<table role=\"presentation\" border=\"0\" width=\"100%\" cellspacing=\"0\" cellpadding=\"0\">\n<tbody>\n<tr>\n<th class=\"yiv5822731381r5-c\" valign=\"top\" width=\"100%\">\n<table class=\"yiv5822731381r6-o\" role=\"presentation\" border=\"0\" width=\"100%\" cellspacing=\"0\" cellpadding=\"0\">\n<tbody>\n<tr>\n<td class=\"yiv5822731381r16-i\" valign=\"top\">\n<table role=\"presentation\" border=\"0\" width=\"100%\" cellspacing=\"0\" cellpadding=\"0\">\n<tbody>\n<tr>\n<td class=\"yiv5822731381r18-c\" align=\"center\"><img decoding=\"async\" src=\"https:\/\/ecp.yusercontent.com\/mail?url=https%3A%2F%2F41sau.img.a.d.sendibm1.com%2Fim%2Fsh%2Fv0nKRUijF4s1.jpeg%3Fu%3DWtVElij8PJZGehGzHGKmQv4TQX39E8bS&amp;t=1724646253&amp;ymreqid=a1e28384-e738-286e-1cae-220000017800&amp;sig=vAMEzDdx84YUd3WLtPF2xQ--~D\" width=\"560\" border=\"0\" \/><\/td>\n<\/tr>\n<tr>\n<td class=\"yiv5822731381r19-c\" align=\"left\">\n<table class=\"yiv5822731381r10-o\" role=\"presentation\" border=\"0\" width=\"100%\" cellspacing=\"0\" cellpadding=\"0\">\n<tbody>\n<tr>\n<td class=\"yiv5822731381r23-i yiv5822731381nl2go-default-textstyle\" valign=\"top\">\n<div>\n<h4 class=\"yiv5822731381default-heading4\">Fibra \u00d3ptica en Tu Hogar &#8211; Barrio Parque Parada Robles<\/h4>\n<p>&nbsp;<\/p>\n<p>Se avanza con<strong>\u00a0las tareas de tendido de la red de Fibra \u00d3ptica\u00a0<\/strong>que permitir\u00e1 brindar el Servicio a los vecinos del Barrio Parque Parada Robles.<\/p>\n<p>A su vez se siguen incorporando nuevos barrios y extendiendo la red de Fibra \u00d3ptica, trabajando para mejorar la calidad de vida de los vecinos.<\/p>\n<\/div>\n<\/td>\n<\/tr>\n<\/tbody>\n<\/table>\n<\/td>\n<\/tr>\n<tr>\n<td class=\"yiv5822731381r17-c\" align=\"center\">\n<table role=\"presentation\" border=\"0\" width=\"100%\" cellspacing=\"0\" cellpadding=\"0\">\n<tbody>\n<tr>\n<td height=\"0\">\u00ad<\/td>\n<\/tr>\n<\/tbody>\n<\/table>\n<\/td>\n<\/tr>\n<tr>\n<td class=\"yiv5822731381r18-c\" align=\"center\"><img decoding=\"async\" src=\"https:\/\/ecp.yusercontent.com\/mail?url=https%3A%2F%2F41sau.img.a.d.sendibm1.com%2Fim%2Fsh%2FC2zuaupgwHdc.jpeg%3Fu%3DWtVElij8PJZGf9bhTgj8WqEjUMQyCsJW&amp;t=1724646253&amp;ymreqid=a1e28384-e738-286e-1cae-220000017800&amp;sig=OMeStIjIxEAShmQz1noPSg--~D\" width=\"560\" border=\"0\" \/><\/td>\n<\/tr>\n<\/tbody>\n<\/table>\n<\/td>\n<\/tr>\n<\/tbody>\n<\/table>\n<table class=\"yiv5822731381r7-o\" role=\"presentation\" border=\"0\" width=\"100%\" cellspacing=\"0\" cellpadding=\"0\" align=\"center\">\n<tbody>\n<tr>\n<td class=\"yiv5822731381r9-i\">\n<table role=\"presentation\" border=\"0\" width=\"100%\" cellspacing=\"0\" cellpadding=\"0\">\n<tbody>\n<tr>\n<th class=\"yiv5822731381r5-c\" valign=\"top\" width=\"100%\">\n<table class=\"yiv5822731381r6-o\" role=\"presentation\" border=\"0\" width=\"100%\" cellspacing=\"0\" cellpadding=\"0\">\n<tbody>\n<tr>\n<td class=\"yiv5822731381r16-i\" valign=\"top\">\n<table role=\"presentation\" border=\"0\" width=\"100%\" cellspacing=\"0\" cellpadding=\"0\">\n<tbody>\n<tr>\n<td class=\"yiv5822731381r19-c\" align=\"left\">\n<table class=\"yiv5822731381r10-o\" role=\"presentation\" border=\"0\" width=\"100%\" cellspacing=\"0\" cellpadding=\"0\">\n<tbody>\n<tr>\n<td class=\"yiv5822731381r24-i yiv5822731381nl2go-default-textstyle\" valign=\"top\">\n<div>\n<h4 class=\"yiv5822731381default-heading4\"><\/h4>\n<h4 class=\"yiv5822731381default-heading4\">FIBRA \u00d3PTICA A TU HOGAR &#8211; \u00a0BARRIO PARQUE EXALTACI\u00d3N<\/h4>\n<p>&nbsp;<\/p>\n<p>Finaliz\u00f3 la instalaci\u00f3n de la Red de Fibra \u00d3ptica y la Cooperativa ya brinda el Servicio <strong>a todos los vecinos del barrio Parque Exaltaci\u00f3n que as\u00ed lo requieran. Por lo que la entidad cumpli\u00f3 con el compromiso asumido.<\/strong><\/p>\n<p>Quienes a\u00fan no se hayan inscripto, se pueden sumar contact\u00e1ndose con nuestra Cooperativa.<\/p>\n<p>En estos momentos, social y econ\u00f3micamente tan complejos, desde la Cooperativa, no deja de <strong>apostaro a la renovaci\u00f3n y mejora de los servicios.<\/strong><\/p>\n<p>&nbsp;<\/p>\n<\/div>\n<\/td>\n<\/tr>\n<\/tbody>\n<\/table>\n<\/td>\n<\/tr>\n<tr>\n<td class=\"yiv5822731381r17-c\" align=\"center\">\n<table role=\"presentation\" border=\"0\" width=\"100%\" cellspacing=\"0\" cellpadding=\"0\">\n<tbody>\n<tr>\n<td height=\"0\">\u00ad<\/td>\n<\/tr>\n<\/tbody>\n<\/table>\n<\/td>\n<\/tr>\n<\/tbody>\n<\/table>\n<\/td>\n<\/tr>\n<\/tbody>\n<\/table>\n<table class=\"yiv5822731381r7-o\" role=\"presentation\" border=\"0\" width=\"100%\" cellspacing=\"0\" cellpadding=\"0\" align=\"center\">\n<tbody>\n<tr>\n<td class=\"yiv5822731381r9-i\">\n<table role=\"presentation\" border=\"0\" width=\"100%\" cellspacing=\"0\" cellpadding=\"0\">\n<tbody>\n<tr>\n<th class=\"yiv5822731381r5-c\" valign=\"top\" width=\"100%\">\n<table class=\"yiv5822731381r6-o\" role=\"presentation\" border=\"0\" width=\"100%\" cellspacing=\"0\" cellpadding=\"0\">\n<tbody>\n<tr>\n<td class=\"yiv5822731381r16-i\" valign=\"top\">\n<table role=\"presentation\" border=\"0\" width=\"100%\" cellspacing=\"0\" cellpadding=\"0\">\n<tbody>\n<tr>\n<td class=\"yiv5822731381r19-c\" align=\"left\">\n<table class=\"yiv5822731381r10-o\" role=\"presentation\" border=\"0\" width=\"100%\" cellspacing=\"0\" cellpadding=\"0\">\n<tbody>\n<tr>\n<td class=\"yiv5822731381r25-i yiv5822731381nl2go-default-textstyle\" valign=\"top\">\n<div>\n<h4 class=\"yiv5822731381default-heading4\">BAJA DEFINITIVA DEL SERVICIO DE INTERNET ADSL<\/h4>\n<p>&nbsp;<\/p>\n<p><strong>A partir del 30 de noviembre se dar\u00e1 de baja al servicio de ADSL. Esto se debe principalmente al deterioro de las instalaciones y la imposibilidad de conseguir materias primas para su mantenimiento y reparaci\u00f3n.<\/strong><\/p>\n<p>&nbsp;<\/p>\n<\/div>\n<\/td>\n<\/tr>\n<\/tbody>\n<\/table>\n<\/td>\n<\/tr>\n<\/tbody>\n<\/table>\n<\/td>\n<\/tr>\n<\/tbody>\n<\/table>\n<\/th>\n<\/tr>\n<\/tbody>\n<\/table>\n<\/td>\n<\/tr>\n<\/tbody>\n<\/table>\n<table class=\"yiv5822731381r7-o\" role=\"presentation\" border=\"0\" width=\"100%\" cellspacing=\"0\" cellpadding=\"0\" align=\"center\">\n<tbody>\n<tr>\n<td class=\"yiv5822731381r9-i\">\n<table role=\"presentation\" border=\"0\" width=\"100%\" cellspacing=\"0\" cellpadding=\"0\">\n<tbody>\n<tr>\n<th class=\"yiv5822731381r5-c\" valign=\"top\" width=\"100%\">\n<table class=\"yiv5822731381r6-o\" role=\"presentation\" border=\"0\" width=\"100%\" cellspacing=\"0\" cellpadding=\"0\">\n<tbody>\n<tr>\n<td class=\"yiv5822731381r16-i\" valign=\"top\">\n<table role=\"presentation\" border=\"0\" width=\"100%\" cellspacing=\"0\" cellpadding=\"0\">\n<tbody>\n<tr>\n<td class=\"yiv5822731381r18-c\" align=\"center\"><img decoding=\"async\" src=\"https:\/\/ecp.yusercontent.com\/mail?url=https%3A%2F%2F41sau.img.a.d.sendibm1.com%2Fim%2Fsh%2FFh2oe7hMte4r.jpg%3Fu%3DWtVElij8PJZGfbwPg77UclOzYBonBc1a&amp;t=1724646253&amp;ymreqid=a1e28384-e738-286e-1cae-220000017800&amp;sig=UERuBylLGveAczV6OXUVuQ--~D\" width=\"560\" border=\"0\" \/><\/td>\n<\/tr>\n<\/tbody>\n<\/table>\n<\/td>\n<\/tr>\n<\/tbody>\n<\/table>\n<\/th>\n<\/tr>\n<\/tbody>\n<\/table>\n<\/td>\n<\/tr>\n<\/tbody>\n<\/table>\n<table class=\"yiv5822731381r7-o\" role=\"presentation\" border=\"0\" width=\"100%\" cellspacing=\"0\" cellpadding=\"0\" align=\"center\">\n<tbody>\n<tr>\n<td class=\"yiv5822731381r9-i\">\n<table role=\"presentation\" border=\"0\" width=\"100%\" cellspacing=\"0\" cellpadding=\"0\">\n<tbody>\n<tr>\n<th class=\"yiv5822731381r5-c\" valign=\"top\" width=\"100%\">\n<table class=\"yiv5822731381r6-o\" role=\"presentation\" border=\"0\" width=\"100%\" cellspacing=\"0\" cellpadding=\"0\">\n<tbody>\n<tr>\n<td class=\"yiv5822731381r16-i\" valign=\"top\">\n<table role=\"presentation\" border=\"0\" width=\"100%\" cellspacing=\"0\" cellpadding=\"0\">\n<tbody>\n<tr>\n<td class=\"yiv5822731381r26-c yiv5822731381nl2go-default-textstyle\" align=\"left\">\n<div>\n<p><strong>TIPS CONSUMO RACIONAL DE ENERG\u00cdA<\/strong><\/p>\n<p>&nbsp;<\/p>\n<p>Las<strong>\u00a0luces encendidas<\/strong>\u00a0<strong>representan entre el 25 y el 35 % de la electricidad total consumida<\/strong>\u00a0en casa.<\/p>\n<p>La\u00a0<strong>iluminaci\u00f3n eficiente<\/strong>\u00a0contribuye a minimizar esta proporci\u00f3n, a reducir la demanda el\u00e9ctrica y por lo tanto a\u00a0<strong>ahorrar dinero.<\/strong><\/p>\n<ul>\n<li><strong>Mantener persianas levantadas<\/strong>\u00a0y cortinas replegadas para aprovechar al m\u00e1ximo la luz solar.<\/li>\n<li><strong>Mantener apagadas las luces de los ambientes desocupados\u00a0<\/strong>y\/o con generosa luz natural.<\/li>\n<li>Evitar el uso de estanter\u00edas, biombos, muebles que tapan la luz natural e incrementan el uso de luz artificial.<\/li>\n<li><strong>Limpiar las l\u00e1mparas con frecuencia, para que conserven su luminosidad original.\u00a0<\/strong><\/li>\n<\/ul>\n<p>&nbsp;<\/p>\n<p><em><strong>Antes de iluminar y aclimatar la casa<\/strong><\/em><\/p>\n<ul>\n<li>Las<strong>\u00a0l\u00e1mparas LED consumen 8 veces menos<\/strong>\u00a0electricidad\u00a0<strong>y duran 7.5 veces m\u00e1s<\/strong>\u00a0tiempo que las l\u00e1mparas tradicionales o hal\u00f3genas.<\/li>\n<li><strong>En invierno<\/strong>\u00a0tener presente que,\u00a0<strong>de los calefactores el\u00e9ctricos, el caloventor es el que consume m\u00e1s energ\u00eda<\/strong>\u00a0en una hora seguida de uso, incluso\u00a0<strong>m\u00e1s que un equipo de aire acondicionado<\/strong>.<\/li>\n<li>Un equipo de\u00a0<strong>aire acondicionado consume 12 veces m\u00e1s que un ventilador<\/strong>. Recordar esta proporci\u00f3n cuando vuelva el verano.<\/li>\n<\/ul>\n<p>&nbsp;<\/p>\n<p><em><strong>Variables directamente proporcionales\u00a0<\/strong><\/em><\/p>\n<ul>\n<li>Cuando uses el<strong>\u00a0lavarropas<\/strong>, respetar la cantidad indicada de jab\u00f3n l\u00edquido o en polvo: cuando se supera,\u00a0<strong>el ciclo de enjuagado consume m\u00e1s energ\u00eda.\u00a0<\/strong><\/li>\n<li><strong>Cinco minutos antes de que la comida est\u00e9 a punto en el horno el\u00e9ctrico, apagarlo\u00a0<\/strong>y dejar que el calor residual termine la cocci\u00f3n.<\/li>\n<li>Hacer lo mismo con la comida que se cocine o se caliente sobre hornallas el\u00e9ctricas.<\/li>\n<\/ul>\n<p>&nbsp;<\/p>\n<p><em><strong>Por otro consumo racional<\/strong><\/em><\/p>\n<ul>\n<li>El\u00a0<strong>consumo energ\u00e9tico del termotanque el\u00e9ctrico es proporcional a la cantidad de agua utilizada<\/strong>. Evitar derrocharla al ba\u00f1arse y lavar los platos.<\/li>\n<li><strong>Regular la temperatura del agua desde el termotanque el\u00e9ctrico<\/strong>. Se le exige\u00a0<strong>mayor consumo energ\u00e9tico cuando se mezcla las aguas fr\u00eda y caliente desde las canillas.\u00a0<\/strong><\/li>\n<li>El lavarropas\u00a0<strong>consume m\u00e1s electricidad cuando usa agua caliente<\/strong>. De hecho, el 80 % de la energ\u00eda utilizada sirve para calentar agua durante el lavado.<\/li>\n<li><strong>La mayor parte de la energ\u00eda que consume el lavavajillas tambi\u00e9n sirve para calentar el agua.\u00a0<\/strong><\/li>\n<\/ul>\n<\/div>\n<\/td>\n<\/tr>\n<\/tbody>\n<\/table>\n<\/td>\n<\/tr>\n<\/tbody>\n<\/table>\n<\/th>\n<\/tr>\n<\/tbody>\n<\/table>\n<\/td>\n<\/tr>\n<\/tbody>\n<\/table>\n<table class=\"yiv5822731381r7-o\" role=\"presentation\" border=\"0\" width=\"100%\" cellspacing=\"0\" cellpadding=\"0\" align=\"center\">\n<tbody>\n<tr>\n<td class=\"yiv5822731381r9-i\">\n<table role=\"presentation\" border=\"0\" width=\"100%\" cellspacing=\"0\" cellpadding=\"0\">\n<tbody>\n<tr>\n<th class=\"yiv5822731381r5-c\" valign=\"top\" width=\"100%\">\n<table class=\"yiv5822731381r6-o\" role=\"presentation\" border=\"0\" width=\"100%\" cellspacing=\"0\" cellpadding=\"0\">\n<tbody>\n<tr>\n<td class=\"yiv5822731381r16-i\" valign=\"top\">\n<table role=\"presentation\" border=\"0\" width=\"100%\" cellspacing=\"0\" cellpadding=\"0\">\n<tbody>\n<tr>\n<td class=\"yiv5822731381r17-c\" align=\"center\">\n<table role=\"presentation\" border=\"0\" width=\"100%\" cellspacing=\"0\" cellpadding=\"0\">\n<tbody>\n<tr>\n<td height=\"0\">\u00ad<\/td>\n<\/tr>\n<\/tbody>\n<\/table>\n<table class=\"yiv5822731381r7-o\" role=\"presentation\" border=\"0\" width=\"100%\" cellspacing=\"0\" cellpadding=\"0\" align=\"center\">\n<tbody>\n<tr>\n<td class=\"yiv5822731381r27-i\">\n<table role=\"presentation\" border=\"0\" width=\"100%\" cellspacing=\"0\" cellpadding=\"0\">\n<tbody>\n<tr>\n<th class=\"yiv5822731381r5-c\" valign=\"top\" width=\"100%\">\n<table class=\"yiv5822731381r10-o\" role=\"presentation\" border=\"0\" width=\"100%\" cellspacing=\"0\" cellpadding=\"0\" align=\"left\">\n<tbody>\n<tr>\n<td class=\"yiv5822731381r11-i yiv5822731381nl2go-default-textstyle\" valign=\"top\">\n<div>\n<p>El Uso Racional de la Energ\u00eda El\u00e9ctrica nos beneficia a todos.<\/p>\n<\/div>\n<\/td>\n<\/tr>\n<\/tbody>\n<\/table>\n<\/th>\n<\/tr>\n<\/tbody>\n<\/table>\n<\/td>\n<\/tr>\n<\/tbody>\n<\/table>\n<table class=\"yiv5822731381r7-o\" role=\"presentation\" border=\"0\" width=\"100%\" cellspacing=\"0\" cellpadding=\"0\" align=\"center\">\n<tbody>\n<tr>\n<td class=\"yiv5822731381r28-i\">\n<table role=\"presentation\" border=\"0\" width=\"100%\" cellspacing=\"0\" cellpadding=\"0\">\n<tbody>\n<tr>\n<th class=\"yiv5822731381r5-c\" valign=\"top\" width=\"100%\"><\/th>\n<\/tr>\n<\/tbody>\n<\/table>\n<\/td>\n<\/tr>\n<\/tbody>\n<\/table>\n<table class=\"yiv5822731381r7-o\" role=\"presentation\" border=\"0\" width=\"100%\" cellspacing=\"0\" cellpadding=\"0\" align=\"center\">\n<tbody>\n<tr>\n<td class=\"yiv5822731381r30-i\">\n<table role=\"presentation\" border=\"0\" width=\"100%\" cellspacing=\"0\" cellpadding=\"0\">\n<tbody>\n<tr>\n<th class=\"yiv5822731381r5-c\" valign=\"top\" width=\"100%\"><\/th>\n<\/tr>\n<\/tbody>\n<\/table>\n<\/td>\n<\/tr>\n<\/tbody>\n<\/table>\n<\/td>\n<\/tr>\n<\/tbody>\n<\/table>\n<\/td>\n<\/tr>\n<\/tbody>\n<\/table>\n<\/th>\n<\/tr>\n<\/tbody>\n<\/table>\n<\/td>\n<\/tr>\n<\/tbody>\n<\/table>\n<\/th>\n<\/tr>\n<\/tbody>\n<\/table>\n<\/td>\n<\/tr>\n<\/tbody>\n<\/table>\n<\/th>\n<\/tr>\n<\/tbody>\n<\/table>\n<\/td>\n<\/tr>\n<\/tbody>\n<\/table>\n<\/th>\n<\/tr>\n<\/tbody>\n<\/table>\n<\/td>\n<\/tr>\n<\/tbody>\n<\/table>\n<\/td>\n<\/tr>\n<\/tbody>\n<\/table>\n<\/td>\n<\/tr>\n<\/tbody>\n<\/table>\n<\/td>\n<\/tr>\n<\/tbody>\n<\/table>\n<\/th>\n<\/tr>\n<\/tbody>\n<\/table>\n<\/td>\n<\/tr>\n<\/tbody>\n<\/table>\n<\/td>\n<\/tr>\n<\/tbody>\n<\/table>\n<\/div>\n","protected":false},"excerpt":{"rendered":"<p>INFORMACI\u00d3N \u00daTIL Y DE INTER\u00c9S.<\/p>\n","protected":false},"author":3,"featured_media":26371,"comment_status":"open","ping_status":"open","sticky":false,"template":"","format":"standard","meta":{"footnotes":"","jetpack_publicize_message":"","jetpack_publicize_feature_enabled":true,"jetpack_social_post_already_shared":true,"jetpack_social_options":{"image_generator_settings":{"template":"highway","default_image_id":0,"font":"","enabled":false},"version":2}},"categories":[5],"tags":[2086],"class_list":["post-26366","post","type-post","status-publish","format-standard","has-post-thumbnail","hentry","category-aqui-parada-robles","tag-cepral-informe"],"jetpack_publicize_connections":[],"jetpack_featured_media_url":"https:\/\/revistaepocadigital.com.ar\/wp-content\/uploads\/2024\/08\/mail-2.jpeg","jetpack_likes_enabled":true,"_links":{"self":[{"href":"https:\/\/revistaepocadigital.com.ar\/index.php?rest_route=\/wp\/v2\/posts\/26366","targetHints":{"allow":["GET"]}}],"collection":[{"href":"https:\/\/revistaepocadigital.com.ar\/index.php?rest_route=\/wp\/v2\/posts"}],"about":[{"href":"https:\/\/revistaepocadigital.com.ar\/index.php?rest_route=\/wp\/v2\/types\/post"}],"author":[{"embeddable":true,"href":"https:\/\/revistaepocadigital.com.ar\/index.php?rest_route=\/wp\/v2\/users\/3"}],"replies":[{"embeddable":true,"href":"https:\/\/revistaepocadigital.com.ar\/index.php?rest_route=%2Fwp%2Fv2%2Fcomments&post=26366"}],"version-history":[{"count":0,"href":"https:\/\/revistaepocadigital.com.ar\/index.php?rest_route=\/wp\/v2\/posts\/26366\/revisions"}],"wp:featuredmedia":[{"embeddable":true,"href":"https:\/\/revistaepocadigital.com.ar\/index.php?rest_route=\/wp\/v2\/media\/26371"}],"wp:attachment":[{"href":"https:\/\/revistaepocadigital.com.ar\/index.php?rest_route=%2Fwp%2Fv2%2Fmedia&parent=26366"}],"wp:term":[{"taxonomy":"category","embeddable":true,"href":"https:\/\/revistaepocadigital.com.ar\/index.php?rest_route=%2Fwp%2Fv2%2Fcategories&post=26366"},{"taxonomy":"post_tag","embeddable":true,"href":"https:\/\/revistaepocadigital.com.ar\/index.php?rest_route=%2Fwp%2Fv2%2Ftags&post=26366"}],"curies":[{"name":"wp","href":"https:\/\/api.w.org\/{rel}","templated":true}]}}