{"id":26375,"date":"2024-08-26T10:42:12","date_gmt":"2024-08-26T13:42:12","guid":{"rendered":"https:\/\/revistaepocadigital.com.ar\/?p=26375"},"modified":"2024-08-26T10:48:04","modified_gmt":"2024-08-26T13:48:04","slug":"alzheimer-el-primero-de-los-recuerdos-que-se-olvidan","status":"publish","type":"post","link":"https:\/\/revistaepocadigital.com.ar\/?p=26375","title":{"rendered":"Alzheimer, el primero de los recuerdos que se olvidan"},"content":{"rendered":"<p><strong>La organizaci\u00f3n de salud voluntaria l\u00edder en la atenci\u00f3n, el apoyo y la investigaci\u00f3n del Alzheimer, Asociaci\u00f3n del Alzheime<\/strong>r,<strong> revel\u00f3 el primer recuerdo que las personas que padecen la enfermedad suelen olvidar.<\/strong><!--more--><\/p>\n<p>Seg\u00fan el reporte recopilado por el portal chileno La Tercera, la manifestaci\u00f3n forma parte del listado de sintomatolog\u00edas progresivas enmarcadas en otros 9 estadios.<\/p>\n<p>&#8220;Lo primero que olvidan los pacientes son los acontecimientos que vivieron recientemente o la informaci\u00f3n que acaban de aprender&#8221;, apunt\u00f3 la organizaci\u00f3n con sede en Chicago (Estados Unidos).<\/p>\n<p>En la misma l\u00ednea, desde la Asociaci\u00f3n del Alzheimer agregaron que los pacientes tambi\u00e9n se olvidan de fechas o eventos importantes.\u00a0&#8220;Se pide la misma informaci\u00f3n repetidamente; se depende de sistemas de ayuda para la memoria (como notas o dispositivos electr\u00f3nicos) o en familiares para hacer las cosas que antes uno hac\u00eda solo&#8221;, sum\u00f3.<\/p>\n<p><strong>\u00bfCu\u00e1les son las 10 se\u00f1ales que podr\u00edan indicar que una persona padece de Alzheimer?<\/strong><br \/>\nCambios en la memoria: el primer s\u00edntoma suele ser el olvido de cosas que se vivieron reci\u00e9n, fechas importantes y que la persona pida reiteradas veces que le repitan una misma informaci\u00f3n.<br \/>\nDificultad para resolver problemas: otro s\u00edntoma es experimentar cambios que interfieren en la habilidad de desarrollar y seguir un plan. Por ejemplo, no poder recordar c\u00f3mo se hac\u00eda una receta conocida o no poder administrar las cuentas mensuales. Adem\u00e1s, pueden necesitar mucho m\u00e1s tiempo para hacer algo que antes hac\u00eda r\u00e1pidamente.<br \/>\nDificultad para desempe\u00f1arse en tareas habituales: ya sea en la casa o en el trabajo, el paciente con Alzheimer puede tener dificultades en cumplir tareas cotidianas, como recordar las reglas, c\u00f3mo funcionan ciertos aparatos electr\u00f3nicos, entre otras cosas.<br \/>\nDesorientaci\u00f3n: por el olvido, las personas con Alzheimer pueden olvidar en qu\u00e9 fecha est\u00e1n e, incluso, d\u00f3nde se encuentran y c\u00f3mo llegaron a ese lugar.<br \/>\nDificultad para comprender: otro s\u00edntoma es tener dificultad para leer, determinar colores o contrastes o entender ciertas im\u00e1genes o relaciones entre un objeto u otro.<br \/>\nProblemas con el uso de palabras al hablar o escribir: es posible que la persona tenga problemas al participar en una conversaci\u00f3n, seguir el hilo y encontrar las palabras que quiere ocupar. Por ejemplo, en lugar de decir l\u00e1piz, podr\u00edan decir &#8220;un palito para escribir&#8221;.<br \/>\nColocar objetos fuera de lugar: es com\u00fan que a los pacientes con Alzheimer se le pierdan cosas y no puedan hacer el ejercicio de recorrer sus pasos anteriores para poder encontrarlas.<br \/>\nDisminuci\u00f3n del juicio: a medida que la enfermedad se desarrolla, la persona puede tener dificultades a la hora de tomar decisiones. Por ejemplo, pueden caer m\u00e1s f\u00e1cilmente en estafas, regalar dinero, etc.<br \/>\nP\u00e9rdida de iniciativa: es posible que las personas pierdan inter\u00e9s en hobbies, actividades sociales o deportes, entre otras cosas. Y es que dejan de entender qu\u00e9 es lo que les causaba inter\u00e9s en un inicio.<br \/>\nCambios en el humor y la personalidad: cuando una persona tiene Alzheimer, es probable que se enoje m\u00e1s f\u00e1cilmente, en especial cuando est\u00e9n fuera de su ambiente. Tambi\u00e9n pueden sentirse confundidas, deprimidas, temerosas, ansiosas y hasta sentir sospecha de otros.)<\/p>\n<p>&nbsp;<\/p>\n<p>Fuente: El Cronista<\/p>\n","protected":false},"excerpt":{"rendered":"<p>La organizaci\u00f3n de salud voluntaria l\u00edder en la atenci\u00f3n, el apoyo y la investigaci\u00f3n del Alzheimer, Asociaci\u00f3n del Alzheimer, revel\u00f3 el primer recuerdo que las personas que padecen la enfermedad suelen olvidar.<\/p>\n","protected":false},"author":3,"featured_media":26378,"comment_status":"open","ping_status":"open","sticky":false,"template":"","format":"standard","meta":{"footnotes":"","jetpack_publicize_message":"","jetpack_publicize_feature_enabled":true,"jetpack_social_post_already_shared":true,"jetpack_social_options":{"image_generator_settings":{"template":"highway","default_image_id":0,"font":"","enabled":false},"version":2}},"categories":[15],"tags":[2850,37],"class_list":["post-26375","post","type-post","status-publish","format-standard","has-post-thumbnail","hentry","category-lo-que-tenes-que-saber","tag-alzheimer","tag-destacada"],"jetpack_publicize_connections":[],"jetpack_featured_media_url":"https:\/\/revistaepocadigital.com.ar\/wp-content\/uploads\/2024\/08\/thTTT.jpg","jetpack_likes_enabled":true,"_links":{"self":[{"href":"https:\/\/revistaepocadigital.com.ar\/index.php?rest_route=\/wp\/v2\/posts\/26375","targetHints":{"allow":["GET"]}}],"collection":[{"href":"https:\/\/revistaepocadigital.com.ar\/index.php?rest_route=\/wp\/v2\/posts"}],"about":[{"href":"https:\/\/revistaepocadigital.com.ar\/index.php?rest_route=\/wp\/v2\/types\/post"}],"author":[{"embeddable":true,"href":"https:\/\/revistaepocadigital.com.ar\/index.php?rest_route=\/wp\/v2\/users\/3"}],"replies":[{"embeddable":true,"href":"https:\/\/revistaepocadigital.com.ar\/index.php?rest_route=%2Fwp%2Fv2%2Fcomments&post=26375"}],"version-history":[{"count":0,"href":"https:\/\/revistaepocadigital.com.ar\/index.php?rest_route=\/wp\/v2\/posts\/26375\/revisions"}],"wp:featuredmedia":[{"embeddable":true,"href":"https:\/\/revistaepocadigital.com.ar\/index.php?rest_route=\/wp\/v2\/media\/26378"}],"wp:attachment":[{"href":"https:\/\/revistaepocadigital.com.ar\/index.php?rest_route=%2Fwp%2Fv2%2Fmedia&parent=26375"}],"wp:term":[{"taxonomy":"category","embeddable":true,"href":"https:\/\/revistaepocadigital.com.ar\/index.php?rest_route=%2Fwp%2Fv2%2Fcategories&post=26375"},{"taxonomy":"post_tag","embeddable":true,"href":"https:\/\/revistaepocadigital.com.ar\/index.php?rest_route=%2Fwp%2Fv2%2Ftags&post=26375"}],"curies":[{"name":"wp","href":"https:\/\/api.w.org\/{rel}","templated":true}]}}