{"id":26396,"date":"2024-08-28T21:09:01","date_gmt":"2024-08-29T00:09:01","guid":{"rendered":"https:\/\/revistaepocadigital.com.ar\/?p=26396"},"modified":"2024-08-28T21:09:01","modified_gmt":"2024-08-29T00:09:01","slug":"detuvieron-a-delincuente-involucrado-en-varios-robos-en-la-zona","status":"publish","type":"post","link":"https:\/\/revistaepocadigital.com.ar\/?p=26396","title":{"rendered":"DETUVIERON A DELINCUENTE INVOLUCRADO EN VARIOS ROBOS EN LA ZONA"},"content":{"rendered":"<p><strong>LA POLICIA DE LOS CARDALES.<\/strong><!--more--><\/p>\n<p>Logr\u00f3 la detenci\u00f3n (28-8) de dos sujetos que estar\u00edan involucrados en una serie de il\u00edcitos acaecidos en nuestro distrito durante las \u00faltimas semanas. Las aprehensiones se dieron en el marco de una investigaci\u00f3n que se puso en marcha luego varios episodios, entre ellos el robo de una moto y los asaltos perpetrados contra dos comercios<\/p>\n<p>Tras la recepci\u00f3n de las respectivas denuncias de esos hechos, se puso en marcha la pesquisa y el 28 de este mes se efectuaron dos allanamientos, solicitados por la Fiscal\u00eda de Exaltaci\u00f2n de la Cruz que encabeza el fiscal Juan Manuel Esperante.<img loading=\"lazy\" decoding=\"async\" class=\"alignleft size-medium wp-image-26399\" src=\"https:\/\/revistaepocadigital.com.ar\/wp-content\/uploads\/2024\/08\/dolar-pesos-169x300.jpeg\" alt=\"\" width=\"169\" height=\"300\" srcset=\"https:\/\/revistaepocadigital.com.ar\/wp-content\/uploads\/2024\/08\/dolar-pesos-169x300.jpeg 169w, https:\/\/revistaepocadigital.com.ar\/wp-content\/uploads\/2024\/08\/dolar-pesos-675x1200.jpeg 675w, https:\/\/revistaepocadigital.com.ar\/wp-content\/uploads\/2024\/08\/dolar-pesos-696x1237.jpeg 696w, https:\/\/revistaepocadigital.com.ar\/wp-content\/uploads\/2024\/08\/dolar-pesos-236x420.jpeg 236w, https:\/\/revistaepocadigital.com.ar\/wp-content\/uploads\/2024\/08\/dolar-pesos-473x840.jpeg 473w, https:\/\/revistaepocadigital.com.ar\/wp-content\/uploads\/2024\/08\/dolar-pesos.jpeg 720w\" sizes=\"auto, (max-width: 169px) 100vw, 169px\" \/><\/p>\n<p>En uno de esos procedimientos, concretado en una propiedad ubicada en Alsina e Irigoyen, se produjo la detenci\u00f3n de un sujeto de 22 a\u00f1os domiciliado en el lugar, que estaba siendo investigado en una causa por robo en concurso real, con robo agravado por efracci\u00f3n. Tambi\u00e9n se procedi\u00f3 a la aprehensi\u00f3n de otro joven de 18 a\u00f1os, fue por resistencia a la autoridad, pero fue liberado a las pocas horas por orden de la Justicia.<\/p>\n<p>Al mismo tiempo, durante la requisa de la finca, los uniformados incautaron dinero en efectivo y d\u00f3lares estadounidenses. El segundo allanamiento se produjo en una casa situada en la calle 9 de Julio entre Los Tilos y Ugarte, arrojando resultados negativos<\/p>\n","protected":false},"excerpt":{"rendered":"<p>LA POLICIA DE LOS CARDALES.<\/p>\n","protected":false},"author":3,"featured_media":26399,"comment_status":"open","ping_status":"open","sticky":false,"template":"","format":"standard","meta":{"footnotes":"","jetpack_publicize_message":"","jetpack_publicize_feature_enabled":true,"jetpack_social_post_already_shared":true,"jetpack_social_options":{"image_generator_settings":{"template":"highway","default_image_id":0,"font":"","enabled":false},"version":2}},"categories":[4],"tags":[2853,176],"class_list":["post-26396","post","type-post","status-publish","format-standard","has-post-thumbnail","hentry","category-aqui-los-cardales","tag-detenciones","tag-robos"],"jetpack_publicize_connections":[],"jetpack_featured_media_url":"https:\/\/revistaepocadigital.com.ar\/wp-content\/uploads\/2024\/08\/dolar-pesos.jpeg","jetpack_likes_enabled":true,"_links":{"self":[{"href":"https:\/\/revistaepocadigital.com.ar\/index.php?rest_route=\/wp\/v2\/posts\/26396","targetHints":{"allow":["GET"]}}],"collection":[{"href":"https:\/\/revistaepocadigital.com.ar\/index.php?rest_route=\/wp\/v2\/posts"}],"about":[{"href":"https:\/\/revistaepocadigital.com.ar\/index.php?rest_route=\/wp\/v2\/types\/post"}],"author":[{"embeddable":true,"href":"https:\/\/revistaepocadigital.com.ar\/index.php?rest_route=\/wp\/v2\/users\/3"}],"replies":[{"embeddable":true,"href":"https:\/\/revistaepocadigital.com.ar\/index.php?rest_route=%2Fwp%2Fv2%2Fcomments&post=26396"}],"version-history":[{"count":0,"href":"https:\/\/revistaepocadigital.com.ar\/index.php?rest_route=\/wp\/v2\/posts\/26396\/revisions"}],"wp:featuredmedia":[{"embeddable":true,"href":"https:\/\/revistaepocadigital.com.ar\/index.php?rest_route=\/wp\/v2\/media\/26399"}],"wp:attachment":[{"href":"https:\/\/revistaepocadigital.com.ar\/index.php?rest_route=%2Fwp%2Fv2%2Fmedia&parent=26396"}],"wp:term":[{"taxonomy":"category","embeddable":true,"href":"https:\/\/revistaepocadigital.com.ar\/index.php?rest_route=%2Fwp%2Fv2%2Fcategories&post=26396"},{"taxonomy":"post_tag","embeddable":true,"href":"https:\/\/revistaepocadigital.com.ar\/index.php?rest_route=%2Fwp%2Fv2%2Ftags&post=26396"}],"curies":[{"name":"wp","href":"https:\/\/api.w.org\/{rel}","templated":true}]}}