{"id":2643,"date":"2019-06-01T18:18:09","date_gmt":"2019-06-01T21:18:09","guid":{"rendered":"https:\/\/revistaepocadigital.com.ar\/?p=2643"},"modified":"2019-06-20T19:25:03","modified_gmt":"2019-06-20T22:25:03","slug":"que-hara-errazu-candidato-a-concejal","status":"publish","type":"post","link":"https:\/\/revistaepocadigital.com.ar\/?p=2643","title":{"rendered":"\u00bfQue har\u00e1 Errazu? \u00bfcandidato a concejal?"},"content":{"rendered":"<p><strong>ANTE EL INMINENTE CIERRE DE LAS LISTAS DE CANDIDATOS.<\/strong><!--more--><\/p>\n<p>Y luego de conocido el controversial y pol\u00e9mico acuerdo de<strong> Sergio Massa,<\/strong> l\u00edder del Frente Renovador, con Unidad Ciudadana cuya formula presidencial como se sabe la encabeza para presidente<strong> Alberto Fern\u00e1ndez<\/strong> y como vice, <strong>Cristina Fern\u00e1ndez de Kirchner<\/strong>, surgieron los consabidos interrogantes en torno a la sostenida candidatura a intendente por el Frente Renovador de <strong>Horacio Errazu.<\/strong><\/p>\n<p>Ante el hecho que a partir del acuerdo Massa-Unidad Ciudadana, en Exaltaci\u00f3n de la Cruz depar\u00f3 la consecuencia que hacia dicho espacio pol\u00edtico, confluyen como candidatos a intendente Diego Nanni y el citado Errazu. El actual secretario de gobierno, anunci\u00f3 hace poco que el oficialismo en alianza con Defensa Comunal, iban a apoyar a la f\u00f3rmula Fern\u00e1ndez-Fern\u00e1ndez.<\/p>\n<p>Ahora bien, de acuerdo a lo informado por <em>FM Studio<\/em>, un dirigente pol\u00edtico de la segunda sesi\u00f3n electoral a la que pertenece <strong>Exaltaci\u00f3n de la Cruz,<\/strong> sostuvo que en nuestro distrito no habr\u00eda PASO en el denominado Frente con Todos, donde como se ha dicho, han conflu\u00eddo Massa con el Frente Renovador y Unidad Ciudadana.<\/p>\n<p>La lista definitiva encabezada como candidato a intendente por Diego Nanni, surgir\u00eda de negociaciones con el Frente Renovador exaltacruce\u00f1o, en las que la posici\u00f3n de Nanni ser\u00eda preponderante. Se especula seg\u00fan FM Studio, que la lista del oficialismo m\u00e1s Defensa Comunal, podr\u00eda ofrecer a<strong> Errazu un lugar en la lista de candidatos a concejales.<\/strong><\/p>\n","protected":false},"excerpt":{"rendered":"<p>ANTE EL INMINENTE CIERRE DE LAS LISTAS DE CANDIDATOS.<\/p>\n","protected":false},"author":4,"featured_media":2647,"comment_status":"open","ping_status":"open","sticky":false,"template":"","format":"standard","meta":{"footnotes":"","jetpack_publicize_message":"","jetpack_publicize_feature_enabled":true,"jetpack_social_post_already_shared":false,"jetpack_social_options":{"image_generator_settings":{"template":"highway","default_image_id":0,"font":"","enabled":false},"version":2}},"categories":[17],"tags":[129,44],"class_list":["post-2643","post","type-post","status-publish","format-standard","has-post-thumbnail","hentry","category-politica","tag-candidatos","tag-elecciones-2019"],"jetpack_publicize_connections":[],"jetpack_featured_media_url":"https:\/\/revistaepocadigital.com.ar\/wp-content\/uploads\/2019\/06\/errazu-massa.jpg","jetpack_likes_enabled":true,"_links":{"self":[{"href":"https:\/\/revistaepocadigital.com.ar\/index.php?rest_route=\/wp\/v2\/posts\/2643","targetHints":{"allow":["GET"]}}],"collection":[{"href":"https:\/\/revistaepocadigital.com.ar\/index.php?rest_route=\/wp\/v2\/posts"}],"about":[{"href":"https:\/\/revistaepocadigital.com.ar\/index.php?rest_route=\/wp\/v2\/types\/post"}],"author":[{"embeddable":true,"href":"https:\/\/revistaepocadigital.com.ar\/index.php?rest_route=\/wp\/v2\/users\/4"}],"replies":[{"embeddable":true,"href":"https:\/\/revistaepocadigital.com.ar\/index.php?rest_route=%2Fwp%2Fv2%2Fcomments&post=2643"}],"version-history":[{"count":0,"href":"https:\/\/revistaepocadigital.com.ar\/index.php?rest_route=\/wp\/v2\/posts\/2643\/revisions"}],"wp:featuredmedia":[{"embeddable":true,"href":"https:\/\/revistaepocadigital.com.ar\/index.php?rest_route=\/wp\/v2\/media\/2647"}],"wp:attachment":[{"href":"https:\/\/revistaepocadigital.com.ar\/index.php?rest_route=%2Fwp%2Fv2%2Fmedia&parent=2643"}],"wp:term":[{"taxonomy":"category","embeddable":true,"href":"https:\/\/revistaepocadigital.com.ar\/index.php?rest_route=%2Fwp%2Fv2%2Fcategories&post=2643"},{"taxonomy":"post_tag","embeddable":true,"href":"https:\/\/revistaepocadigital.com.ar\/index.php?rest_route=%2Fwp%2Fv2%2Ftags&post=2643"}],"curies":[{"name":"wp","href":"https:\/\/api.w.org\/{rel}","templated":true}]}}