{"id":26443,"date":"2024-09-01T17:50:54","date_gmt":"2024-09-01T20:50:54","guid":{"rendered":"https:\/\/revistaepocadigital.com.ar\/?p=26443"},"modified":"2024-09-09T18:13:04","modified_gmt":"2024-09-09T21:13:04","slug":"44-anos-de-la-rural-entidad-que-nuclea-al-sector-en-tres-distrito","status":"publish","type":"post","link":"https:\/\/revistaepocadigital.com.ar\/?p=26443","title":{"rendered":"44 A\u00d1OS DE LA RURAL, ENTIDAD QUE NUCLEA AL SECTOR EN TRES DISTRITOS"},"content":{"rendered":"<p><strong>EXALTACI\u00d3N DE LA CRUZ, CAMPANA Y Z\u00c1RATE.<\/strong><br \/>\n<!--more--><\/p>\n<p>Numerosas e importantes razones al mismo tiempo, encierra el funcionamiento de la Sociedad Rural en Exaltaci\u00f3n de la Cruz, Campana y Z\u00e1rate. El fundamental sector del campo de vital importancia para el pa\u00eds, y en lo que tiene que ver a los tres partidos bonaerenses conocidos, nucleados en la instituci\u00f3n, encuentran y resaltan el significado y accionar de la entidad ruralista desde sus inicios, hace justamente 44 a\u00f1os, con su presencia sectorial, pol\u00edtica y comunitaria.<\/p>\n<p>&nbsp;<\/p>\n<p><img loading=\"lazy\" decoding=\"async\" class=\"aligncenter size-full wp-image-26444\" src=\"https:\/\/revistaepocadigital.com.ar\/wp-content\/uploads\/2024\/08\/rurr.jpeg\" alt=\"\" width=\"789\" height=\"710\" srcset=\"https:\/\/revistaepocadigital.com.ar\/wp-content\/uploads\/2024\/08\/rurr.jpeg 789w, https:\/\/revistaepocadigital.com.ar\/wp-content\/uploads\/2024\/08\/rurr-300x270.jpeg 300w, https:\/\/revistaepocadigital.com.ar\/wp-content\/uploads\/2024\/08\/rurr-768x691.jpeg 768w, https:\/\/revistaepocadigital.com.ar\/wp-content\/uploads\/2024\/08\/rurr-696x626.jpeg 696w, https:\/\/revistaepocadigital.com.ar\/wp-content\/uploads\/2024\/08\/rurr-467x420.jpeg 467w\" sizes=\"auto, (max-width: 789px) 100vw, 789px\" \/><\/p>\n<p><img loading=\"lazy\" decoding=\"async\" class=\"aligncenter size-medium wp-image-26445\" src=\"https:\/\/revistaepocadigital.com.ar\/wp-content\/uploads\/2024\/08\/rur2-300x72.png\" alt=\"\" width=\"300\" height=\"72\" srcset=\"https:\/\/revistaepocadigital.com.ar\/wp-content\/uploads\/2024\/08\/rur2-300x72.png 300w, https:\/\/revistaepocadigital.com.ar\/wp-content\/uploads\/2024\/08\/rur2.png 581w\" sizes=\"auto, (max-width: 300px) 100vw, 300px\" \/><\/p>\n","protected":false},"excerpt":{"rendered":"<p>EXALTACI\u00d3N DE LA CRUZ, CAMPANA Y Z\u00c1RATE.<\/p>\n","protected":false},"author":3,"featured_media":26444,"comment_status":"open","ping_status":"open","sticky":false,"template":"","format":"standard","meta":{"footnotes":"","jetpack_publicize_message":"","jetpack_publicize_feature_enabled":true,"jetpack_social_post_already_shared":true,"jetpack_social_options":{"image_generator_settings":{"template":"highway","default_image_id":0,"font":"","enabled":false},"version":2}},"categories":[13],"tags":[2858,2857],"class_list":["post-26443","post","type-post","status-publish","format-standard","has-post-thumbnail","hentry","category-interes-general","tag-aniv-44-anos","tag-sociedads-rural"],"jetpack_publicize_connections":[],"jetpack_featured_media_url":"https:\/\/revistaepocadigital.com.ar\/wp-content\/uploads\/2024\/08\/rurr.jpeg","jetpack_likes_enabled":true,"_links":{"self":[{"href":"https:\/\/revistaepocadigital.com.ar\/index.php?rest_route=\/wp\/v2\/posts\/26443","targetHints":{"allow":["GET"]}}],"collection":[{"href":"https:\/\/revistaepocadigital.com.ar\/index.php?rest_route=\/wp\/v2\/posts"}],"about":[{"href":"https:\/\/revistaepocadigital.com.ar\/index.php?rest_route=\/wp\/v2\/types\/post"}],"author":[{"embeddable":true,"href":"https:\/\/revistaepocadigital.com.ar\/index.php?rest_route=\/wp\/v2\/users\/3"}],"replies":[{"embeddable":true,"href":"https:\/\/revistaepocadigital.com.ar\/index.php?rest_route=%2Fwp%2Fv2%2Fcomments&post=26443"}],"version-history":[{"count":0,"href":"https:\/\/revistaepocadigital.com.ar\/index.php?rest_route=\/wp\/v2\/posts\/26443\/revisions"}],"wp:featuredmedia":[{"embeddable":true,"href":"https:\/\/revistaepocadigital.com.ar\/index.php?rest_route=\/wp\/v2\/media\/26444"}],"wp:attachment":[{"href":"https:\/\/revistaepocadigital.com.ar\/index.php?rest_route=%2Fwp%2Fv2%2Fmedia&parent=26443"}],"wp:term":[{"taxonomy":"category","embeddable":true,"href":"https:\/\/revistaepocadigital.com.ar\/index.php?rest_route=%2Fwp%2Fv2%2Fcategories&post=26443"},{"taxonomy":"post_tag","embeddable":true,"href":"https:\/\/revistaepocadigital.com.ar\/index.php?rest_route=%2Fwp%2Fv2%2Ftags&post=26443"}],"curies":[{"name":"wp","href":"https:\/\/api.w.org\/{rel}","templated":true}]}}