{"id":26468,"date":"2024-09-03T19:42:21","date_gmt":"2024-09-03T22:42:21","guid":{"rendered":"https:\/\/revistaepocadigital.com.ar\/?p=26468"},"modified":"2024-09-03T19:42:21","modified_gmt":"2024-09-03T22:42:21","slug":"jornada-de-la-union-industrial-de-exaltacion-de-la-cruz","status":"publish","type":"post","link":"https:\/\/revistaepocadigital.com.ar\/?p=26468","title":{"rendered":"JORNADA DE LA UNI\u00d3N INDUSTRIAL DE EXALTACI\u00d3N DE LA CRUZ"},"content":{"rendered":"<h6><strong>EN EL D\u00cdA DE LA INDUSTRIA ARGENTINA.<\/strong><\/h6>\n<h6><strong>TUVO LUGAR EN EL SAL\u00d3N MUNICIPAL LA COSMPOLITA, CUBIERTO DE P\u00daBLICO DE DISTINTAS PROCEDENCIAS, LO QUE MARC\u00d3 LA IMPORTANCIA Y CONVOCATORIA DEL EVENTO.<\/strong><br \/>\n<!--more--><\/h6>\n<p>&nbsp;<\/p>\n<p><img loading=\"lazy\" decoding=\"async\" class=\"size-full wp-image-26470\" src=\"https:\/\/revistaepocadigital.com.ar\/wp-content\/uploads\/2024\/09\/indus-2.jpeg\" alt=\"\" width=\"640\" height=\"319\" srcset=\"https:\/\/revistaepocadigital.com.ar\/wp-content\/uploads\/2024\/09\/indus-2.jpeg 640w, https:\/\/revistaepocadigital.com.ar\/wp-content\/uploads\/2024\/09\/indus-2-300x150.jpeg 300w, https:\/\/revistaepocadigital.com.ar\/wp-content\/uploads\/2024\/09\/indus-2-324x160.jpeg 324w\" sizes=\"auto, (max-width: 640px) 100vw, 640px\" \/><\/p>\n<p><span style=\"color: #111111; font-family: Roboto, sans-serif; font-size: 16px;\">Asistieron el intendente Diego Nanni, directivos y miembros de la Uni\u00f3n Industrial de Exaltaci\u00f3n de la Cruz, de entidades afines, empresarios y p\u00fablico en general. El jefe comunal al abrir la jornada sostuvo que era &#8220;<em>un encuentro muy importante para profundizar este v\u00ednculo que tenemos desde el Municipio con el sector industrial. Porque si bien somos un distrito con un sector agropecuario amplio y muy desarrollado, con costumbres y un arraigo muy fuerte, tenemos el desaf\u00edo de crecer a trav\u00e9s del cord\u00f3n industrial de la zona norte al cual pertenecemos, con puertos y rutas muy importantes en la zona&#8221;.<\/em><\/span><\/p>\n<div class=\"_a9zs\">\n<p>Despu\u00e9s Nanni extendi\u00f3 sus palabras (tambi\u00e9n replicadas en la red social Instagram) y se\u00f1al\u00f3 que &#8220;<em>dentro de ese debate, de c\u00f3mo crecemos y c\u00f3mo progresamos, apostamos al desarrollo industrial a trav\u00e9s de los parques industriales y la generaci\u00f3n de 400 nuevas parcelas, algunas ya ocupadas con el beneficio de exenciones impositivas, invirtiendo en un futuro que genere puestos de trabajo para nuestros vecinos, recurso humano local con la capacitaci\u00f3n necesaria a trav\u00e9s de carreras terciarias y universitarias. Algo que comenz\u00f3 en 2019 de manera virtual y que hoy avanza en nuestro Complejo Universitario, en el centro de Capilla del Se\u00f1or&#8221;.<\/em><\/p>\n<p><em>Hoy, el d\u00eda de la Industria Argentina -s<\/em>e\u00f1al\u00f3 m\u00e1s tarde<em>&#8211; algo que es muy importante para m\u00ed que sepan que, sin abandonar nuestra historia y nuestro sector agropecuario, estamos comprometidos en acompa\u00f1ar el crecimiento de la industria, el desarrollo de los parques, gestionando la inversi\u00f3n en los servicios necesarios para su desarrollo y el de nuestro pueblo.<\/em><\/p>\n<p><img loading=\"lazy\" decoding=\"async\" class=\"size-full wp-image-26471\" src=\"https:\/\/revistaepocadigital.com.ar\/wp-content\/uploads\/2024\/09\/indus-3.jpeg\" alt=\"\" width=\"640\" height=\"346\" srcset=\"https:\/\/revistaepocadigital.com.ar\/wp-content\/uploads\/2024\/09\/indus-3.jpeg 640w, https:\/\/revistaepocadigital.com.ar\/wp-content\/uploads\/2024\/09\/indus-3-300x162.jpeg 300w\" sizes=\"auto, (max-width: 640px) 100vw, 640px\" \/><\/p>\n<p><em>Estamos comprometidos en dar ese gran paso para que Exaltaci\u00f3n de la Cruz est\u00e9 en condiciones para que se pueda producir, con todas las herramientas para progresar dignamente, con el cuidado del medioambiente, con infraestructura, cuidando a todo aquel que desee radicarse en nuestro distrito, que tenga una buena calidad de vida, sin perder esta impronta que tanto nos enamora, la de pueblo chico, la de familia.<\/em><\/p>\n<p>Al culminar, Nanni abog\u00f3 por un partido de Exaltaci\u00f3n de la Cruz, &#8220;m\u00e1s inclusivo y con posibilidades de crecimiento para todos&#8221;.<\/p>\n<\/div>\n<div class=\"mceTemp\"><\/div>\n","protected":false},"excerpt":{"rendered":"<p>EN EL D\u00cdA DE LA INDUSTRIA ARGENTINA. TUVO LUGAR EN EL SAL\u00d3N MUNICIPAL LA COSMPOLITA, CUBIERTO DE P\u00daBLICO DE DISTINTAS PROCEDENCIAS, LO QUE MARC\u00d3 LA IMPORTANCIA Y CONVOCATORIA DEL EVENTO.<\/p>\n","protected":false},"author":4,"featured_media":26469,"comment_status":"open","ping_status":"open","sticky":false,"template":"","format":"standard","meta":{"footnotes":"","jetpack_publicize_message":"","jetpack_publicize_feature_enabled":true,"jetpack_social_post_already_shared":true,"jetpack_social_options":{"image_generator_settings":{"template":"highway","default_image_id":0,"font":"","enabled":false},"version":2}},"categories":[13],"tags":[547],"class_list":["post-26468","post","type-post","status-publish","format-standard","has-post-thumbnail","hentry","category-interes-general","tag-union-industrial-ex-de-la-cruz"],"jetpack_publicize_connections":[],"jetpack_featured_media_url":"https:\/\/revistaepocadigital.com.ar\/wp-content\/uploads\/2024\/09\/indus-1.jpeg","jetpack_likes_enabled":true,"_links":{"self":[{"href":"https:\/\/revistaepocadigital.com.ar\/index.php?rest_route=\/wp\/v2\/posts\/26468","targetHints":{"allow":["GET"]}}],"collection":[{"href":"https:\/\/revistaepocadigital.com.ar\/index.php?rest_route=\/wp\/v2\/posts"}],"about":[{"href":"https:\/\/revistaepocadigital.com.ar\/index.php?rest_route=\/wp\/v2\/types\/post"}],"author":[{"embeddable":true,"href":"https:\/\/revistaepocadigital.com.ar\/index.php?rest_route=\/wp\/v2\/users\/4"}],"replies":[{"embeddable":true,"href":"https:\/\/revistaepocadigital.com.ar\/index.php?rest_route=%2Fwp%2Fv2%2Fcomments&post=26468"}],"version-history":[{"count":0,"href":"https:\/\/revistaepocadigital.com.ar\/index.php?rest_route=\/wp\/v2\/posts\/26468\/revisions"}],"wp:featuredmedia":[{"embeddable":true,"href":"https:\/\/revistaepocadigital.com.ar\/index.php?rest_route=\/wp\/v2\/media\/26469"}],"wp:attachment":[{"href":"https:\/\/revistaepocadigital.com.ar\/index.php?rest_route=%2Fwp%2Fv2%2Fmedia&parent=26468"}],"wp:term":[{"taxonomy":"category","embeddable":true,"href":"https:\/\/revistaepocadigital.com.ar\/index.php?rest_route=%2Fwp%2Fv2%2Fcategories&post=26468"},{"taxonomy":"post_tag","embeddable":true,"href":"https:\/\/revistaepocadigital.com.ar\/index.php?rest_route=%2Fwp%2Fv2%2Ftags&post=26468"}],"curies":[{"name":"wp","href":"https:\/\/api.w.org\/{rel}","templated":true}]}}