{"id":26481,"date":"2024-09-03T20:28:00","date_gmt":"2024-09-03T23:28:00","guid":{"rendered":"https:\/\/revistaepocadigital.com.ar\/?p=26481"},"modified":"2024-09-03T20:29:06","modified_gmt":"2024-09-03T23:29:06","slug":"mejorar-las-rutas-y-las-actitudes-al-manejar","status":"publish","type":"post","link":"https:\/\/revistaepocadigital.com.ar\/?p=26481","title":{"rendered":"MEJORAR LAS RUTAS Y LAS ACTITUDES AL MANEJAR"},"content":{"rendered":"<div class=\"html-div xdj266r x11i5rnm xat24cr x1mh8g0r xexx8yu x4uap5 x18d9i69 xkhd6sd\">\n<div class=\"html-div xdj266r x11i5rnm x1mh8g0r x18d9i69 x1cy8zhl x78zum5 x1q0g3np xod5an3 x1pi30zi x1swvt13 xz9dl7a\">\n<div class=\"html-div xdj266r x11i5rnm xat24cr x1mh8g0r xexx8yu x4uap5 x18d9i69 xkhd6sd x1iyjqo2\">\n<div class=\"x78zum5 xdt5ytf xz62fqu x16ldp7u\">\n<div class=\"xu06os2 x1ok221b\">\n<h4 id=\":r35:\" class=\"html-h4 x11i5rnm xat24cr x1mh8g0r xexx8yu x4uap5 x18d9i69 xkhd6sd x1vvkbs x1heor9g x1qlqyl8 x1pd3egz x1a2a7pz x1gslohp x1yc453h\"><strong><span class=\"xzpqnlu xjm9jq1 x6ikm8r x10wlt62 x10l6tqk x1i1rx1s\" style=\"color: #222222; font-family: Verdana, Geneva, sans-serif; font-size: 15px;\">\u00a0<\/span><span style=\"color: #222222; font-family: Verdana, Geneva, sans-serif; font-size: 15px;\" aria-hidden=\"true\">\u00a0SOBRE LA RUTA PROVINCIAL 39. PRINCIPAL V\u00cdA DE ACCESO Y EGRESO DE CAPILLA DEL SE\u00d1OR.<!--more--><\/span><\/strong><\/h4>\n<p>Su estado es motivo de constante preocupaci\u00f3n por el lado de los vecinos, con el transcurso del tiempo, el aumento del tr\u00e1nsito vehicular de todo tipo, as\u00ed como el crecimiento de la poblaci\u00f3n en las zonas adyacentes, cada vez con m\u00e1s viviendas, barrios, emprendimientos industriales, comercios, escuelas, han aumento la atenci\u00f3n incluso del municipio en torno a la Ruta 39.<\/p>\n<p>A\u00f1os atr\u00e1s fue repavimentada y m\u00e1s recientemente fue se\u00f1alizada en forma debida, uno de los reclamos m\u00e1s elocuentes, a modo de incrementar la seguridad vial a la cual, no hay que dejar de tener en cuenta, hay que sumarle el factor humano. La forma de conducir de automovilistas, transportistas, muchas veces imprudente, peligrosa y sin contemplar riesgos.<\/p>\n<p>En la Ruta 39, a la altura de la localidad de Pav\u00f3n, fueron colocados m\u00e1s de 500 tachas reflectivas, un proyecto que hicieron saber desde la municipalidad, &#8220;gestionamos a trav\u00e9s de Vialidad de la provincia de Buenos Aires, y que se suma a la demarcaci\u00f3n y se\u00f1alizaci\u00f3n ya realizada hasta el ingreso a Capilla del Se\u00f1or&#8221;. &#8220;Seguimos gestionando porque creemos en la presencia del Estado y en llevar adelante obras tan importantes como estas, donde mejoramos la seguridad vial de cada vecino y visitante que transita esta ruta&#8221;, acotaron con un tinte pol\u00edtico desde la comuna.<\/p>\n<\/div>\n<\/div>\n<\/div>\n<\/div>\n<\/div>\n<p>&nbsp;<\/p>\n","protected":false},"excerpt":{"rendered":"<p>\u00a0\u00a0SOBRE LA RUTA PROVINCIAL 39. PRINCIPAL V\u00cdA DE ACCESO Y EGRESO DE CAPILLA DEL SE\u00d1OR.<\/p>\n","protected":false},"author":4,"featured_media":26483,"comment_status":"open","ping_status":"open","sticky":false,"template":"","format":"standard","meta":{"footnotes":"","jetpack_publicize_message":"","jetpack_publicize_feature_enabled":true,"jetpack_social_post_already_shared":true,"jetpack_social_options":{"image_generator_settings":{"template":"highway","default_image_id":0,"font":"","enabled":false},"version":2}},"categories":[6],"tags":[2863],"class_list":["post-26481","post","type-post","status-publish","format-standard","has-post-thumbnail","hentry","category-barrios","tag-senalizacion-ruta-39"],"jetpack_publicize_connections":[],"jetpack_featured_media_url":"https:\/\/revistaepocadigital.com.ar\/wp-content\/uploads\/2024\/09\/RUTA-9-TACHAS.jpg","jetpack_likes_enabled":true,"_links":{"self":[{"href":"https:\/\/revistaepocadigital.com.ar\/index.php?rest_route=\/wp\/v2\/posts\/26481","targetHints":{"allow":["GET"]}}],"collection":[{"href":"https:\/\/revistaepocadigital.com.ar\/index.php?rest_route=\/wp\/v2\/posts"}],"about":[{"href":"https:\/\/revistaepocadigital.com.ar\/index.php?rest_route=\/wp\/v2\/types\/post"}],"author":[{"embeddable":true,"href":"https:\/\/revistaepocadigital.com.ar\/index.php?rest_route=\/wp\/v2\/users\/4"}],"replies":[{"embeddable":true,"href":"https:\/\/revistaepocadigital.com.ar\/index.php?rest_route=%2Fwp%2Fv2%2Fcomments&post=26481"}],"version-history":[{"count":0,"href":"https:\/\/revistaepocadigital.com.ar\/index.php?rest_route=\/wp\/v2\/posts\/26481\/revisions"}],"wp:featuredmedia":[{"embeddable":true,"href":"https:\/\/revistaepocadigital.com.ar\/index.php?rest_route=\/wp\/v2\/media\/26483"}],"wp:attachment":[{"href":"https:\/\/revistaepocadigital.com.ar\/index.php?rest_route=%2Fwp%2Fv2%2Fmedia&parent=26481"}],"wp:term":[{"taxonomy":"category","embeddable":true,"href":"https:\/\/revistaepocadigital.com.ar\/index.php?rest_route=%2Fwp%2Fv2%2Fcategories&post=26481"},{"taxonomy":"post_tag","embeddable":true,"href":"https:\/\/revistaepocadigital.com.ar\/index.php?rest_route=%2Fwp%2Fv2%2Ftags&post=26481"}],"curies":[{"name":"wp","href":"https:\/\/api.w.org\/{rel}","templated":true}]}}