{"id":26485,"date":"2024-09-03T20:46:37","date_gmt":"2024-09-03T23:46:37","guid":{"rendered":"https:\/\/revistaepocadigital.com.ar\/?p=26485"},"modified":"2024-09-03T21:09:09","modified_gmt":"2024-09-04T00:09:09","slug":"xxxiii-salon-de-artes-plasticas-luis-gualchi","status":"publish","type":"post","link":"https:\/\/revistaepocadigital.com.ar\/?p=26485","title":{"rendered":"XXXIII Sal\u00f3n\u00a0 de Artes Pl\u00e1sticas Luis Gualchi"},"content":{"rendered":"<p><strong>INFALTABLE.<\/strong><!--more--><\/p>\n<p>Como cada mes de septiembre, mes tradicional de los Festejos Patronales, tiene lugar el Sal\u00f3n de Artes Pl\u00e1sticas Luis Gualchi, un tan merecido homenaje constante al recordado artista exaltacruce\u00f1o.<\/p>\n<p>El XXXIII Sal\u00f3n\u00a0 de Artes Pl\u00e1sticas Luis Gualchi 2024, se inauguraba este s\u00e1bado 7 de septiembre, en el Centro Cultural Cosmopolita, uno de los enclaves emblem\u00e1ticos e hist\u00f3ricos\u00a0 con que cuenta Capilla del Se\u00f1or, ubicado en Estrada 553.<\/p>\n<p><strong><img loading=\"lazy\" decoding=\"async\" class=\"aligncenter size-full wp-image-26487\" src=\"https:\/\/revistaepocadigital.com.ar\/wp-content\/uploads\/2024\/09\/gualchi24.jpeg\" alt=\"\" width=\"640\" height=\"544\" srcset=\"https:\/\/revistaepocadigital.com.ar\/wp-content\/uploads\/2024\/09\/gualchi24.jpeg 640w, https:\/\/revistaepocadigital.com.ar\/wp-content\/uploads\/2024\/09\/gualchi24-300x255.jpeg 300w, https:\/\/revistaepocadigital.com.ar\/wp-content\/uploads\/2024\/09\/gualchi24-494x420.jpeg 494w\" sizes=\"auto, (max-width: 640px) 100vw, 640px\" \/><\/strong><\/p>\n<p>&nbsp;<\/p>\n","protected":false},"excerpt":{"rendered":"<p>INFALTABLE.<\/p>\n","protected":false},"author":3,"featured_media":26487,"comment_status":"open","ping_status":"open","sticky":false,"template":"","format":"standard","meta":{"footnotes":"","jetpack_publicize_message":"","jetpack_publicize_feature_enabled":true,"jetpack_social_post_already_shared":true,"jetpack_social_options":{"image_generator_settings":{"template":"highway","default_image_id":0,"font":"","enabled":false},"version":2}},"categories":[14],"tags":[892],"class_list":["post-26485","post","type-post","status-publish","format-standard","has-post-thumbnail","hentry","category-la-gente","tag-salon-gualchi"],"jetpack_publicize_connections":[],"jetpack_featured_media_url":"https:\/\/revistaepocadigital.com.ar\/wp-content\/uploads\/2024\/09\/gualchi24.jpeg","jetpack_likes_enabled":true,"_links":{"self":[{"href":"https:\/\/revistaepocadigital.com.ar\/index.php?rest_route=\/wp\/v2\/posts\/26485","targetHints":{"allow":["GET"]}}],"collection":[{"href":"https:\/\/revistaepocadigital.com.ar\/index.php?rest_route=\/wp\/v2\/posts"}],"about":[{"href":"https:\/\/revistaepocadigital.com.ar\/index.php?rest_route=\/wp\/v2\/types\/post"}],"author":[{"embeddable":true,"href":"https:\/\/revistaepocadigital.com.ar\/index.php?rest_route=\/wp\/v2\/users\/3"}],"replies":[{"embeddable":true,"href":"https:\/\/revistaepocadigital.com.ar\/index.php?rest_route=%2Fwp%2Fv2%2Fcomments&post=26485"}],"version-history":[{"count":0,"href":"https:\/\/revistaepocadigital.com.ar\/index.php?rest_route=\/wp\/v2\/posts\/26485\/revisions"}],"wp:featuredmedia":[{"embeddable":true,"href":"https:\/\/revistaepocadigital.com.ar\/index.php?rest_route=\/wp\/v2\/media\/26487"}],"wp:attachment":[{"href":"https:\/\/revistaepocadigital.com.ar\/index.php?rest_route=%2Fwp%2Fv2%2Fmedia&parent=26485"}],"wp:term":[{"taxonomy":"category","embeddable":true,"href":"https:\/\/revistaepocadigital.com.ar\/index.php?rest_route=%2Fwp%2Fv2%2Fcategories&post=26485"},{"taxonomy":"post_tag","embeddable":true,"href":"https:\/\/revistaepocadigital.com.ar\/index.php?rest_route=%2Fwp%2Fv2%2Ftags&post=26485"}],"curies":[{"name":"wp","href":"https:\/\/api.w.org\/{rel}","templated":true}]}}