{"id":26506,"date":"2024-09-06T23:39:53","date_gmt":"2024-09-07T02:39:53","guid":{"rendered":"https:\/\/revistaepocadigital.com.ar\/?p=26506"},"modified":"2024-09-06T23:40:30","modified_gmt":"2024-09-07T02:40:30","slug":"querido-juan-grabois","status":"publish","type":"post","link":"https:\/\/revistaepocadigital.com.ar\/?p=26506","title":{"rendered":"&#8220;QUERIDO JUAN GRABOIS&#8221;"},"content":{"rendered":"<div class=\"I_ZkbNhI D_FY W_6D6F\" data-test-id=\"message-view-body\">\n<div class=\"msg-body P_wpofO mq_AS\" data-test-id=\"message-view-body-content\">\n<div class=\"jb_0 X_6MGW N_6Fd5\">\n<div id=\"yiv2423313287\">\n<div class=\"yiv2423313287yahoo-signature\">\n<div><strong>UN POSTEO EN LA RED SOCIAL X (antes Twitter) QUE DA QUE HABLAR.<!--more--><\/strong><\/div>\n<div><\/div>\n<div>Carta de Juan Carlos Mitre a JUAN GRABOIS:<\/div>\n<div>@JuanGrabois<\/div>\n<div><\/div>\n<div>Querido @JuanGrabois<\/div>\n<div>He le\u00eddo tu carta con mucha atenci\u00f3n.<\/div>\n<div><\/div>\n<div>Soy Juan Carlos Mitre &#8211; DNI 10.880.180.<\/div>\n<div>Hijo de Magdalena, empleada dom\u00e9stica, y Antonio, empleado de comercio y quinielero.<\/div>\n<div><\/div>\n<div>Estudi\u00e9 la \u00a0primaria en la Escuela 1 Jos\u00e9 M. Estrada, \u00a0secundaria en la Escuela Normal Nacional Florentino Ameghino y me recib\u00ed de Odont\u00f3logo en 1976 en la UBA, por supuesto todas estatales.<\/div>\n<div><\/div>\n<div>Mis dos hijos siguieron caminos similares, siempre educados por el estado argentino.<\/div>\n<div><\/div>\n<div>Creo, @JuanGrabois que ni falta hace aclararte donde estoy parado con respecto a la Rducaci\u00f3n P\u00fablica.<\/div>\n<div><\/div>\n<div>Sin embargo me gustar\u00eda puntualizar un par de cosas, importantes desde mi punto de vista.<\/div>\n<div><\/div>\n<div>Comenc\u00e9 a estudiar en la UBA en el a\u00f1o 1972.<\/div>\n<div>En 1974, el entonces gobierno PERONISTA del General Per\u00f3n e Isabel Mart\u00ednez de Per\u00f3n, a trav\u00e9s de su Ministro de Educaci\u00f3n \u00a0IVANISEVICH , y el Rector de la UBA, ALBERTO OTTALAGANO, clausuraron durante 6 meses pr\u00e1cticamente todo el ciclo lectivo del a\u00f1o, todas las facultades de la UBA.<\/div>\n<div><\/div>\n<div>Y cuando protest\u00e1bamos por el cierre directamente \u00edbamos presos (los que tuvimos suerte).<\/div>\n<div>Era \u00e9poca de la Triple AAA, creada por el peronismo. \u00bfTe suena, \u00a0@JuanGrabois?<\/div>\n<div><\/div>\n<div>Claro vos sos muy joven.<\/div>\n<div>Naciste en el 1983, y no te contaron TODA LA HISTORIA.<\/div>\n<div><\/div>\n<div>A mi no hace falta que me la cuenten, porque la viv\u00ed personalmente con esta misma piel .<\/div>\n<div><\/div>\n<div>Te cuento @JuanGrabois, \u00a0que estudiaba de noche, mientras era playero en una estaci\u00f3n de servicio de d\u00eda.<\/div>\n<div>Y fui durante muchos a\u00f1os Docente de la UBA sin cobrar un solo peso.<\/div>\n<div><\/div>\n<div>Abrazo a la Universidad P\u00fablica, y te aseguro que la conozco bastante bien.<\/div>\n<div><\/div>\n<div>Y todos sabemos perfectamente que se convirti\u00f3 en una caja pol\u00edtica, en una agencia de empleo para militantes pol\u00edticos.<\/div>\n<div><\/div>\n<div>Durante los \u00faltimos cuatro a\u00f1os redujeron a la mitad el presupuesto universitario medido en valores constantes.<\/div>\n<div><\/div>\n<div>Y \u00a0capaz me la perd\u00ed, pero no vi ninguna manifestaci\u00f3n, \u00a0ni le\u00ed ninguna cartita tuya.<\/div>\n<div><\/div>\n<div>Pero contemos TODA LA HISTORIA, por favor.<\/div>\n<div><\/div>\n<div>Por \u00faltimo @JuanGrabois, \u00bfpasaste el a\u00f1o pasado por el Hospital de Cl\u00ednicas?<\/div>\n<div>Porque parece que se vino abajo desde el mes de Enero y as\u00ed contin\u00faa.<\/div>\n<div><\/div>\n<div>Y para terminar, sabes que hermoso presupuesto universitario para todos los j\u00f3venes argentinos tendr\u00edamos sin SKASNKA, sin la venta de acciones de YPF a los Eskenazy, sin L\u00e1zaro Baez, sin la Rosadita, sin los Hoteles del Calafate, sin la fuga de impuestos de Crist\u00f3bal L\u00f3pez, socio de N\u00e9stor, sin la guita para Andrea del Boca, sin los yates y las putas de Insaurralde, sin el plan CUNITA, sin los guardapolvos de la TOLOSA, sin los curros de Aerol\u00edneas, sin los cuadernos, sin Lopecito y los bolsos, \u00a0sin Boudou y Ciccone, sin la Efedrina de la morsa, sin el colador de migraciones importando narcotraficantes, sin los Seguros y vacunas de Alberto, sin los 14 palos de jubilaci\u00f3n de La Sra. Fern\u00e1ndez de Kirchner.<\/div>\n<div><\/div>\n<div>Estoy seguro que queremos lo mismo, @JuanGrabois<\/div>\n<div><\/div>\n<div>Amo LA UBA y la Educaci\u00f3n P\u00fablica.<\/div>\n<div><\/div>\n<div>Pero a mis 70 a\u00f1os, me enoja mucho que \u00a0me tomen de pelotudo.<\/div>\n<div><\/div>\n<p>Un sincero abrazo, @JuanGrabois<\/p>\n<\/div>\n<\/div>\n<\/div>\n<\/div>\n<\/div>\n<div class=\"H_7jIs D_F ab_C Q_69H5 E_36RhU\" data-test-id=\"toolbar-hover-area\">\n<div class=\"D_F W_6D6F r_BN gl_C\" data-test-id=\"card-toolbar\">\n<div class=\"D_F ab_C en_0 b_Z14vXdP e_3mS2U I_ZkbNhI P_Z1otBpf\">\n<p>&nbsp;<\/p>\n<\/div>\n<\/div>\n<\/div>\n","protected":false},"excerpt":{"rendered":"<p>UN POSTEO EN LA RED SOCIAL X (antes Twitter) QUE DA QUE HABLAR.<\/p>\n","protected":false},"author":4,"featured_media":26514,"comment_status":"open","ping_status":"open","sticky":false,"template":"","format":"standard","meta":{"footnotes":"","jetpack_publicize_message":"","jetpack_publicize_feature_enabled":true,"jetpack_social_post_already_shared":true,"jetpack_social_options":{"image_generator_settings":{"template":"highway","default_image_id":0,"font":"","enabled":false},"version":2}},"categories":[17],"tags":[1588,2867,2496],"class_list":["post-26506","post","type-post","status-publish","format-standard","has-post-thumbnail","hentry","category-politica","tag-carta","tag-grabois","tag-x"],"jetpack_publicize_connections":[],"jetpack_featured_media_url":"https:\/\/revistaepocadigital.com.ar\/wp-content\/uploads\/2024\/09\/Grabois-Perfil.webp","jetpack_likes_enabled":true,"_links":{"self":[{"href":"https:\/\/revistaepocadigital.com.ar\/index.php?rest_route=\/wp\/v2\/posts\/26506","targetHints":{"allow":["GET"]}}],"collection":[{"href":"https:\/\/revistaepocadigital.com.ar\/index.php?rest_route=\/wp\/v2\/posts"}],"about":[{"href":"https:\/\/revistaepocadigital.com.ar\/index.php?rest_route=\/wp\/v2\/types\/post"}],"author":[{"embeddable":true,"href":"https:\/\/revistaepocadigital.com.ar\/index.php?rest_route=\/wp\/v2\/users\/4"}],"replies":[{"embeddable":true,"href":"https:\/\/revistaepocadigital.com.ar\/index.php?rest_route=%2Fwp%2Fv2%2Fcomments&post=26506"}],"version-history":[{"count":0,"href":"https:\/\/revistaepocadigital.com.ar\/index.php?rest_route=\/wp\/v2\/posts\/26506\/revisions"}],"wp:featuredmedia":[{"embeddable":true,"href":"https:\/\/revistaepocadigital.com.ar\/index.php?rest_route=\/wp\/v2\/media\/26514"}],"wp:attachment":[{"href":"https:\/\/revistaepocadigital.com.ar\/index.php?rest_route=%2Fwp%2Fv2%2Fmedia&parent=26506"}],"wp:term":[{"taxonomy":"category","embeddable":true,"href":"https:\/\/revistaepocadigital.com.ar\/index.php?rest_route=%2Fwp%2Fv2%2Fcategories&post=26506"},{"taxonomy":"post_tag","embeddable":true,"href":"https:\/\/revistaepocadigital.com.ar\/index.php?rest_route=%2Fwp%2Fv2%2Ftags&post=26506"}],"curies":[{"name":"wp","href":"https:\/\/api.w.org\/{rel}","templated":true}]}}