{"id":26508,"date":"2024-09-06T23:32:06","date_gmt":"2024-09-07T02:32:06","guid":{"rendered":"https:\/\/revistaepocadigital.com.ar\/?p=26508"},"modified":"2024-09-06T23:33:12","modified_gmt":"2024-09-07T02:33:12","slug":"anses-calendarios-de-pagos-en-septiembre","status":"publish","type":"post","link":"https:\/\/revistaepocadigital.com.ar\/?p=26508","title":{"rendered":"ANSES. CALENDARIOS DE PAGOS EN SEPTIEMBRE"},"content":{"rendered":"<p class=\"yiv7883823575MsoNormal\"><b>INFORMACI\u00d3N IMPORTANTE.<\/b><!--more--><\/p>\n<p class=\"yiv7883823575MsoNormal\">Se comunicaron los calendarios de pagos de <b>septiembre<\/b>\u00a0para jubilados, pensionados y titulares de Pensiones No Contributivas (PNC), Asignaci\u00f3n Universal por Hijo, Asignaci\u00f3n por Embarazo, Asignaciones Familiares y Prestaci\u00f3n por Desempleo.<\/p>\n<p class=\"yiv7883823575MsoNormal\"><b>\u00a0<\/b><\/p>\n<p class=\"yiv7883823575MsoNormal\"><b>Jubilaciones y pensiones que no superen un haber m\u00ednimo<\/b><\/p>\n<p class=\"yiv7883823575MsoNormal\">\u2022 DNI terminados en 0: 9 de septiembre<\/p>\n<p class=\"yiv7883823575MsoNormal\">\u2022 DNI terminados en 1: 10 de septiembre<\/p>\n<p class=\"yiv7883823575MsoNormal\">\u2022 DNI terminados en 2: 11 de septiembre<\/p>\n<p class=\"yiv7883823575MsoNormal\">\u2022 DNI terminados en 3: 12 de septiembre<\/p>\n<p class=\"yiv7883823575MsoNormal\">\u2022 DNI terminados en 4: 13 de septiembre<\/p>\n<p class=\"yiv7883823575MsoNormal\">\u2022 DNI terminados en 5: 16 de septiembre<\/p>\n<p class=\"yiv7883823575MsoNormal\">\u2022 DNI terminados en 6: 17 de septiembre<\/p>\n<p class=\"yiv7883823575MsoNormal\">\u2022 DNI terminados en 7: 18 de septiembre<\/p>\n<p class=\"yiv7883823575MsoNormal\">\u2022 DNI terminados en 8: 19 de septiembre<\/p>\n<p class=\"yiv7883823575MsoNormal\">\u2022 DNI terminados en 9: 20 de septiembre<\/p>\n<p class=\"yiv7883823575MsoNormal\"><b>Jubilaciones y pensiones que superen un haber m\u00ednimo<\/b><\/p>\n<p class=\"yiv7883823575MsoNormal\">\u2022 DNI terminados en 0 y 1: 23 de septiembre<\/p>\n<p class=\"yiv7883823575MsoNormal\">\u2022 DNI terminados en 2 y 3: 24 de septiembre<\/p>\n<p class=\"yiv7883823575MsoNormal\">\u2022 DNI terminados en 4 y 5: 25 de septiembre<\/p>\n<p class=\"yiv7883823575MsoNormal\">\u2022 DNI terminados en 6 y 7: 26 de septiembre<\/p>\n<p class=\"yiv7883823575MsoNormal\">\u2022 DNI terminados en 8 y 9: 27 de septiembre<\/p>\n<p class=\"yiv7883823575MsoNormal\"><b>\u00a0<\/b><\/p>\n<p class=\"yiv7883823575MsoNormal\"><b>Asignaci\u00f3n Universal por Hijo y Asignaci\u00f3n Familiar por Hijo<\/b><\/p>\n<p class=\"yiv7883823575MsoNormal\">\u2022 DNI terminados en 0: 9 de septiembre<\/p>\n<p class=\"yiv7883823575MsoNormal\">\u2022 DNI terminados en 1: 10 de septiembre<\/p>\n<p class=\"yiv7883823575MsoNormal\">\u2022 DNI terminados en 2: 11 de septiembre<\/p>\n<p class=\"yiv7883823575MsoNormal\">\u2022 DNI terminados en 3: 12 de septiembre<\/p>\n<p class=\"yiv7883823575MsoNormal\">\u2022 DNI terminados en 4: 13 de septiembre<\/p>\n<p class=\"yiv7883823575MsoNormal\">\u2022 DNI terminados en 5: 16 de septiembre<\/p>\n<p class=\"yiv7883823575MsoNormal\">\u2022 DNI terminados en 6: 17 de septiembre<\/p>\n<p class=\"yiv7883823575MsoNormal\">\u2022 DNI terminados en 7: 18 de septiembre<\/p>\n<p class=\"yiv7883823575MsoNormal\">\u2022 DNI terminados en 8: 19 de septiembre<\/p>\n<p class=\"yiv7883823575MsoNormal\">\u2022 DNI terminados en 9: 20 de septiembre<\/p>\n<p class=\"yiv7883823575MsoNormal\"><b>Asignaci\u00f3n por Embarazo<\/b><\/p>\n<p class=\"yiv7883823575MsoNormal\">\u2022 DNI terminados en 0: 10 de septiembre<\/p>\n<p class=\"yiv7883823575MsoNormal\">\u2022 DNI terminados en 1:\u00a0 11 de septiembre<\/p>\n<p class=\"yiv7883823575MsoNormal\">\u2022 DNI terminados en 2: 12 de septiembre<\/p>\n<p class=\"yiv7883823575MsoNormal\">\u2022 DNI terminados en 3: 13 de septiembre<\/p>\n<p class=\"yiv7883823575MsoNormal\">\u2022 DNI terminados en 4: 16 de septiembre<\/p>\n<p class=\"yiv7883823575MsoNormal\">\u2022 DNI terminados en 5: 17 de septiembre<\/p>\n<p class=\"yiv7883823575MsoNormal\">\u2022 DNI terminados en 6: 18 de septiembre<\/p>\n<p class=\"yiv7883823575MsoNormal\">\u2022 DNI terminados en 7: 19 de septiembre<\/p>\n<p class=\"yiv7883823575MsoNormal\">\u2022 DNI terminados en 8: 20 de septiembre<\/p>\n<p class=\"yiv7883823575MsoNormal\">\u2022 DNI terminados en 9: 23 de septiembre<\/p>\n<p class=\"yiv7883823575MsoNormal\"><b>\u00a0<\/b><\/p>\n<p class=\"yiv7883823575MsoNormal\"><b>Asignaci\u00f3n por Prenatal y Maternidad<\/b><\/p>\n<p class=\"yiv7883823575MsoNormal\">\u2022 DNI terminados en 0 y 1: 10 de septiembre<\/p>\n<p class=\"yiv7883823575MsoNormal\">\u2022 DNI terminados en 2 y 3: 11 de septiembre<\/p>\n<p class=\"yiv7883823575MsoNormal\">\u2022 DNI terminados en 4 y 5: 12 de septiembre<\/p>\n<p class=\"yiv7883823575MsoNormal\">\u2022 DNI terminados en 6 y 7: 13 de septiembre<\/p>\n<p class=\"yiv7883823575MsoNormal\">\u2022 DNI terminados en 8 y 9: 16 de septiembre<\/p>\n<p class=\"yiv7883823575MsoNormal\"><b>\u00a0<\/b><\/p>\n<p class=\"yiv7883823575MsoNormal\"><b>Asignaciones Pago \u00danico (Matrimonio, Nacimiento, Adopci\u00f3n)<\/b><\/p>\n<p class=\"yiv7883823575MsoNormal\">\u2022 Todas las terminaciones de documento: 10 de septiembre al 10 de octubre<\/p>\n<p class=\"yiv7883823575MsoNormal\"><b>Pensiones No Contributivas<\/b><\/p>\n<p class=\"yiv7883823575MsoNormal\">\u2022 DNI terminados en 0 y 1: 9 de septiembre<\/p>\n<p class=\"yiv7883823575MsoNormal\">\u2022 DNI terminados en 2 y 3: 10 de septiembre<\/p>\n<p class=\"yiv7883823575MsoNormal\">\u2022 DNI terminados en 4 y 5: 11 de septiembre<\/p>\n<p class=\"yiv7883823575MsoNormal\">\u2022 DNI terminados en 6 y 7: 12 de septiembre<\/p>\n<p class=\"yiv7883823575MsoNormal\">\u2022 DNI terminados en 8 y 9: 13 de septiembre<\/p>\n<p class=\"yiv7883823575MsoNormal\"><b>Asignaciones Familiares de Pensiones No Contributivas<\/b><\/p>\n<p class=\"yiv7883823575MsoNormal\">\u2022 Todas las terminaciones de documento: 9 de septiembre al 10 de octubre<\/p>\n<p class=\"yiv7883823575MsoNormal\"><b>Prestaci\u00f3n por Desempleo<\/b><\/p>\n<p class=\"yiv7883823575MsoNormal\">\u2022 DNI terminados en 0 y 1: 20 de septiembre<\/p>\n<p class=\"yiv7883823575MsoNormal\">\u2022 DNI terminados en 2 y 3: 23 de septiembre<\/p>\n<p class=\"yiv7883823575MsoNormal\">\u2022 DNI terminados en 4 y 5: 24 de septiembre<\/p>\n<p class=\"yiv7883823575MsoNormal\">\u2022 DNI terminados en 6 y 7: 25 de septiembre<\/p>\n<p class=\"yiv7883823575MsoNormal\">\u2022 DNI terminados en 8 y 9: 26 de septiembre<\/p>\n<p class=\"yiv7883823575MsoNormal\">\n","protected":false},"excerpt":{"rendered":"<p>INFORMACI\u00d3N IMPORTANTE.<\/p>\n","protected":false},"author":3,"featured_media":26512,"comment_status":"open","ping_status":"open","sticky":false,"template":"","format":"standard","meta":{"footnotes":"","jetpack_publicize_message":"","jetpack_publicize_feature_enabled":true,"jetpack_social_post_already_shared":true,"jetpack_social_options":{"image_generator_settings":{"template":"highway","default_image_id":0,"font":"","enabled":false},"version":2}},"categories":[81],"tags":[21,142,2866],"class_list":["post-26508","post","type-post","status-publish","format-standard","has-post-thumbnail","hentry","category-anses","tag-anses","tag-pagos","tag-septiembre"],"jetpack_publicize_connections":[],"jetpack_featured_media_url":"https:\/\/revistaepocadigital.com.ar\/wp-content\/uploads\/2024\/09\/ANSE.jpg","jetpack_likes_enabled":true,"_links":{"self":[{"href":"https:\/\/revistaepocadigital.com.ar\/index.php?rest_route=\/wp\/v2\/posts\/26508","targetHints":{"allow":["GET"]}}],"collection":[{"href":"https:\/\/revistaepocadigital.com.ar\/index.php?rest_route=\/wp\/v2\/posts"}],"about":[{"href":"https:\/\/revistaepocadigital.com.ar\/index.php?rest_route=\/wp\/v2\/types\/post"}],"author":[{"embeddable":true,"href":"https:\/\/revistaepocadigital.com.ar\/index.php?rest_route=\/wp\/v2\/users\/3"}],"replies":[{"embeddable":true,"href":"https:\/\/revistaepocadigital.com.ar\/index.php?rest_route=%2Fwp%2Fv2%2Fcomments&post=26508"}],"version-history":[{"count":0,"href":"https:\/\/revistaepocadigital.com.ar\/index.php?rest_route=\/wp\/v2\/posts\/26508\/revisions"}],"wp:featuredmedia":[{"embeddable":true,"href":"https:\/\/revistaepocadigital.com.ar\/index.php?rest_route=\/wp\/v2\/media\/26512"}],"wp:attachment":[{"href":"https:\/\/revistaepocadigital.com.ar\/index.php?rest_route=%2Fwp%2Fv2%2Fmedia&parent=26508"}],"wp:term":[{"taxonomy":"category","embeddable":true,"href":"https:\/\/revistaepocadigital.com.ar\/index.php?rest_route=%2Fwp%2Fv2%2Fcategories&post=26508"},{"taxonomy":"post_tag","embeddable":true,"href":"https:\/\/revistaepocadigital.com.ar\/index.php?rest_route=%2Fwp%2Fv2%2Ftags&post=26508"}],"curies":[{"name":"wp","href":"https:\/\/api.w.org\/{rel}","templated":true}]}}