{"id":26519,"date":"2024-09-07T00:06:40","date_gmt":"2024-09-07T03:06:40","guid":{"rendered":"https:\/\/revistaepocadigital.com.ar\/?p=26519"},"modified":"2024-09-07T00:06:40","modified_gmt":"2024-09-07T03:06:40","slug":"como-es-el-proyecto-de-ley-rigi-para-las-pymes-que-reclama-la-union-industrial","status":"publish","type":"post","link":"https:\/\/revistaepocadigital.com.ar\/?p=26519","title":{"rendered":"C\u00f3mo es el proyecto de \u00abLey RIGI\u00bb para las pymes que reclama la Uni\u00f3n Industrial"},"content":{"rendered":"<p><strong>LAS PYMES, ESENCIALES.<\/strong><!--more--><\/p>\n<p>Durante la visita de Javier Milei a la Uni\u00f3n Industrial en la conmemoraci\u00f3n del D\u00eda de la Industria, el titular de la UIA, Daniel Funes de Rioja, pidi\u00f3 el \u201curgente tratamiento\u201d del proyecto de ley para inversiones destinadas a las peque\u00f1as y medianas empresas. Se trata de un proyecto de norma que fue elaborado por la central fabril y fue presentada ante el Gobierno, con la expectativa de que sea enviada al Parlamento como la \u00abley RIGI de las pymes\u00bb.<\/p>\n<p>Seg\u00fan datos de la central fabril, desde comienzos de a\u00f1o, el 54% de las PyMEs registr\u00f3 una baja en la producci\u00f3n y la ca\u00edda de las ventas afect\u00f3 principalmente a los rubros de confecciones, cuero y calzado, metales comunes, minerales no met\u00e1licos y papel, cart\u00f3n y madera. El 24% de las peque\u00f1as y medianas industrias disminuy\u00f3 el plantel o redujo los turnos y m\u00e1s de la mitad sufri\u00f3 atrasos en la cadena de pagos.<\/p>\n<p>El proyecto de ley consta de siete puntos, que incluyen una simplificaci\u00f3n tributaria (Cuenta \u00danica Tributaria) para facilitar la aplicaci\u00f3n de saldos a favor de otros impuestos y agilizar las devoluciones.<\/p>\n<p>Los industriales tambi\u00e9n piden que se excluya a las MiPyMEs de los reg\u00edmenes de recaudaci\u00f3n (retenci\u00f3n y percepci\u00f3n IVA y IIGG) y que haya una al\u00edcuota \u00fanica de Ganancias del 25% para el universo MiPyME. El proyecto contempla, adem\u00e1s, la posibilidad de tomar Impuestos a los D\u00e9bitos y Cr\u00e9ditos a cuenta de todos los impuestos (incluyendo IVA y Seg. Social, no s\u00f3lo IIG) y solicita estabilidad fiscal para las peque\u00f1as y medianas industrias.<\/p>\n<p>En su segundo punto, el proyecto solicita la creaci\u00f3n de un r\u00e9gimen de incentivo a la inversi\u00f3n.<\/p>\n<p>Fuente: Clar\u00edn<\/p>\n","protected":false},"excerpt":{"rendered":"<p>LAS PYMES, ESENCIALES.<\/p>\n","protected":false},"author":3,"featured_media":26522,"comment_status":"open","ping_status":"open","sticky":false,"template":"","format":"standard","meta":{"footnotes":"","jetpack_publicize_message":"","jetpack_publicize_feature_enabled":true,"jetpack_social_post_already_shared":true,"jetpack_social_options":{"image_generator_settings":{"template":"highway","default_image_id":0,"font":"","enabled":false},"version":2}},"categories":[13],"tags":[2868,1179],"class_list":["post-26519","post","type-post","status-publish","format-standard","has-post-thumbnail","hentry","category-interes-general","tag-ley-rigi","tag-pymes"],"jetpack_publicize_connections":[],"jetpack_featured_media_url":"https:\/\/revistaepocadigital.com.ar\/wp-content\/uploads\/2024\/09\/PYM.jpg","jetpack_likes_enabled":true,"_links":{"self":[{"href":"https:\/\/revistaepocadigital.com.ar\/index.php?rest_route=\/wp\/v2\/posts\/26519","targetHints":{"allow":["GET"]}}],"collection":[{"href":"https:\/\/revistaepocadigital.com.ar\/index.php?rest_route=\/wp\/v2\/posts"}],"about":[{"href":"https:\/\/revistaepocadigital.com.ar\/index.php?rest_route=\/wp\/v2\/types\/post"}],"author":[{"embeddable":true,"href":"https:\/\/revistaepocadigital.com.ar\/index.php?rest_route=\/wp\/v2\/users\/3"}],"replies":[{"embeddable":true,"href":"https:\/\/revistaepocadigital.com.ar\/index.php?rest_route=%2Fwp%2Fv2%2Fcomments&post=26519"}],"version-history":[{"count":0,"href":"https:\/\/revistaepocadigital.com.ar\/index.php?rest_route=\/wp\/v2\/posts\/26519\/revisions"}],"wp:featuredmedia":[{"embeddable":true,"href":"https:\/\/revistaepocadigital.com.ar\/index.php?rest_route=\/wp\/v2\/media\/26522"}],"wp:attachment":[{"href":"https:\/\/revistaepocadigital.com.ar\/index.php?rest_route=%2Fwp%2Fv2%2Fmedia&parent=26519"}],"wp:term":[{"taxonomy":"category","embeddable":true,"href":"https:\/\/revistaepocadigital.com.ar\/index.php?rest_route=%2Fwp%2Fv2%2Fcategories&post=26519"},{"taxonomy":"post_tag","embeddable":true,"href":"https:\/\/revistaepocadigital.com.ar\/index.php?rest_route=%2Fwp%2Fv2%2Ftags&post=26519"}],"curies":[{"name":"wp","href":"https:\/\/api.w.org\/{rel}","templated":true}]}}