{"id":26545,"date":"2024-09-08T04:09:32","date_gmt":"2024-09-08T07:09:32","guid":{"rendered":"https:\/\/revistaepocadigital.com.ar\/?p=26545"},"modified":"2024-09-08T20:55:27","modified_gmt":"2024-09-08T23:55:27","slug":"hoy-domingo-8-de-septiembre-corte-de-luz-6-a11-horas-en-capilla-del-seno","status":"publish","type":"post","link":"https:\/\/revistaepocadigital.com.ar\/?p=26545","title":{"rendered":"UN CORTE DE LUZ PROGRAMADO EN CAPILLA DEL SE\u00d1OR QUE FASTIDI\u00d3 A MUCHOS VECINOS"},"content":{"rendered":"<h3><strong>i<\/strong>nformaci\u00f2n importante. LA INTERRUPCI\u00d2N DEL SERVICIO DE ENERG\u00ccA EL\u00c9CTRICA POR PARTE DE EDEN.<\/h3>\n<p><!--more--><\/p>\n<h3><\/h3>\n<h3><strong><em>SE ANUNCI\u00d3:<\/em> <\/strong><\/h3>\n<h3><strong>8 DE SEPTIEMBRE. CORTE DE LUZ 6 A11 HORAS EN CAPILLA DEL SE\u00d1OR POR TAREAS DEE MANTENIMIENTO Y MEJORAS.<\/strong><\/h3>\n<h3><\/h3>\n<h3><strong><em>LO QUE OCURRI\u00d3:<\/em><\/strong><\/h3>\n<h3><strong> LA INTERRUPCI\u00d2N DEL SERVICIO EN ALGUNOS SECTORES DE\u00a0 LA CIUDAD, FINALIZ\u00d3 EN EL LAPSO DADO A CONOCER. EN OTROS, SE EXTENDI\u00d2 HASTA 7 HORAS MAS, CON INTERVALOS EN QUE EL SERVICIO VOLV\u00ccA Y SE INTERRUMP\u00cdA INSTANTES DESPU\u00c9S, PROVOCANDO PERJUICIOS Y MALESTAR EN LOS VECINOS.<\/strong><\/h3>\n<p style=\"text-align: center;\">&#8212;&#8212;&#8212;&#8212;&#8212;&#8212;&#8212;&#8211;<\/p>\n<p>Desde el \u00e1rea de prensa de EDEN, dieron a conocer el siguiente\u00a0 comunicado<\/p>\n<p><em>En algunas zonas se extendio el corte programado de hoy y todav\u00eda estamos trabajando para reponer el servicio.<\/em><\/p>\n<p><em>Informamos a los vecinos de Capilla del Se\u00f1or que nuestro personal se encuentra trabajando para restablecer el servicio a la mayor brevedad posible, en las zonas que se vieron afectadas por el corte efectuado durante el d\u00eda de hoy para realizar trabajos de mantenimiento en la red.<\/em><\/p>\n<p><em>Lamentamos la extensi\u00f3n del corte, y pedimos disculpas por las molestias ocasionadas.<\/em><\/p>\n<p style=\"text-align: center;\"><strong>&#8212;&#8212;&#8212;&#8212;&#8212;&#8212;&#8212;&#8211;<\/strong><\/p>\n<p>Las razones que originaron la extensi\u00f2n desmedida de la interrupci\u00f2n del servicio de energ\u00eca el\u00e8ctrica, no hab\u00ecan sido dadas a conocer. Al parecer se originaron complicaciones en la colocaci\u00f2n de un nuevo generador, y luego fallas en unos fusibles.<\/p>\n<p>Se descarta que la empresa para encarar trabajos que se suponen, de envergadura, planifica tareas y dispone de los medios t\u00e8cnicos para concretarlas en tiempo y forma. Sin embargo, el domingo 8 de septiembre, algo no sali\u00f3 como se hab\u00eda previsto y la gente padeci\u00f2 los inconvenientes.<\/p>\n<p>&nbsp;<\/p>\n","protected":false},"excerpt":{"rendered":"<p>informaci\u00f2n importante. LA INTERRUPCI\u00d2N DEL SERVICIO DE ENERG\u00ccA EL\u00c9CTRICA POR PARTE DE EDEN.<\/p>\n","protected":false},"author":3,"featured_media":26546,"comment_status":"open","ping_status":"open","sticky":false,"template":"","format":"standard","meta":{"footnotes":"","jetpack_publicize_message":"","jetpack_publicize_feature_enabled":true,"jetpack_social_post_already_shared":true,"jetpack_social_options":{"image_generator_settings":{"template":"highway","default_image_id":0,"font":"","enabled":false},"version":2}},"categories":[13],"tags":[1795],"class_list":["post-26545","post","type-post","status-publish","format-standard","has-post-thumbnail","hentry","category-interes-general","tag-corte-luz"],"jetpack_publicize_connections":[],"jetpack_featured_media_url":"https:\/\/revistaepocadigital.com.ar\/wp-content\/uploads\/2024\/09\/luz.jpg","jetpack_likes_enabled":true,"_links":{"self":[{"href":"https:\/\/revistaepocadigital.com.ar\/index.php?rest_route=\/wp\/v2\/posts\/26545","targetHints":{"allow":["GET"]}}],"collection":[{"href":"https:\/\/revistaepocadigital.com.ar\/index.php?rest_route=\/wp\/v2\/posts"}],"about":[{"href":"https:\/\/revistaepocadigital.com.ar\/index.php?rest_route=\/wp\/v2\/types\/post"}],"author":[{"embeddable":true,"href":"https:\/\/revistaepocadigital.com.ar\/index.php?rest_route=\/wp\/v2\/users\/3"}],"replies":[{"embeddable":true,"href":"https:\/\/revistaepocadigital.com.ar\/index.php?rest_route=%2Fwp%2Fv2%2Fcomments&post=26545"}],"version-history":[{"count":0,"href":"https:\/\/revistaepocadigital.com.ar\/index.php?rest_route=\/wp\/v2\/posts\/26545\/revisions"}],"wp:featuredmedia":[{"embeddable":true,"href":"https:\/\/revistaepocadigital.com.ar\/index.php?rest_route=\/wp\/v2\/media\/26546"}],"wp:attachment":[{"href":"https:\/\/revistaepocadigital.com.ar\/index.php?rest_route=%2Fwp%2Fv2%2Fmedia&parent=26545"}],"wp:term":[{"taxonomy":"category","embeddable":true,"href":"https:\/\/revistaepocadigital.com.ar\/index.php?rest_route=%2Fwp%2Fv2%2Fcategories&post=26545"},{"taxonomy":"post_tag","embeddable":true,"href":"https:\/\/revistaepocadigital.com.ar\/index.php?rest_route=%2Fwp%2Fv2%2Ftags&post=26545"}],"curies":[{"name":"wp","href":"https:\/\/api.w.org\/{rel}","templated":true}]}}