{"id":2656,"date":"2019-06-19T16:02:29","date_gmt":"2019-06-19T19:02:29","guid":{"rendered":"https:\/\/revistaepocadigital.com.ar\/?p=2656"},"modified":"2019-06-19T16:02:29","modified_gmt":"2019-06-19T19:02:29","slug":"lo-que-ha-dejado-la-muerte-de-beatriz-salomon","status":"publish","type":"post","link":"https:\/\/revistaepocadigital.com.ar\/?p=2656","title":{"rendered":"LO QUE HA DEJADO LA MUERTE DE BEATRIZ SALOM\u00d3N"},"content":{"rendered":"<div class=\"y_15hheo24np a_15hhen-ywi clearfix\">\n<div class=\"clearfix t_15hheo23km\">\n<div class=\"clearfix _42ef\">\n<div class=\"i_15hheo23kp\">\n<div>\n<div class=\"_6a _5u5j\">\n<div class=\"_6a _5u5j _6b\">\n<div id=\"feed_subtitle_46;100000571212915;2726424664053214;2726424664053214;1560804828:3710896899438242432:5:0\" class=\"_5pcp _5lel _2jyu _232_\" data-testid=\"story-subtitle\"><strong><span class=\"j_15hheo3mxg\">ADEMAS DE DOLOR, LA MUERTE DE BEATRIZ SALOM\u00d3N REITER\u00d3 EL DEBATE SOBRE LA VIDA PRIVADA. SANDRA LITARDO, ABOGADA DE CAPILLA DEL SE\u00d1OR DEJ\u00d3 SU IMPRESION.<!--more--><\/span><\/strong><\/div>\n<div data-testid=\"story-subtitle\"><\/div>\n<div class=\"_5pcp _5lel _2jyu _232_\" data-testid=\"story-subtitle\"><span class=\"_6spk\" role=\"presentation\" aria-hidden=\"true\">Y lo hizo en su facebook personal. Lee.<\/span><\/div>\n<div data-testid=\"story-subtitle\"><\/div>\n<div class=\"_5pcp _5lel _2jyu _232_\" data-testid=\"story-subtitle\"><em><span class=\"_6spk\" role=\"presentation\" aria-hidden=\"true\">&#8220;<\/span>Miraba con mucha tristeza la muerte de la Sra. Beatriz Salomon, y ello me llev\u00f3 a pensar el da\u00f1o que le causaron los medios de comunicaci\u00f3n por tener una prensa amarillista que les diera rating, sin pensar si esa exposici\u00f3n p\u00fablica su ser lo podr\u00eda soportar, y como se ve no fue as\u00ed, ese dolor la llev\u00f3 a enfermarse hasta morir.<\/em><\/div>\n<\/div>\n<\/div>\n<\/div>\n<\/div>\n<\/div>\n<\/div>\n<\/div>\n<div id=\"js_1y5\" class=\"_5pbx userContent _3ds9 _3576\" data-testid=\"post_message\" data-ft=\"{&quot;tn&quot;:&quot;K&quot;}\">\n<div id=\"id_5d0a82980f6069356886383\" class=\"text_exposed_root text_exposed\">\n<figure id=\"attachment_2660\" aria-describedby=\"caption-attachment-2660\" style=\"width: 160px\" class=\"wp-caption aligncenter\"><img loading=\"lazy\" decoding=\"async\" class=\"size-full wp-image-2660\" src=\"https:\/\/revistaepocadigital.com.ar\/wp-content\/uploads\/2019\/06\/LITA.jpg\" alt=\"\" width=\"160\" height=\"160\" srcset=\"https:\/\/revistaepocadigital.com.ar\/wp-content\/uploads\/2019\/06\/LITA.jpg 160w, https:\/\/revistaepocadigital.com.ar\/wp-content\/uploads\/2019\/06\/LITA-150x150.jpg 150w\" sizes=\"auto, (max-width: 160px) 100vw, 160px\" \/><figcaption id=\"caption-attachment-2660\" class=\"wp-caption-text\">De Capilla del Se\u00f1or, Sandra Litardo, abogada<\/figcaption><\/figure>\n<p><em>Esto lo vinculo al da\u00f1o que pueden hacer muchas personas, cuando exponen a otro ser humano a trav\u00e9s de las redes sociales, y a aquellos que se engancha<span class=\"text_exposed_show\">n y contin\u00faan con la agresi\u00f3n, el desprestigio. Ello, sin saber que tanto puede afectar a esa persona dentro suyo.<\/span><\/em><\/p>\n<p><em><span class=\"text_exposed_show\"> Si existen juzgados \u00bfporque hacerlo a trav\u00e9s de una red social?, tiraste la piedra, dejaste a alguien escrachado y por ah\u00ed sin tener raz\u00f3n o derecho, y jact\u00e1ndose de tener varios &#8220;me gusta&#8221;. Tendr\u00edamos que recapacitar para no convertirnos en el asesino emocional de un vecino. CUIDADO!, si esto contin\u00faa, un d\u00eda la rueda va a girar y por el mismo medio te lo van a hacer a vos&#8221;.<\/span><\/em><\/p>\n<\/div>\n<\/div>\n","protected":false},"excerpt":{"rendered":"<p>ADEMAS DE DOLOR, LA MUERTE DE BEATRIZ SALOM\u00d3N REITER\u00d3 EL DEBATE SOBRE LA VIDA PRIVADA. SANDRA LITARDO, ABOGADA DE CAPILLA DEL SE\u00d1OR DEJ\u00d3 SU IMPRESION.<\/p>\n","protected":false},"author":3,"featured_media":2659,"comment_status":"open","ping_status":"open","sticky":false,"template":"","format":"standard","meta":{"footnotes":"","jetpack_publicize_message":"","jetpack_publicize_feature_enabled":true,"jetpack_social_post_already_shared":false,"jetpack_social_options":{"image_generator_settings":{"template":"highway","default_image_id":0,"font":"","enabled":false},"version":2}},"categories":[14],"tags":[37,291],"class_list":["post-2656","post","type-post","status-publish","format-standard","has-post-thumbnail","hentry","category-la-gente","tag-destacada","tag-la-gente"],"jetpack_publicize_connections":[],"jetpack_featured_media_url":"https:\/\/revistaepocadigital.com.ar\/wp-content\/uploads\/2019\/06\/t_535236e034cd43daa89b054923c409be_name_beatriz_salomon_1.jpg","jetpack_likes_enabled":true,"_links":{"self":[{"href":"https:\/\/revistaepocadigital.com.ar\/index.php?rest_route=\/wp\/v2\/posts\/2656","targetHints":{"allow":["GET"]}}],"collection":[{"href":"https:\/\/revistaepocadigital.com.ar\/index.php?rest_route=\/wp\/v2\/posts"}],"about":[{"href":"https:\/\/revistaepocadigital.com.ar\/index.php?rest_route=\/wp\/v2\/types\/post"}],"author":[{"embeddable":true,"href":"https:\/\/revistaepocadigital.com.ar\/index.php?rest_route=\/wp\/v2\/users\/3"}],"replies":[{"embeddable":true,"href":"https:\/\/revistaepocadigital.com.ar\/index.php?rest_route=%2Fwp%2Fv2%2Fcomments&post=2656"}],"version-history":[{"count":0,"href":"https:\/\/revistaepocadigital.com.ar\/index.php?rest_route=\/wp\/v2\/posts\/2656\/revisions"}],"wp:featuredmedia":[{"embeddable":true,"href":"https:\/\/revistaepocadigital.com.ar\/index.php?rest_route=\/wp\/v2\/media\/2659"}],"wp:attachment":[{"href":"https:\/\/revistaepocadigital.com.ar\/index.php?rest_route=%2Fwp%2Fv2%2Fmedia&parent=2656"}],"wp:term":[{"taxonomy":"category","embeddable":true,"href":"https:\/\/revistaepocadigital.com.ar\/index.php?rest_route=%2Fwp%2Fv2%2Fcategories&post=2656"},{"taxonomy":"post_tag","embeddable":true,"href":"https:\/\/revistaepocadigital.com.ar\/index.php?rest_route=%2Fwp%2Fv2%2Ftags&post=2656"}],"curies":[{"name":"wp","href":"https:\/\/api.w.org\/{rel}","templated":true}]}}