{"id":26569,"date":"2024-09-30T00:43:12","date_gmt":"2024-09-30T03:43:12","guid":{"rendered":"https:\/\/revistaepocadigital.com.ar\/?p=26569"},"modified":"2024-09-30T23:58:04","modified_gmt":"2024-10-01T02:58:04","slug":"pre-inscripcion-para-carreras-2025-en-el-complejo-universitario","status":"publish","type":"post","link":"https:\/\/revistaepocadigital.com.ar\/?p=26569","title":{"rendered":"PRE INSCRIPCI\u00d3N PARA CARRERAS 2025 EN EL COMPLEJO UNIVERSITARIO"},"content":{"rendered":"<div class=\"xdj266r x11i5rnm xat24cr x1mh8g0r x1vvkbs x126k92a\">\n<div dir=\"auto\"><strong>EL COMPLEJO UNIVERSITARIO DE CAPILLA DEL SE\u00d1OR.<\/strong><\/div>\n<div dir=\"auto\"><\/div>\n<\/div>\n<p><!--more--><\/p>\n<div class=\"x11i5rnm xat24cr x1mh8g0r x1vvkbs xtlvy1s x126k92a\">\n<div dir=\"auto\">Ya se encuentra abierta la pre inscripci\u00f3n a las carreras que se dictar\u00e1n durante el 2025 en el Complejo Universitario de Capilla del Se\u00f1or.<\/div>\n<div dir=\"auto\"><\/div>\n<\/div>\n<div class=\"x11i5rnm xat24cr x1mh8g0r x1vvkbs xtlvy1s x126k92a\">\n<div dir=\"auto\">Seg\u00fan se inform\u00f3, esas carreras ser\u00e1n Enfermer\u00eda Universitaria, Licenciatura en Higiene y Seguridad en el Trabajo (Ciclo de complementaci\u00f3n curricular), Tecnicatura Universitaria en Administraci\u00f3n y Gesti\u00f3n, Tecnicatura Universitaria en Acompa\u00f1amiento Terap\u00e9utico y Licenciatura en Gesti\u00f3n Educativa.<\/div>\n<div dir=\"auto\"><\/div>\n<\/div>\n<div class=\"x11i5rnm xat24cr x1mh8g0r x1vvkbs xtlvy1s x126k92a\">\n<div dir=\"auto\">La inscripci\u00f3n debe realizarse a trav\u00e9s del link <span class=\"html-span xdj266r x11i5rnm xat24cr x1mh8g0r xexx8yu x4uap5 x18d9i69 xkhd6sd x1hl2dhg x16tdsg8 x1vvkbs\"><a class=\"x1i10hfl xjbqb8w x1ejq31n xd10rxx x1sy0etr x17r0tee x972fbf xcfux6l x1qhh985 xm0m39n x9f619 x1ypdohk xt0psk2 xe8uvvx xdj266r x11i5rnm xat24cr x1mh8g0r xexx8yu x4uap5 x18d9i69 xkhd6sd x16tdsg8 x1hl2dhg xggy1nq x1a2a7pz x1sur9pj xkrqix3 x1fey0fg x1s688f\" tabindex=\"0\" role=\"link\" href=\"https:\/\/taplink.cc\/complejouniversitario?fbclid=IwZXh0bgNhZW0CMTAAAR32Svmrltr7LuW9_zimmLxCYAdD7mkkBjiWumjfmCBvKvvx6Dl30P4ADqU_aem_a4m2wtRXy1ocDt6zAmV2qA\" target=\"_blank\" rel=\"nofollow noopener noreferrer\">https:\/\/taplink.cc\/complejouniversitario<\/a><\/span> aunque para recabar dudas, los interesados pueden acercarse al Complejo Universitario (San Mart\u00edn 1015, Capilla del Se\u00f1or) de lunes a viernes de 17 a 20.30 o a la direcci\u00f3n de Educaci\u00f3n (Rivadavia 506, Capilla del Se\u00f1or), de lunes a viernes de 8 a 14. Adem\u00e1s se pueden enviar mensajes de WhatsApp al 11-2-363-5027.<\/div>\n<\/div>\n<div dir=\"auto\"><\/div>\n<div dir=\"auto\"><\/div>\n<div dir=\"auto\"><img loading=\"lazy\" decoding=\"async\" class=\"aligncenter size-full wp-image-26570\" src=\"https:\/\/revistaepocadigital.com.ar\/wp-content\/uploads\/2024\/09\/888.jpg\" alt=\"\" width=\"526\" height=\"526\" srcset=\"https:\/\/revistaepocadigital.com.ar\/wp-content\/uploads\/2024\/09\/888.jpg 526w, https:\/\/revistaepocadigital.com.ar\/wp-content\/uploads\/2024\/09\/888-300x300.jpg 300w, https:\/\/revistaepocadigital.com.ar\/wp-content\/uploads\/2024\/09\/888-150x150.jpg 150w, https:\/\/revistaepocadigital.com.ar\/wp-content\/uploads\/2024\/09\/888-420x420.jpg 420w\" sizes=\"auto, (max-width: 526px) 100vw, 526px\" \/><\/div>\n<div dir=\"auto\"><\/div>\n","protected":false},"excerpt":{"rendered":"<p>EL COMPLEJO UNIVERSITARIO DE CAPILLA DEL SE\u00d1OR.<\/p>\n","protected":false},"author":4,"featured_media":26570,"comment_status":"open","ping_status":"open","sticky":false,"template":"","format":"standard","meta":{"footnotes":"","jetpack_publicize_message":"","jetpack_publicize_feature_enabled":true,"jetpack_social_post_already_shared":true,"jetpack_social_options":{"image_generator_settings":{"template":"highway","default_image_id":0,"font":"","enabled":false},"version":2}},"categories":[6],"tags":[2870,1376],"class_list":["post-26569","post","type-post","status-publish","format-standard","has-post-thumbnail","hentry","category-barrios","tag-carreras-2025","tag-complejo-universitario"],"jetpack_publicize_connections":[],"jetpack_featured_media_url":"https:\/\/revistaepocadigital.com.ar\/wp-content\/uploads\/2024\/09\/888.jpg","jetpack_likes_enabled":true,"_links":{"self":[{"href":"https:\/\/revistaepocadigital.com.ar\/index.php?rest_route=\/wp\/v2\/posts\/26569","targetHints":{"allow":["GET"]}}],"collection":[{"href":"https:\/\/revistaepocadigital.com.ar\/index.php?rest_route=\/wp\/v2\/posts"}],"about":[{"href":"https:\/\/revistaepocadigital.com.ar\/index.php?rest_route=\/wp\/v2\/types\/post"}],"author":[{"embeddable":true,"href":"https:\/\/revistaepocadigital.com.ar\/index.php?rest_route=\/wp\/v2\/users\/4"}],"replies":[{"embeddable":true,"href":"https:\/\/revistaepocadigital.com.ar\/index.php?rest_route=%2Fwp%2Fv2%2Fcomments&post=26569"}],"version-history":[{"count":0,"href":"https:\/\/revistaepocadigital.com.ar\/index.php?rest_route=\/wp\/v2\/posts\/26569\/revisions"}],"wp:featuredmedia":[{"embeddable":true,"href":"https:\/\/revistaepocadigital.com.ar\/index.php?rest_route=\/wp\/v2\/media\/26570"}],"wp:attachment":[{"href":"https:\/\/revistaepocadigital.com.ar\/index.php?rest_route=%2Fwp%2Fv2%2Fmedia&parent=26569"}],"wp:term":[{"taxonomy":"category","embeddable":true,"href":"https:\/\/revistaepocadigital.com.ar\/index.php?rest_route=%2Fwp%2Fv2%2Fcategories&post=26569"},{"taxonomy":"post_tag","embeddable":true,"href":"https:\/\/revistaepocadigital.com.ar\/index.php?rest_route=%2Fwp%2Fv2%2Ftags&post=26569"}],"curies":[{"name":"wp","href":"https:\/\/api.w.org\/{rel}","templated":true}]}}